{"id":14714,"date":"2013-09-01T18:10:50","date_gmt":"2013-09-01T15:10:50","guid":{"rendered":"https:\/\/www.enerjigazetesi.ist\/?p=14714"},"modified":"2013-09-01T18:11:13","modified_gmt":"2013-09-01T15:11:13","slug":"romanya-terkedilen-nabucco-projesi-icin-abden-tazminat-istiyor","status":"publish","type":"post","link":"https:\/\/www.enerjigazetesi.ist\/en\/romanya-terkedilen-nabucco-projesi-icin-abden-tazminat-istiyor\/","title":{"rendered":"(Turkish) Romanya Terkedilen Nabucco Projesi \u0130\u00e7in AB\u2019den Tazminat \u0130stiyor&#8230;"},"content":{"rendered":"<p class=\"qtranxs-available-languages-message qtranxs-available-languages-message-en\">Sorry, this entry is only available in <a href=\"https:\/\/www.enerjigazetesi.ist\/tr\/wp-json\/wp\/v2\/posts\/14714\" class=\"qtranxs-available-language-link qtranxs-available-language-link-tr\" title=\"Turkish\">Turkish<\/a>. For the sake of viewer convenience, the content is shown below in the alternative language. You may click the link to switch the active language.<\/p><p><strong>Romanya Ba\u015fbakan\u0131 Trayan Ba\u015fesku, Avrupa Birli\u011fi\u2019nden, Romanya topraklar\u0131ndan ge\u00e7ip Avusturya\u2019ya ula\u015fmas\u0131 plan\u0131 iptal edilen Azeri do\u011fal gaz\u0131n\u0131 ta\u015f\u0131yacak boru hatt\u0131 projesi Nabucco\u2019dan do\u011facak kay\u0131plar\u0131n\u0131n telafi edilmesini istedi.<\/strong><\/p>\n<p>Romanya bas\u0131n\u0131nda yeralan haberlere g\u00f6re, Ba\u015fesku, \u201cRomanya, Nabucco\u2019nun iptal edilmesinden dolay\u0131 kay\u0131plar\u0131n\u0131n telafi edilmesi gerekti\u011fine inan\u0131yor\u201d dedi. Projeler masaya yat\u0131r\u0131ld\u0131\u011f\u0131nda Romanya\u2019n\u0131n hi\u00e7 \u00e7ekinmeden oyunu Nabucco\u2019dan yana kulland\u0131\u011f\u0131n\u0131n alt\u0131n\u0131 \u00e7izen Basescu, \u00f6n\u00fcm\u00fczdeki 10 y\u0131l boyunca Nabucco projesinin planlar\u0131n\u0131n masaya bile getirilmeyece\u011finden emin.<a href=\"https:\/\/www.enerjigazetesi.ist\/wp-content\/uploads\/2013\/09\/romanya-terkedilen-nabucco-projesi-icin-abden-tazminat-istedi.jpg\"><img loading=\"lazy\" class=\"alignleft size-medium wp-image-14715\" title=\"romanya-terkedilen-nabucco-projesi-icin-abden-tazminat-istedi\" src=\"https:\/\/www.enerjigazetesi.ist\/wp-content\/uploads\/2013\/09\/romanya-terkedilen-nabucco-projesi-icin-abden-tazminat-istedi-300x202.jpg\" alt=\"\" width=\"300\" height=\"202\" srcset=\"https:\/\/www.enerjigazetesi.ist\/wp-content\/uploads\/2013\/09\/romanya-terkedilen-nabucco-projesi-icin-abden-tazminat-istedi-300x202.jpg 300w, https:\/\/www.enerjigazetesi.ist\/wp-content\/uploads\/2013\/09\/romanya-terkedilen-nabucco-projesi-icin-abden-tazminat-istedi-74x50.jpg 74w, https:\/\/www.enerjigazetesi.ist\/wp-content\/uploads\/2013\/09\/romanya-terkedilen-nabucco-projesi-icin-abden-tazminat-istedi.jpg 444w\" sizes=\"(max-width: 300px) 100vw, 300px\" \/><\/a><\/p>\n<p>Romanya Ba\u015fbakan\u0131 Trayan Ba\u015fesku, Romen diplomatlardan Avrupa Birli\u011fi \u00fclkelerin ba\u015fkentlerinde ilgili muhataplar\u0131na Romanya\u2019n\u0131n Nabucco\u2019nun terkedilmesinden do\u011fan kay\u0131plar\u0131 i\u00e7in bir telafi program\u0131 ya da bir \u00e7e\u015fit tazminat plan\u0131 \u00e7\u0131kar\u0131lmas\u0131n\u0131n gerekliliklerini anlatt\u0131racak. Ba\u015fesku\u2019ya g\u00f6re Romanya, kuzey ve g\u00fcney ak\u0131m projeleri aras\u0131nda se\u00e7im yap\u0131l\u0131rken, oyunu Kuzey Ak\u0131mdan yana kullanan tek \u00fclke konumunda bulunuyor. Kuzey Ak\u0131m, Azeri gaz\u0131n\u0131 Avrupa\u2019ya Karadeniz\u2019in kuzeyinden ta\u015f\u0131may\u0131, G\u00fcney Ak\u0131m ise T\u00fcrkiye\u2019nin de bulundu\u011fu g\u00fcneyden ge\u00e7en rotay\u0131 temsil ediyor.<\/p>\n<p>Trayan Ba\u015fesku\u2019nun Avrupa Birli\u011fi\u2019ne Nabucco tazminat\u0131 konusunda bast\u0131rmas\u0131n\u0131n arkas\u0131nda da bu tercih yat\u0131yor. Zira Azeri gaz\u0131n\u0131 Avrupa\u2019ya hangi yoldan ta\u015f\u0131nmas\u0131 \u00fczerine planlar yap\u0131l\u0131rken olu\u015fturulan \u00fclkeler koalisyonunda \u00f6zellikle Rus Gazprom\u2019un bask\u0131lar\u0131 sonucunda baz\u0131 \u00fclkeler \u00e7ekimser kalarak oylar\u0131n\u0131 belli etmemi\u015fti. Romanya, Azeri gaz\u0131n\u0131n TAP boru hatt\u0131 ile T\u00fcrkiye, Yunanistan ve Arnavutluk \u00fczerinden \u0130talya ve bat\u0131 Avrupa\u2019ya ta\u015f\u0131nmas\u0131ndan \u00f6t\u00fcr\u00fc, \u00fclkesinden boru hatt\u0131 ge\u00e7meyece\u011fi i\u00e7in herhangi bir \u00e7\u0131kar sa\u011flayamayacak.<\/p>\n<p>Kaynak: <a href=\"http:\/\/enerjigunlugu.net\/romanya-terkedilen-nabucco-projesi-icin-abden-tazm_4720.html\" target=\"_blank\">Enerji G\u00fcnl\u00fc\u011f\u00fc<\/a><\/p>","protected":false},"excerpt":{"rendered":"<p>Sorry, this entry is only available in Turkish. For the sake of viewer convenience, the content is shown below in the alternative language. You may click the link to switch the active language.Romanya Ba\u015fbakan\u0131 Trayan Ba\u015fesku, Avrupa Birli\u011fi\u2019nden, Romanya topraklar\u0131ndan ge\u00e7ip Avusturya\u2019ya ula\u015fmas\u0131 plan\u0131 iptal edilen Azeri do\u011fal gaz\u0131n\u0131 ta\u015f\u0131yacak boru hatt\u0131 projesi Nabucco\u2019dan do\u011facak [&hellip;]<\/p>\n","protected":false},"author":1,"featured_media":14715,"comment_status":"open","ping_status":"open","sticky":false,"template":"","format":"standard","meta":[],"categories":[46,53],"tags":[2132,8125,3307,92,226,63,67,1009,165,8130,1282,8129,6665,8036,8127,8126,8128],"views":880,"_links":{"self":[{"href":"https:\/\/www.enerjigazetesi.ist\/en\/wp-json\/wp\/v2\/posts\/14714"}],"collection":[{"href":"https:\/\/www.enerjigazetesi.ist\/en\/wp-json\/wp\/v2\/posts"}],"about":[{"href":"https:\/\/www.enerjigazetesi.ist\/en\/wp-json\/wp\/v2\/types\/post"}],"author":[{"embeddable":true,"href":"https:\/\/www.enerjigazetesi.ist\/en\/wp-json\/wp\/v2\/users\/1"}],"replies":[{"embeddable":true,"href":"https:\/\/www.enerjigazetesi.ist\/en\/wp-json\/wp\/v2\/comments?post=14714"}],"version-history":[{"count":2,"href":"https:\/\/www.enerjigazetesi.ist\/en\/wp-json\/wp\/v2\/posts\/14714\/revisions"}],"predecessor-version":[{"id":14717,"href":"https:\/\/www.enerjigazetesi.ist\/en\/wp-json\/wp\/v2\/posts\/14714\/revisions\/14717"}],"wp:featuredmedia":[{"embeddable":true,"href":"https:\/\/www.enerjigazetesi.ist\/en\/wp-json\/wp\/v2\/media\/14715"}],"wp:attachment":[{"href":"https:\/\/www.enerjigazetesi.ist\/en\/wp-json\/wp\/v2\/media?parent=14714"}],"wp:term":[{"taxonomy":"category","embeddable":true,"href":"https:\/\/www.enerjigazetesi.ist\/en\/wp-json\/wp\/v2\/categories?post=14714"},{"taxonomy":"post_tag","embeddable":true,"href":"https:\/\/www.enerjigazetesi.ist\/en\/wp-json\/wp\/v2\/tags?post=14714"}],"curies":[{"name":"wp","href":"https:\/\/api.w.org\/{rel}","templated":true}]}}