{"id":147119,"date":"2021-12-06T11:55:05","date_gmt":"2021-12-06T08:55:05","guid":{"rendered":"https:\/\/www.enerjigazetesi.ist\/?p=147119"},"modified":"2021-12-06T11:55:05","modified_gmt":"2021-12-06T08:55:05","slug":"otizmli-cocuklar-yararina-bu-yil-14uncu-alisveris-festivali-duzenlendi","status":"publish","type":"post","link":"https:\/\/www.enerjigazetesi.ist\/en\/otizmli-cocuklar-yararina-bu-yil-14uncu-alisveris-festivali-duzenlendi\/","title":{"rendered":"(Turkish) &#8217;Otizmli \u00c7ocuklar Yarar\u0131na&#8217; Bu Y\u0131l 14&#8217;\u00fcnc\u00fc Al\u0131\u015fveri\u015f Festivali D\u00fczenlendi"},"content":{"rendered":"<p class=\"qtranxs-available-languages-message qtranxs-available-languages-message-en\">Sorry, this entry is only available in <a href=\"https:\/\/www.enerjigazetesi.ist\/tr\/wp-json\/wp\/v2\/posts\/147119\" class=\"qtranxs-available-language-link qtranxs-available-language-link-tr\" title=\"Turkish\">Turkish<\/a>. For the sake of viewer convenience, the content is shown below in the alternative language. You may click the link to switch the active language.<\/p><p><\/p>\n<h2><strong>Otizmli bireylerin yarar\u0131na her y\u0131l geleneksel olarak d\u00fczenlenen ve b\u00fcy\u00fck ilgi g\u00f6ren al\u0131\u015fveri\u015f \u015fenli\u011fi, bu y\u0131l g\u00fc\u00e7lerini Le Bedesten\u2019le birle\u015ftirdi. \u201cTohum Otizm Vakf\u0131 x Le Bedesten Y\u0131lba\u015f\u0131 Al\u0131\u015fveri\u015f \u015eenli\u011fi\u201d 01 &#8211; 02 &#8211; 03 Aral\u0131k 2021 tarihlerinde Mandarin Oriental Bosphorus, \u0130stanbul\u2019da yo\u011fun kat\u0131l\u0131mla ger\u00e7ekle\u015fti.<\/strong><\/h2>\n<p><strong>Tohum Otizm Vakf\u0131<\/strong>\u2019n\u0131n otizmli bireyler yarar\u0131na yapt\u0131\u011f\u0131 \u00e7al\u0131\u015fmalar\u0131 <strong>desteklemek, tan\u0131tmak, fark\u0131ndal\u0131k<\/strong> ve <strong>kaynak yaratmak<\/strong> amac\u0131yla<strong> gelenekselle\u015fen al\u0131\u015fveri\u015f \u015fenli\u011fi<\/strong>, bu y\u0131l g\u00fc\u00e7lerini <img loading=\"lazy\" class=\"alignright wp-image-147121\" src=\"https:\/\/www.enerjigazetesi.ist\/wp-content\/uploads\/2021\/12\/otizmli-cocuklar-yararina-bu-yil-14uncu-alisveris-festivali-duzenlendi-2.jpg\" alt=\"\" width=\"320\" height=\"226\" srcset=\"https:\/\/www.enerjigazetesi.ist\/wp-content\/uploads\/2021\/12\/otizmli-cocuklar-yararina-bu-yil-14uncu-alisveris-festivali-duzenlendi-2.jpg 489w, https:\/\/www.enerjigazetesi.ist\/wp-content\/uploads\/2021\/12\/otizmli-cocuklar-yararina-bu-yil-14uncu-alisveris-festivali-duzenlendi-2-300x212.jpg 300w, https:\/\/www.enerjigazetesi.ist\/wp-content\/uploads\/2021\/12\/otizmli-cocuklar-yararina-bu-yil-14uncu-alisveris-festivali-duzenlendi-2-71x50.jpg 71w\" sizes=\"(max-width: 320px) 100vw, 320px\" \/>online al\u0131\u015fveri\u015f sitesi <strong>Le Bedesten<\/strong> ile birle\u015ftirdi. Otizmli bireylerin yarar\u0131na bu y\u0131l <strong>14. defa<\/strong> d\u00fczenlenen ve b\u00fcy\u00fck ilgi g\u00f6ren <strong>Tohum Otizm Vakf\u0131 x Le Bedesten Y\u0131lba\u015f\u0131 Al\u0131\u015fveri\u015f \u015eenli\u011fi<\/strong>; <strong>01, 02, 03 Aral\u0131k\u2019ta<\/strong> \u0130stanbul\u2019un en yeni ve en pop\u00fcler oteli Mandarin Oriental Bosphorus, Istanbul\u2019da, ziyaret\u00e7ilerin yo\u011fun ilgisiyle ger\u00e7ekle\u015fti. <strong>3 g\u00fcn s\u00fcren<\/strong> \u015fenlikte, <strong>Tohum Otizm Vakf\u0131<\/strong>\u2019n\u0131n projelerine ve e\u011fitim bursuna ihtiya\u00e7 duyan <strong>otizmli \u00e7ocuklara aktar\u0131lmak<\/strong> \u00fczere, <strong>etkinlik giri\u015flerinden, kat\u0131l\u0131mc\u0131 firmalardan<\/strong> ve<strong> \u00e7ekili\u015f bilet \u00fccretleri arac\u0131l\u0131\u011f\u0131 ile<\/strong> yard\u0131m topland\u0131.<\/p>\n<h3><strong>100\u2019\u00fc a\u015fk\u0131n se\u00e7kin marka festivalde bulu\u015ftu<\/strong><\/h3>\n<p>Tohum Otizm Vakf\u0131 x Le Bedesten Y\u0131lba\u015f\u0131 Al\u0131\u015fveri\u015f \u015eenli\u011fi; <strong>tak\u0131, giyim, dekorasyon, ev tekstil, m\u00fccevher, kozmetik, aksesuar <\/strong>ve<strong> antika<\/strong> gibi \u00e7e\u015fitli pek \u00e7ok konuda se\u00e7kin ve \u00f6zel markan\u0131n \u00fcr\u00fcnlerini ziyaret\u00e7iler ile bulu\u015fturdu.\u00a0Bir\u00e7ok tan\u0131nm\u0131\u015f markay\u0131 sosyal sorumluluk bilinci ile bir araya getiren <strong>\u201cTohum Otizm Vakf\u0131 x Le Bedesten Y\u0131lba\u015f\u0131 Al\u0131\u015fveri\u015f \u015eenli\u011fi\u201d<\/strong>ne ziyaret\u00e7iler, yo\u011fun ilgi g\u00f6sterdi.\u00a0\u00dc\u00e7 g\u00fcn s\u00fcren ve y\u0131lba\u015f\u0131 \u00f6ncesi l\u00fcks al\u0131\u015fveri\u015fin yeni destinasyonu olan <strong>Le Bedesten<\/strong>\u2019in markalar\u0131n\u0131n da yer ald\u0131\u011f\u0131 <strong>al\u0131\u015fveri\u015f \u015fenli\u011fi<\/strong>nde sevdikleri i\u00e7in hediyeler al\u0131rken, ayn\u0131 zamanda <strong>otizmli \u00e7ocuklar\u0131n e\u011fitimi<\/strong>ne katk\u0131da bulundu.<\/p>\n<h3><strong>Birbirinden \u00f6zel cazip hediye \u00e7ekili\u015fle sahiplerini buldu<\/strong><\/h3>\n<p>Kat\u0131l\u0131mc\u0131lar\u0131n hem al\u0131\u015fveri\u015f yapt\u0131klar\u0131 hem de bu al\u0131\u015fveri\u015fle <strong>otizmli \u00e7ocuklar\u0131n e\u011fitimi<\/strong>ne katk\u0131da bulunduklar\u0131 <strong>Tohum Otizm Vakf\u0131 x Le Bedesten Y\u0131lba\u015f\u0131 Al\u0131\u015fveri\u015f \u015eenli\u011fi<\/strong>\u2019nde bu y\u0131l <strong>14\u2019nc\u00fc<\/strong> y\u0131la <strong>\u00f6zel hediye \u00e7ekili\u015fi<\/strong> yap\u0131ld\u0131. <strong>Tohum Otizm Vakf\u0131<\/strong>\u2019n\u0131n k\u00fc\u00e7\u00fck g\u00f6n\u00fcll\u00fcleri taraf\u0131ndan ger\u00e7ekle\u015ftirilen \u00e7ekili\u015fte bilet alan \u015fansl\u0131 misafirlerden 9 ki\u015fi; A<strong>li Elmac\u0131 tablo, Ferruh Karaka\u015fl\u0131 tablo, Vivamayr Avusturya Maria W\u00f6rth<\/strong> veya <strong>Altaussee Sa\u011fl\u0131k Kamp\u0131<\/strong>\u2019nda konaklama, <strong>Mandarin Oriental Bodrum\u2019da konaklama, S\u0131rmasa<\/strong>\u2019dan <strong>12 ki\u015filik<\/strong> davet masas\u0131, <strong>Siren Ertan<\/strong> Istanbul Haute Couture elbise, <strong>Merve G\u00fcrsel<\/strong>\u2019den dekoratif obje, Luxuria\u2019dan<strong> 10.000 TL<\/strong> de\u011ferinde hediye \u00e7eki ve <strong>Tiffany&amp;Co.<\/strong>\u2019dan <strong>10.000 TL<\/strong> de\u011ferinde hediye \u00e7eki kazand\u0131.<\/p>","protected":false},"excerpt":{"rendered":"<p>Sorry, this entry is only available in Turkish. For the sake of viewer convenience, the content is shown below in the alternative language. You may click the link to switch the active language. Otizmli bireylerin yarar\u0131na her y\u0131l geleneksel olarak d\u00fczenlenen ve b\u00fcy\u00fck ilgi g\u00f6ren al\u0131\u015fveri\u015f \u015fenli\u011fi, bu y\u0131l g\u00fc\u00e7lerini Le Bedesten\u2019le birle\u015ftirdi. \u201cTohum Otizm [&hellip;]<\/p>\n","protected":false},"author":1,"featured_media":147122,"comment_status":"open","ping_status":"open","sticky":false,"template":"","format":"standard","meta":[],"categories":[53],"tags":[99119,1967,99120,99121,56506,51310],"views":110,"_links":{"self":[{"href":"https:\/\/www.enerjigazetesi.ist\/en\/wp-json\/wp\/v2\/posts\/147119"}],"collection":[{"href":"https:\/\/www.enerjigazetesi.ist\/en\/wp-json\/wp\/v2\/posts"}],"about":[{"href":"https:\/\/www.enerjigazetesi.ist\/en\/wp-json\/wp\/v2\/types\/post"}],"author":[{"embeddable":true,"href":"https:\/\/www.enerjigazetesi.ist\/en\/wp-json\/wp\/v2\/users\/1"}],"replies":[{"embeddable":true,"href":"https:\/\/www.enerjigazetesi.ist\/en\/wp-json\/wp\/v2\/comments?post=147119"}],"version-history":[{"count":0,"href":"https:\/\/www.enerjigazetesi.ist\/en\/wp-json\/wp\/v2\/posts\/147119\/revisions"}],"wp:featuredmedia":[{"embeddable":true,"href":"https:\/\/www.enerjigazetesi.ist\/en\/wp-json\/wp\/v2\/media\/147122"}],"wp:attachment":[{"href":"https:\/\/www.enerjigazetesi.ist\/en\/wp-json\/wp\/v2\/media?parent=147119"}],"wp:term":[{"taxonomy":"category","embeddable":true,"href":"https:\/\/www.enerjigazetesi.ist\/en\/wp-json\/wp\/v2\/categories?post=147119"},{"taxonomy":"post_tag","embeddable":true,"href":"https:\/\/www.enerjigazetesi.ist\/en\/wp-json\/wp\/v2\/tags?post=147119"}],"curies":[{"name":"wp","href":"https:\/\/api.w.org\/{rel}","templated":true}]}}