{"id":147111,"date":"2021-12-06T10:54:23","date_gmt":"2021-12-06T07:54:23","guid":{"rendered":"https:\/\/www.enerjigazetesi.ist\/?p=147111"},"modified":"2021-12-06T10:54:23","modified_gmt":"2021-12-06T07:54:23","slug":"turkiye-de-de-dusuk-enerjili-pasif-evler-yayginlastirilmali","status":"publish","type":"post","link":"https:\/\/www.enerjigazetesi.ist\/en\/turkiye-de-de-dusuk-enerjili-pasif-evler-yayginlastirilmali\/","title":{"rendered":"(Turkish) T\u00fcrkiye&#8217;de de D\u00fc\u015f\u00fck Enerjili Pasif Evler Yayg\u0131nla\u015ft\u0131r\u0131lmal\u0131"},"content":{"rendered":"<p class=\"qtranxs-available-languages-message qtranxs-available-languages-message-en\">Sorry, this entry is only available in <a href=\"https:\/\/www.enerjigazetesi.ist\/tr\/wp-json\/wp\/v2\/posts\/147111\" class=\"qtranxs-available-language-link qtranxs-available-language-link-tr\" title=\"Turkish\">Turkish<\/a>. For the sake of viewer convenience, the content is shown below in the alternative language. You may click the link to switch the active language.<\/p><p><\/p>\n<h2><strong>En d\u00fc\u015f\u00fck enerjiyle en y\u00fcksek konforu elde etmek i\u00e7in 1990\u2019l\u0131 y\u0131llarda Almanya\u2019da ortaya at\u0131lan Pasif Ev konsepti T\u00fcrkiye\u2019de de ilk \u00f6rneklerini g\u00f6stermeye ba\u015flad\u0131.<\/strong><\/h2>\n<p><strong>Enerji fiyatlar\u0131n\u0131n<\/strong> giderek <strong>art\u0131\u015f g\u00f6sterdi\u011fi<\/strong> bir d\u00f6nemde, <strong>en d\u00fc\u015f\u00fck enerjiyle<\/strong> en y\u00fcksek <strong>konforu<\/strong> <img loading=\"lazy\" class=\"alignright wp-image-147115\" src=\"https:\/\/www.enerjigazetesi.ist\/wp-content\/uploads\/2021\/12\/turkiye-de-de-dusuk-enerjili-pasif-evler-yayginlastirilmali-2.jpg\" alt=\"\" width=\"320\" height=\"199\" srcset=\"https:\/\/www.enerjigazetesi.ist\/wp-content\/uploads\/2021\/12\/turkiye-de-de-dusuk-enerjili-pasif-evler-yayginlastirilmali-2.jpg 550w, https:\/\/www.enerjigazetesi.ist\/wp-content\/uploads\/2021\/12\/turkiye-de-de-dusuk-enerjili-pasif-evler-yayginlastirilmali-2-300x187.jpg 300w, https:\/\/www.enerjigazetesi.ist\/wp-content\/uploads\/2021\/12\/turkiye-de-de-dusuk-enerjili-pasif-evler-yayginlastirilmali-2-500x311.jpg 500w, https:\/\/www.enerjigazetesi.ist\/wp-content\/uploads\/2021\/12\/turkiye-de-de-dusuk-enerjili-pasif-evler-yayginlastirilmali-2-80x50.jpg 80w\" sizes=\"(max-width: 320px) 100vw, 320px\" \/>ve tasarrufu sa\u011flamay\u0131 hedefleyen <strong>Pasif Ev<\/strong> konsepti, <strong>S\u0131f\u0131r Enerji ve Pasif Ev Derne\u011fi<\/strong> <strong>(SEPEV)<\/strong> taraf\u0131ndan verilen e\u011fitimlerle T\u00fcrkiye\u2019de yayg\u0131nla\u015ft\u0131r\u0131lmaya \u00e7al\u0131\u015f\u0131yor.<\/p>\n<p>Pasif ev kavram\u0131, bir <strong>binadaki enerji verimlili\u011fi<\/strong> i\u00e7in binan\u0131n<strong> karbon ayak izini azaltan<\/strong> g\u00f6n\u00fcll\u00fc bir standartt\u0131r. <strong>\u0130klimlendirme<\/strong> i\u00e7in \u00e7ok az enerji gerektiren <strong>\u2018ultra d\u00fc\u015f\u00fck enerjili\u2019 <\/strong>binalar tasarlamay\u0131 hedefleyen <strong>pasif ev konsepti yaln\u0131zca konut m\u00fclkleriyle s\u0131n\u0131rl\u0131 de\u011fildir.<\/strong> Almanya\u2019daki bir\u00e7ok \u00f6rnekte <strong>ofis binalar\u0131, okullar, b\u00fcy\u00fck yap\u0131lar da<\/strong> pasif ev standard\u0131na g\u00f6re in\u015fa edilebilir.<\/p>\n<h3><strong>Pasif Evler Gelece\u011fin De\u011fil Bug\u00fcn\u00fcn \u0130htiyac\u0131d\u0131r<\/strong><\/h3>\n<p><strong>K\u00fcresel Is\u0131nma<\/strong>\u2019n\u0131n tetikledi\u011fi <strong>\u0130klim De\u011fi\u015fikli\u011fi<\/strong>\u2019nin g\u00fcn\u00fcm\u00fcz\u00fcn \u00f6nemli bir ger\u00e7e\u011fi oldu\u011funu vurgulayan <em>\u00dc\u00e7ay Grup \u0130cra Kurulu \u00dcyesi<\/em> <strong>\u0130lgin Eray<\/strong>, <em>\u201c<strong>Birle\u015fmi\u015f Milletler \u0130klim Konferans\u0131<\/strong>\u2019nda da vurguland\u0131\u011f\u0131 \u00fczere<strong> karbon ayak izimizi<\/strong> belirlenen s\u0131n\u0131rlar\u0131n alt\u0131na d\u00fc\u015f\u00fcremezsek, <strong>1,5 santigrat derecelik<\/strong> art\u0131\u015f\u0131n \u00f6n\u00fcne ge\u00e7emeyece\u011fiz. <strong>\u0130klim De\u011fi\u015fikli\u011fi<\/strong> beraberinde <strong>do\u011fa felaketlerinin<\/strong> ve<strong> kurakl\u0131\u011f\u0131n<\/strong> tetikledi\u011fi g\u0131da krizini getirecek. Bug\u00fcn <strong>karbon ayak izimizi<\/strong> kabul edilebilir s\u0131n\u0131rlar\u0131n alt\u0131na \u00e7ekmezsek, gelecekte ya\u015fanabilir alanlar k\u0131s\u0131tlanacak\u201d<\/em> diye konu\u015ftu.<\/p>\n<h3><strong>\u201cY\u00dcKSEK ENERJ\u0130 VER\u0130ML\u0130L\u0130\u011e\u0130 B\u00dcY\u00dcK ORANDA TASARRUF GET\u0130R\u0130YOR\u201d <\/strong><\/h3>\n<p>T\u00fcrkiye\u2019de <strong>in\u015fa edilen yap\u0131lar\u0131n<\/strong> \u00f6nemli bir \u00e7o\u011funlu\u011fu <strong>enerji verimlili\u011fi<\/strong> d\u00fc\u015f\u00fcn\u00fclmeden, <strong>yal\u0131t\u0131ms\u0131z<\/strong> ve <strong>verimsiz<\/strong> \u015fekilde tasarlanm\u0131\u015ft\u0131r. Ya\u015fam alanlar\u0131m\u0131z\u0131 <strong>iklimlendirmek i\u00e7in<\/strong> \u00e7ok<strong> daha az enerji harcayabilecekken<\/strong>, daha b\u00fcy\u00fck rakamlar \u00f6demeyi g\u00f6ze alarak <strong>\u0131s\u0131t\u0131lamayan<\/strong> ya da <strong>so\u011futulamayan yap\u0131larda<\/strong> ya\u015f\u0131yoruz. <strong>Pasif ev<\/strong> asl\u0131nda <strong>T\u00fcrkiye\u2019nin<\/strong> tam da ihtiyac\u0131 olan bir konsepttir.<\/p>","protected":false},"excerpt":{"rendered":"<p>Sorry, this entry is only available in Turkish. For the sake of viewer convenience, the content is shown below in the alternative language. You may click the link to switch the active language. En d\u00fc\u015f\u00fck enerjiyle en y\u00fcksek konforu elde etmek i\u00e7in 1990\u2019l\u0131 y\u0131llarda Almanya\u2019da ortaya at\u0131lan Pasif Ev konsepti T\u00fcrkiye\u2019de de ilk \u00f6rneklerini g\u00f6stermeye [&hellip;]<\/p>\n","protected":false},"author":1,"featured_media":147117,"comment_status":"open","ping_status":"open","sticky":false,"template":"","format":"standard","meta":[],"categories":[53,52],"tags":[929,6850,26559,37486,4633,99118,793],"views":290,"_links":{"self":[{"href":"https:\/\/www.enerjigazetesi.ist\/en\/wp-json\/wp\/v2\/posts\/147111"}],"collection":[{"href":"https:\/\/www.enerjigazetesi.ist\/en\/wp-json\/wp\/v2\/posts"}],"about":[{"href":"https:\/\/www.enerjigazetesi.ist\/en\/wp-json\/wp\/v2\/types\/post"}],"author":[{"embeddable":true,"href":"https:\/\/www.enerjigazetesi.ist\/en\/wp-json\/wp\/v2\/users\/1"}],"replies":[{"embeddable":true,"href":"https:\/\/www.enerjigazetesi.ist\/en\/wp-json\/wp\/v2\/comments?post=147111"}],"version-history":[{"count":0,"href":"https:\/\/www.enerjigazetesi.ist\/en\/wp-json\/wp\/v2\/posts\/147111\/revisions"}],"wp:featuredmedia":[{"embeddable":true,"href":"https:\/\/www.enerjigazetesi.ist\/en\/wp-json\/wp\/v2\/media\/147117"}],"wp:attachment":[{"href":"https:\/\/www.enerjigazetesi.ist\/en\/wp-json\/wp\/v2\/media?parent=147111"}],"wp:term":[{"taxonomy":"category","embeddable":true,"href":"https:\/\/www.enerjigazetesi.ist\/en\/wp-json\/wp\/v2\/categories?post=147111"},{"taxonomy":"post_tag","embeddable":true,"href":"https:\/\/www.enerjigazetesi.ist\/en\/wp-json\/wp\/v2\/tags?post=147111"}],"curies":[{"name":"wp","href":"https:\/\/api.w.org\/{rel}","templated":true}]}}