{"id":147106,"date":"2021-12-06T10:21:51","date_gmt":"2021-12-06T07:21:51","guid":{"rendered":"https:\/\/www.enerjigazetesi.ist\/?p=147106"},"modified":"2021-12-06T10:28:55","modified_gmt":"2021-12-06T07:28:55","slug":"izocam-in-tasarruf-saglayan-yalitim-urunleri-yurtdisinda-da-tercih-ediliyor","status":"publish","type":"post","link":"https:\/\/www.enerjigazetesi.ist\/en\/izocam-in-tasarruf-saglayan-yalitim-urunleri-yurtdisinda-da-tercih-ediliyor\/","title":{"rendered":"(Turkish) \u0130zocam&#8217;\u0131n Tasarruf Sa\u011flayan Yal\u0131t\u0131m \u00dcr\u00fcnleri Yurtd\u0131\u015f\u0131nda da Tercih Ediliyor&#8230;"},"content":{"rendered":"<p class=\"qtranxs-available-languages-message qtranxs-available-languages-message-en\">Sorry, this entry is only available in <a href=\"https:\/\/www.enerjigazetesi.ist\/tr\/wp-json\/wp\/v2\/posts\/147106\" class=\"qtranxs-available-language-link qtranxs-available-language-link-tr\" title=\"Turkish\">Turkish<\/a>. For the sake of viewer convenience, the content is shown below in the alternative language. You may click the link to switch the active language.<\/p><p><\/p>\n<h2>T\u00fcrkiye\u2019de yal\u0131t\u0131m sekt\u00f6r\u00fcne 56 y\u0131ld\u0131r liderlik eden \u0130zocam, sa\u011fl\u0131kl\u0131, g\u00fcvenli ve tasarruflu yal\u0131t\u0131m \u00fcr\u00fcnleriyle \u00fclkemizde oldu\u011fu gibi yurtd\u0131\u015f\u0131ndaki b\u00fcy\u00fck projelerde de tercih ediliyor. Son olarak Yunanistan\u2019da in\u015fa edilen Metro Cash&amp;Carry depolar\u0131n\u0131n projesinde biyo \u00e7\u00f6z\u00fcn\u00fcrl\u00fc\u011f\u00fc EUCEB ile belgeli, \u00e7evre dostu \u0130zocam Ta\u015fy\u00fcn\u00fc \u00fcr\u00fcnler kullan\u0131ld\u0131.<\/h2>\n<p>Yunanistan\u2019daki Metro Cash&amp;Carry Depolar\u0131n\u0131n in\u015fas\u0131nda toplam <strong>12.500 metrekarelik<\/strong> alan i\u00e7in<img loading=\"lazy\" class=\"alignright wp-image-147108\" src=\"https:\/\/www.enerjigazetesi.ist\/wp-content\/uploads\/2021\/12\/izocam-in-tasarruf-saglayan-yalitim-urunleri-yurtdisinda-da-tercih-ediliyor-1.jpg\" alt=\"\" width=\"320\" height=\"240\" srcset=\"https:\/\/www.enerjigazetesi.ist\/wp-content\/uploads\/2021\/12\/izocam-in-tasarruf-saglayan-yalitim-urunleri-yurtdisinda-da-tercih-ediliyor-1.jpg 550w, https:\/\/www.enerjigazetesi.ist\/wp-content\/uploads\/2021\/12\/izocam-in-tasarruf-saglayan-yalitim-urunleri-yurtdisinda-da-tercih-ediliyor-1-300x225.jpg 300w, https:\/\/www.enerjigazetesi.ist\/wp-content\/uploads\/2021\/12\/izocam-in-tasarruf-saglayan-yalitim-urunleri-yurtdisinda-da-tercih-ediliyor-1-500x375.jpg 500w, https:\/\/www.enerjigazetesi.ist\/wp-content\/uploads\/2021\/12\/izocam-in-tasarruf-saglayan-yalitim-urunleri-yurtdisinda-da-tercih-ediliyor-1-67x50.jpg 67w\" sizes=\"(max-width: 320px) 100vw, 320px\" \/> <strong>\u0130zocam Ta\u015fy\u00fcn\u00fc Teras \u00c7at\u0131 Levhas\u0131<\/strong> tedarik edildi. Projeye \u00fcr\u00fcn tedariki, <strong>\u0130zocam<\/strong>&#8216;\u0131n <strong>Yunanistan<\/strong> bayisi<strong> ISOREN S.A.<\/strong> taraf\u0131ndan ger\u00e7ekle\u015ftirildi.<\/p>\n<p>Her \u00e7e\u015fit ve e\u011fimdeki y\u00fcr\u00fcnen veya y\u00fcr\u00fcnmeyen teras \u00e7at\u0131larda kullan\u0131lan <strong>\u0130zocam Ta\u015fy\u00fcn\u00fc Teras \u00c7at\u0131 Levhalar\u0131<\/strong>,<strong> su yal\u0131t\u0131m\u0131<\/strong>n\u0131n alt\u0131nda <strong>\u0131s\u0131, ses yal\u0131t\u0131m\u0131<\/strong> ve<strong> yang\u0131n g\u00fcvenli\u011fi<\/strong> sa\u011fl\u0131yor.<\/p>\n<p>T\u00fcrkiye\u2019nin ilk yal\u0131t\u0131m firmas\u0131 olarak gelecek nesiller i\u00e7in <strong>insan sa\u011fl\u0131\u011f\u0131n\u0131<\/strong> ve <strong>\u00e7evreyi koruma<\/strong> konusunda yal\u0131t\u0131m sekt\u00f6r\u00fcne liderlik eden \u0130zocam, \u00fclkemizdeki yasalar\u0131n zorunlu tutmamas\u0131na ra\u011fmen, yap\u0131m\u0131nda <strong>geri d\u00f6n\u00fc\u015f\u00fcml\u00fc malzemeler<\/strong> kullan\u0131lan, <strong>insan sa\u011fl\u0131\u011f\u0131na zarar vermedi\u011fi<\/strong> kan\u0131tlanm\u0131\u015f \u00fcr\u00fcnler \u00fcretmeye \u00f6zen g\u00f6steriyor. \u0130zocam, 13 y\u0131ld\u0131r <strong>Ta\u015fy\u00fcn\u00fc \u00fcr\u00fcnler<\/strong>de <strong>EUCEB sertifikas\u0131<\/strong> i\u00e7in yapt\u0131\u011f\u0131 s\u00fcrekli yat\u0131r\u0131mlarla<strong> Is\u0131 Yal\u0131t\u0131m Malzemesi \u00fcreticileri<\/strong> i\u00e7inde ilk olman\u0131n ve bu konuda sekt\u00f6re liderlik etmenin ayr\u0131cal\u0131\u011f\u0131n\u0131 ya\u015f\u0131yor. Sa\u011fl\u0131kl\u0131 ya\u015faman\u0131n her canl\u0131n\u0131n temel hakk\u0131 oldu\u011funa inanarak hareket eden \u0130zocam, EUCEB logosunu ambalajlar\u0131nda da g\u00f6r\u00fcn\u00fcr \u015fekilde vurgulamaya \u00f6zen g\u00f6steriyor. Sadece<strong> bio \u00fcr\u00fcn kategorisine<\/strong> verilen<strong> EUCEB belgesi<\/strong> ve bu belgenin ifade etti\u011fi <strong>bio-\u00e7\u00f6z\u00fcn\u00fcrl\u00fck<\/strong> \u00f6zelli\u011fi, <strong>\u0130zocam Ta\u015fy\u00fcn\u00fc<\/strong>\u2019n\u00fcn yenilenen ambalajlar\u0131nda da \u00f6n plana \u00e7\u0131k\u0131yor.<\/p>","protected":false},"excerpt":{"rendered":"<p>Sorry, this entry is only available in Turkish. For the sake of viewer convenience, the content is shown below in the alternative language. You may click the link to switch the active language. T\u00fcrkiye\u2019de yal\u0131t\u0131m sekt\u00f6r\u00fcne 56 y\u0131ld\u0131r liderlik eden \u0130zocam, sa\u011fl\u0131kl\u0131, g\u00fcvenli ve tasarruflu yal\u0131t\u0131m \u00fcr\u00fcnleriyle \u00fclkemizde oldu\u011fu gibi yurtd\u0131\u015f\u0131ndaki b\u00fcy\u00fck projelerde de tercih [&hellip;]<\/p>\n","protected":false},"author":1,"featured_media":147109,"comment_status":"open","ping_status":"open","sticky":false,"template":"","format":"standard","meta":[],"categories":[53,52],"tags":[99117,84332,84330,99116,84334,99114,380,99113,5118,99115,43365,52304,41081,255],"views":200,"_links":{"self":[{"href":"https:\/\/www.enerjigazetesi.ist\/en\/wp-json\/wp\/v2\/posts\/147106"}],"collection":[{"href":"https:\/\/www.enerjigazetesi.ist\/en\/wp-json\/wp\/v2\/posts"}],"about":[{"href":"https:\/\/www.enerjigazetesi.ist\/en\/wp-json\/wp\/v2\/types\/post"}],"author":[{"embeddable":true,"href":"https:\/\/www.enerjigazetesi.ist\/en\/wp-json\/wp\/v2\/users\/1"}],"replies":[{"embeddable":true,"href":"https:\/\/www.enerjigazetesi.ist\/en\/wp-json\/wp\/v2\/comments?post=147106"}],"version-history":[{"count":0,"href":"https:\/\/www.enerjigazetesi.ist\/en\/wp-json\/wp\/v2\/posts\/147106\/revisions"}],"wp:featuredmedia":[{"embeddable":true,"href":"https:\/\/www.enerjigazetesi.ist\/en\/wp-json\/wp\/v2\/media\/147109"}],"wp:attachment":[{"href":"https:\/\/www.enerjigazetesi.ist\/en\/wp-json\/wp\/v2\/media?parent=147106"}],"wp:term":[{"taxonomy":"category","embeddable":true,"href":"https:\/\/www.enerjigazetesi.ist\/en\/wp-json\/wp\/v2\/categories?post=147106"},{"taxonomy":"post_tag","embeddable":true,"href":"https:\/\/www.enerjigazetesi.ist\/en\/wp-json\/wp\/v2\/tags?post=147106"}],"curies":[{"name":"wp","href":"https:\/\/api.w.org\/{rel}","templated":true}]}}