{"id":147073,"date":"2021-12-05T21:00:37","date_gmt":"2021-12-05T18:00:37","guid":{"rendered":"https:\/\/www.enerjigazetesi.ist\/?p=147073"},"modified":"2021-12-05T21:00:58","modified_gmt":"2021-12-05T18:00:58","slug":"cigre-guneydogu-avrupa-bolge-konseyi-baskanligi-ni-turkiye-yurutecek","status":"publish","type":"post","link":"https:\/\/www.enerjigazetesi.ist\/en\/cigre-guneydogu-avrupa-bolge-konseyi-baskanligi-ni-turkiye-yurutecek\/","title":{"rendered":"(Turkish) &#8217;CIGRE G\u00fcneydo\u011fu Avrupa B\u00f6lge Konseyi Ba\u015fkanl\u0131\u011f\u0131&#8217;n\u0131 T\u00fcrkiye Y\u00fcr\u00fctecek"},"content":{"rendered":"<p class=\"qtranxs-available-languages-message qtranxs-available-languages-message-en\">Sorry, this entry is only available in <a href=\"https:\/\/www.enerjigazetesi.ist\/tr\/wp-json\/wp\/v2\/posts\/147073\" class=\"qtranxs-available-language-link qtranxs-available-language-link-tr\" title=\"Turkish\">Turkish<\/a>. For the sake of viewer convenience, the content is shown below in the alternative language. You may click the link to switch the active language.<\/p><p><\/p>\n<h2>Elektrik sekt\u00f6r\u00fcnde D\u00fcnya \u00e7ap\u0131nda uzmanlar\u0131 bulu\u015fturan, Uluslararas\u0131 B\u00fcy\u00fck Enerji Sistemleri Konseyi\u2019nin (CIGRE) G\u00fcneydo\u011fu Avrupa Konseyi&#8217;nin Ba\u015fkanl\u0131\u011f\u0131 ilk defa T\u00fcrkiye <img loading=\"lazy\" class=\"alignright wp-image-147076\" src=\"https:\/\/www.enerjigazetesi.ist\/wp-content\/uploads\/2021\/12\/cigre-guneydogu-avrupa-bolge-konseyi-baskanligi-ni-turkiye-yurutecek.jpg\" alt=\"\" width=\"320\" height=\"179\" srcset=\"https:\/\/www.enerjigazetesi.ist\/wp-content\/uploads\/2021\/12\/cigre-guneydogu-avrupa-bolge-konseyi-baskanligi-ni-turkiye-yurutecek.jpg 550w, https:\/\/www.enerjigazetesi.ist\/wp-content\/uploads\/2021\/12\/cigre-guneydogu-avrupa-bolge-konseyi-baskanligi-ni-turkiye-yurutecek-300x168.jpg 300w, https:\/\/www.enerjigazetesi.ist\/wp-content\/uploads\/2021\/12\/cigre-guneydogu-avrupa-bolge-konseyi-baskanligi-ni-turkiye-yurutecek-500x280.jpg 500w, https:\/\/www.enerjigazetesi.ist\/wp-content\/uploads\/2021\/12\/cigre-guneydogu-avrupa-bolge-konseyi-baskanligi-ni-turkiye-yurutecek-80x45.jpg 80w\" sizes=\"(max-width: 320px) 100vw, 320px\" \/>taraf\u0131ndan y\u00fcr\u00fct\u00fclecek.<\/h2>\n<p><strong>T\u00fcrkiye Elektrik Sanayi Birli\u011fi (TESAB<\/strong>) \u00e7at\u0131s\u0131 alt\u0131nda yer alan<strong> CIGRE T\u00fcrkiye Ulusal Komitesi<\/strong> taraf\u0131ndan devir al\u0131nan ba\u015fkanl\u0131k<strong> 2021-2023<\/strong> aras\u0131nda s\u00fcrecek olup T\u00fcrkiye\u2019yi <strong>Avrupa enerjisinde \u00f6nc\u00fc<\/strong> hale getirecek ba\u015fkanl\u0131k d\u00f6nemi <strong>Ekim 2023<\/strong>\u2019te son bulacak.<\/p>\n<p>T\u00fcrkiye, aralar\u0131nda <strong>\u0130talya, Avusturya<\/strong> ve <strong>Yunanistan<\/strong>\u2019\u0131n da bulundu\u011fu<strong> 17 \u00fcye \u00fclkeye<\/strong> ba\u015fkanl\u0131k yapacak. Elektrik enerjisi alan\u0131nda <strong>teknoloji, bilgi temelli i\u015f birli\u011fi<\/strong>ni ve <strong>\u00fclkeler aras\u0131 koordinasyonu<\/strong> hedefleyen <strong>CIGRE G\u00fcneydo\u011fu Avrupa B\u00f6lgesel Konseyi<\/strong>, T\u00fcrkiye ba\u015fkanl\u0131\u011f\u0131nda daha da geni\u015flemesi hedefleniyor.<\/p>","protected":false},"excerpt":{"rendered":"<p>Sorry, this entry is only available in Turkish. For the sake of viewer convenience, the content is shown below in the alternative language. You may click the link to switch the active language. Elektrik sekt\u00f6r\u00fcnde D\u00fcnya \u00e7ap\u0131nda uzmanlar\u0131 bulu\u015fturan, Uluslararas\u0131 B\u00fcy\u00fck Enerji Sistemleri Konseyi\u2019nin (CIGRE) G\u00fcneydo\u011fu Avrupa Konseyi&#8217;nin Ba\u015fkanl\u0131\u011f\u0131 ilk defa T\u00fcrkiye taraf\u0131ndan y\u00fcr\u00fct\u00fclecek. T\u00fcrkiye [&hellip;]<\/p>\n","protected":false},"author":1,"featured_media":147076,"comment_status":"open","ping_status":"open","sticky":false,"template":"","format":"standard","meta":[],"categories":[51,53],"tags":[99090,99086,99089,99088,3176,99087],"views":119,"_links":{"self":[{"href":"https:\/\/www.enerjigazetesi.ist\/en\/wp-json\/wp\/v2\/posts\/147073"}],"collection":[{"href":"https:\/\/www.enerjigazetesi.ist\/en\/wp-json\/wp\/v2\/posts"}],"about":[{"href":"https:\/\/www.enerjigazetesi.ist\/en\/wp-json\/wp\/v2\/types\/post"}],"author":[{"embeddable":true,"href":"https:\/\/www.enerjigazetesi.ist\/en\/wp-json\/wp\/v2\/users\/1"}],"replies":[{"embeddable":true,"href":"https:\/\/www.enerjigazetesi.ist\/en\/wp-json\/wp\/v2\/comments?post=147073"}],"version-history":[{"count":0,"href":"https:\/\/www.enerjigazetesi.ist\/en\/wp-json\/wp\/v2\/posts\/147073\/revisions"}],"wp:featuredmedia":[{"embeddable":true,"href":"https:\/\/www.enerjigazetesi.ist\/en\/wp-json\/wp\/v2\/media\/147076"}],"wp:attachment":[{"href":"https:\/\/www.enerjigazetesi.ist\/en\/wp-json\/wp\/v2\/media?parent=147073"}],"wp:term":[{"taxonomy":"category","embeddable":true,"href":"https:\/\/www.enerjigazetesi.ist\/en\/wp-json\/wp\/v2\/categories?post=147073"},{"taxonomy":"post_tag","embeddable":true,"href":"https:\/\/www.enerjigazetesi.ist\/en\/wp-json\/wp\/v2\/tags?post=147073"}],"curies":[{"name":"wp","href":"https:\/\/api.w.org\/{rel}","templated":true}]}}