{"id":147044,"date":"2021-12-04T21:54:24","date_gmt":"2021-12-04T18:54:24","guid":{"rendered":"https:\/\/www.enerjigazetesi.ist\/?p=147044"},"modified":"2021-12-04T21:55:29","modified_gmt":"2021-12-04T18:55:29","slug":"turkiye-nin-yesil-hidrojen-uretim-ve-ihracat-potansiyeli-raporu-aciklaniyor","status":"publish","type":"post","link":"https:\/\/www.enerjigazetesi.ist\/en\/turkiye-nin-yesil-hidrojen-uretim-ve-ihracat-potansiyeli-raporu-aciklaniyor\/","title":{"rendered":"(Turkish) \u2018Ye\u015fil Hidrojen \u00dcretim ve \u0130hracat Potansiyeli\u2019 Raporu A\u00e7\u0131klan\u0131yor"},"content":{"rendered":"<p class=\"qtranxs-available-languages-message qtranxs-available-languages-message-en\">Sorry, this entry is only available in <a href=\"https:\/\/www.enerjigazetesi.ist\/tr\/wp-json\/wp\/v2\/posts\/147044\" class=\"qtranxs-available-language-link qtranxs-available-language-link-tr\" title=\"Turkish\">Turkish<\/a>. For the sake of viewer convenience, the content is shown below in the alternative language. You may click the link to switch the active language.<\/p><p><\/p>\n<h2><strong>SHURA Enerji D\u00f6n\u00fc\u015f\u00fcm\u00fc Merkezi<\/strong>\u2019nin, Bilkent Enerji Politikalar\u0131 Ara\u015ft\u0131rma Merkezi ve Alman Enerji Ajans\u0131 (dena) i\u015f birli\u011fi ile haz\u0131rlanan <strong>\u2018T\u00fcrkiye\u2019nin Ye\u015fil Hidrojen \u00dcretim ve \u0130hracat Potansiyelinin\u00a0Teknik ve Ekonomik\u00a0A\u00e7\u0131dan De\u011ferlendirilmesi\u2019\u00a0<\/strong>raporu a\u00e7\u0131klan\u0131yor.<\/h2>\n<p><strong>07 Aral\u0131k Sal\u0131<\/strong> g\u00fcn\u00fc, saat<strong> 14:00-16:00<\/strong> aras\u0131nda ger\u00e7ekle\u015ftirilecek etkinli\u011fin a\u00e7\u0131l\u0131\u015f\u0131n\u0131 <strong>T\u00fcrk-Alman Enerji Forumu<\/strong>\u2019ndan <em>Alman Federal Ekonomi ve Teknoloji Bakanl\u0131\u011f\u0131 \u0130kili Enerji \u0130\u015fbirli\u011fi B\u00f6l\u00fcm\u00fc <img loading=\"lazy\" class=\"alignright wp-image-147048\" src=\"https:\/\/www.enerjigazetesi.ist\/wp-content\/uploads\/2021\/12\/turkiye-nin-yesil-hidrojen-uretim-ve-ihracat-potansiyeli-raporu-aciklaniyor.jpg\" alt=\"\" width=\"320\" height=\"200\" srcset=\"https:\/\/www.enerjigazetesi.ist\/wp-content\/uploads\/2021\/12\/turkiye-nin-yesil-hidrojen-uretim-ve-ihracat-potansiyeli-raporu-aciklaniyor.jpg 550w, https:\/\/www.enerjigazetesi.ist\/wp-content\/uploads\/2021\/12\/turkiye-nin-yesil-hidrojen-uretim-ve-ihracat-potansiyeli-raporu-aciklaniyor-300x188.jpg 300w, https:\/\/www.enerjigazetesi.ist\/wp-content\/uploads\/2021\/12\/turkiye-nin-yesil-hidrojen-uretim-ve-ihracat-potansiyeli-raporu-aciklaniyor-500x313.jpg 500w, https:\/\/www.enerjigazetesi.ist\/wp-content\/uploads\/2021\/12\/turkiye-nin-yesil-hidrojen-uretim-ve-ihracat-potansiyeli-raporu-aciklaniyor-80x50.jpg 80w\" sizes=\"(max-width: 320px) 100vw, 320px\" \/>Direkt\u00f6r Yard\u0131mc\u0131s\u0131 Beatrix Massig, Enerji ve Tabii Kaynaklar Bakanl\u0131\u011f\u0131 Enerji Politikalar\u0131 ve Teknoloji Dairesi Ba\u015fkan\u0131 Dr. Faz\u0131l Kaytez ve Alman Enerji Ajans\u0131 (dena) Enerji Sistemleri ve Enerji Hizmetleri B\u00f6l\u00fcm Ba\u015fkan\u0131 Hannes Seidl<\/em> yapacak.<\/p>\n<p><strong>SHURA Enerji D\u00f6n\u00fc\u015f\u00fcm\u00fc Merkezi Ara\u015ft\u0131rma Koordinat\u00f6r\u00fc Hasan Aksoy<\/strong>\u2019un sunaca\u011f\u0131 rapor, T\u00fcrkiye&#8217;nin<strong> 2050 y\u0131l\u0131na<\/strong> kadar <strong>hidrojen piyasas\u0131 geli\u015fim potansiyelini<\/strong> de\u011ferlendiriyor. T\u00fcrkiye\u2019de <strong>ye\u015fil hidrojen \u00fcretimine<\/strong> uygun b\u00f6lgelerin belirlenmesini hedefleyen \u00e7al\u0131\u015fma, <strong>orta\/uzun vadede<\/strong> <strong>ye\u015fil hidrojen<\/strong> ve <strong>t\u00fcrevlerinin \u00fcretim, yurt i\u00e7i kullan\u0131m<\/strong> ve <strong>ihracat potansiyellerinin<\/strong> anla\u015f\u0131lmas\u0131na katk\u0131 sa\u011fl\u0131yor.<\/p>\n<p><strong>Program<\/strong><\/p>\n<p><em>14:00 &#8211; 14:10<\/em>\u00a0<strong>A\u00e7\u0131l\u0131\u015f Konu\u015fmalar\u0131<\/strong><\/p>\n<p>T\u00fcrk-Alman Enerji Forumu 3.\u00a0\u00c7al\u0131\u015fma Grubu E\u015f Ba\u015fkanlar\u0131:<\/p>\n<p>&#8211; Beatrix Massig, Alman Federal Ekonomi ve Teknoloji Bakanl\u0131\u011f\u0131 \u0130kili Enerji \u0130\u015fbirli\u011fi B\u00f6l\u00fcm\u00fc Direkt\u00f6r Yard\u0131mc\u0131s\u0131<\/p>\n<p>&#8211; Faz\u0131l Kaytez, Enerji ve Tabii Kaynaklar Bakanl\u0131\u011f\u0131 Enerji Politikalar\u0131 ve Teknoloji Dairesi Ba\u015fkan\u0131<\/p>\n<p>&#8211; Hannes Seidl, dena Enerji Sistemleri ve Enerji Hizmetleri B\u00f6l\u00fcm Ba\u015fkan\u0131<\/p>\n<p><em>14:10 \u2013 14:50<\/em>\u00a0<strong>Rapor Sunumu<\/strong><\/p>\n<p><em>&#8211; <\/em>Hasan Aksoy, SHURA Enerji D\u00f6n\u00fc\u015f\u00fcm\u00fc Merkezi Ara\u015ft\u0131rma Koordinat\u00f6r\u00fc<\/p>\n<p><em>14:50 \u2013 15:30<\/em>\u00a0<strong>Yorumlar<\/strong><\/p>\n<p>Moderasyon: Kilian Crone, dena Hidrojen &amp; Enerji Yak\u0131tlar\u0131 Uluslararas\u0131 \u0130\u015fbirli\u011fi Ekip Lideri<\/p>\n<p>&#8211; Dr.<em>\u00a0<\/em>De\u011fer Sayg\u0131n, OECD Temiz Enerji Finansman\u0131 ve Yat\u0131r\u0131mlar\u0131 Program\u0131<\/p>\n<p>&#8211; Prof. Dr. \u0130skender G\u00f6kalp, ODT\u00dc<br \/>\n&#8211; Dr. Sohbet Karbuz, Direkt\u00f6r, Akdeniz \u00dclkeleri Enerji \u015eirketleri Birli\u011fi (OME), Hidrobonlar ve Enerji G\u00fcvenli\u011fi<\/p>\n<p>&#8211; Mehmet \u00d6\u011f\u00fct\u00e7\u00fc, CEO, Global Resources Partnership, Ba\u015fkan, London Energy Club<\/p>\n<p>&#8211; Mehmet \u015eerif Sar\u0131kaya, GAZB\u0130R-GAZMER Proje ve Uluslararas\u0131 \u0130li\u015fkiler M\u00fcd\u00fcr\u00fc<br \/>\n&#8211; Kim Lakeit, dena Uluslararas\u0131 Hidrojen Pazar\u0131 Geli\u015ftirme Uzman\u0131<\/p>\n<p><em>15:30 \u2013 15:55<\/em>\u00a0<strong>Soru-Cevap\u00a0<\/strong><\/p>\n<p><em>15:55 \u2013 16:00<\/em>\u00a0<strong>Kapan\u0131\u015f<\/strong><\/p>\n<p><strong>Tarih: <\/strong>07 Aral\u0131k 2021, Sal\u0131 &#8211;\u00a0<strong>Saat: <\/strong>14:00 \u2013 16:00<\/p>","protected":false},"excerpt":{"rendered":"<p>Sorry, this entry is only available in Turkish. For the sake of viewer convenience, the content is shown below in the alternative language. You may click the link to switch the active language. SHURA Enerji D\u00f6n\u00fc\u015f\u00fcm\u00fc Merkezi\u2019nin, Bilkent Enerji Politikalar\u0131 Ara\u015ft\u0131rma Merkezi ve Alman Enerji Ajans\u0131 (dena) i\u015f birli\u011fi ile haz\u0131rlanan \u2018T\u00fcrkiye\u2019nin Ye\u015fil Hidrojen \u00dcretim [&hellip;]<\/p>\n","protected":false},"author":1,"featured_media":147048,"comment_status":"open","ping_status":"open","sticky":false,"template":"","format":"standard","meta":[],"categories":[51,53],"tags":[9598,1221,37604,1296,99076,78619],"views":191,"_links":{"self":[{"href":"https:\/\/www.enerjigazetesi.ist\/en\/wp-json\/wp\/v2\/posts\/147044"}],"collection":[{"href":"https:\/\/www.enerjigazetesi.ist\/en\/wp-json\/wp\/v2\/posts"}],"about":[{"href":"https:\/\/www.enerjigazetesi.ist\/en\/wp-json\/wp\/v2\/types\/post"}],"author":[{"embeddable":true,"href":"https:\/\/www.enerjigazetesi.ist\/en\/wp-json\/wp\/v2\/users\/1"}],"replies":[{"embeddable":true,"href":"https:\/\/www.enerjigazetesi.ist\/en\/wp-json\/wp\/v2\/comments?post=147044"}],"version-history":[{"count":0,"href":"https:\/\/www.enerjigazetesi.ist\/en\/wp-json\/wp\/v2\/posts\/147044\/revisions"}],"wp:featuredmedia":[{"embeddable":true,"href":"https:\/\/www.enerjigazetesi.ist\/en\/wp-json\/wp\/v2\/media\/147048"}],"wp:attachment":[{"href":"https:\/\/www.enerjigazetesi.ist\/en\/wp-json\/wp\/v2\/media?parent=147044"}],"wp:term":[{"taxonomy":"category","embeddable":true,"href":"https:\/\/www.enerjigazetesi.ist\/en\/wp-json\/wp\/v2\/categories?post=147044"},{"taxonomy":"post_tag","embeddable":true,"href":"https:\/\/www.enerjigazetesi.ist\/en\/wp-json\/wp\/v2\/tags?post=147044"}],"curies":[{"name":"wp","href":"https:\/\/api.w.org\/{rel}","templated":true}]}}