{"id":147024,"date":"2021-12-04T20:50:28","date_gmt":"2021-12-04T17:50:28","guid":{"rendered":"https:\/\/www.enerjigazetesi.ist\/?p=147024"},"modified":"2021-12-04T20:50:28","modified_gmt":"2021-12-04T17:50:28","slug":"empati-enerjisi-sahaya-yansidi","status":"publish","type":"post","link":"https:\/\/www.enerjigazetesi.ist\/en\/empati-enerjisi-sahaya-yansidi\/","title":{"rendered":"(Turkish) Empati Enerjisi Sahaya Yans\u0131d\u0131!"},"content":{"rendered":"<p class=\"qtranxs-available-languages-message qtranxs-available-languages-message-en\">Sorry, this entry is only available in <a href=\"https:\/\/www.enerjigazetesi.ist\/tr\/wp-json\/wp\/v2\/posts\/147024\" class=\"qtranxs-available-language-link qtranxs-available-language-link-tr\" title=\"Turkish\">Turkish<\/a>. For the sake of viewer convenience, the content is shown below in the alternative language. You may click the link to switch the active language.<\/p><p><\/p>\n<h2><strong>Toplumun her kesiminde f\u0131rsat e\u015fitli\u011fi yaratmak i\u00e7in \u00e7al\u0131\u015fmalar ger\u00e7ekle\u015ftiren Limak Enerji Uluda\u011f Elektrik, 03 Aral\u0131k D\u00fcnya Engelliler G\u00fcn\u00fc kapsam\u0131nda BUGES ile yapt\u0131\u011f\u0131 golbol ma\u00e7\u0131yla g\u00f6rme engelli vatanda\u015flar\u0131n kar\u015f\u0131la\u015ft\u0131\u011f\u0131 zorluklara dikkat \u00e7ekti.<\/strong><\/h2>\n<h3><strong>Fark\u0131ndal\u0131k Ma\u00e7\u0131 D\u00fczenledi<\/strong><\/h3>\n<p>Ger\u00e7ekle\u015ftirdi\u011fi projeler ile engelli vatanda\u015flar\u0131n yan\u0131nda olan Uluda\u011f Elektrik, kat\u0131ld\u0131\u011f\u0131 etkinliklerle de motivasyon kazanmalar\u0131na destek oluyor. \u015eirket, <strong>03 Aral\u0131k D\u00fcnya Engelliler G\u00fcn\u00fc<\/strong> kapsam\u0131nda <strong>Nil\u00fcfer <img loading=\"lazy\" class=\"alignright wp-image-147027\" src=\"https:\/\/www.enerjigazetesi.ist\/wp-content\/uploads\/2021\/12\/empati-enerjisi-sahaya-yansidi-1.jpg\" alt=\"\" width=\"320\" height=\"214\" srcset=\"https:\/\/www.enerjigazetesi.ist\/wp-content\/uploads\/2021\/12\/empati-enerjisi-sahaya-yansidi-1.jpg 550w, https:\/\/www.enerjigazetesi.ist\/wp-content\/uploads\/2021\/12\/empati-enerjisi-sahaya-yansidi-1-300x200.jpg 300w, https:\/\/www.enerjigazetesi.ist\/wp-content\/uploads\/2021\/12\/empati-enerjisi-sahaya-yansidi-1-500x334.jpg 500w, https:\/\/www.enerjigazetesi.ist\/wp-content\/uploads\/2021\/12\/empati-enerjisi-sahaya-yansidi-1-75x50.jpg 75w, https:\/\/www.enerjigazetesi.ist\/wp-content\/uploads\/2021\/12\/empati-enerjisi-sahaya-yansidi-1-450x300.jpg 450w\" sizes=\"(max-width: 320px) 100vw, 320px\" \/>Belediyesi G\u00f6rme Engelliler Spor Kul\u00fcb\u00fc (BUGES)<\/strong> ile golbol kar\u015f\u0131la\u015fmas\u0131 yapt\u0131. \u015eirket \u00e7al\u0131\u015fanlar\u0131 ve <strong>BUGES oyuncular\u0131<\/strong>ndan olu\u015fan karma tak\u0131mlar\u0131n ger\u00e7ekle\u015ftirdi\u011fi empati ma\u00e7\u0131 berabere sona ererken, dostluk mesaj\u0131 verildi. <strong>G\u00f6z band\u0131 takarak<\/strong> g\u00f6rme engelli sporcularla ger\u00e7ekle\u015ftirilen ma\u00e7a kat\u0131lan \u015firket \u00e7al\u0131\u015fanlar\u0131 k\u0131sa bir s\u00fcre de olsa engellilerin ya\u015famdaki zorluklar\u0131n\u0131 hissetti. \u015eirket Genel M\u00fcd\u00fcr\u00fc <strong>Ali Erman Aytac<\/strong>\u2019\u0131n at\u0131\u015f\u0131yla ma\u00e7\u0131n ba\u015flamas\u0131n\u0131n ard\u0131ndan oyuncular sahada yerlerini alarak, golbol kurallar\u0131na g\u00f6re kar\u015f\u0131la\u015fmay\u0131 ger\u00e7ekle\u015ftirdiler. <strong>G\u00f6zl\u00fck yard\u0131m\u0131yla<\/strong><span style=\"text-decoration: underline;\"> g\u00f6zlerin tamamen kapat\u0131larak<\/span>, i\u00e7erisinde zil bulunan \u00f6zel bir topla oynanan <strong>golbol oyunu<\/strong>nda, oyuncular sesin y\u00f6n\u00fcne g\u00f6re topu yakalay\u0131p, rakibin sahas\u0131na ilettiler. Ma\u00e7 sonras\u0131 engelli parkurunda g\u00f6zler kapal\u0131 ve <strong>baston yard\u0131m\u0131yla y\u00fcr\u00fcy\u00fc\u015f<\/strong> ger\u00e7ekle\u015ftiren \u015firket \u00e7al\u0131\u015fanlar\u0131, engellilerin ya\u015famlar\u0131nda kolayl\u0131k sa\u011flanabilecek noktalar ve ihtiya\u00e7 duyduklar\u0131 konular hakk\u0131nda BUGES yetkililerinden bilgi de ald\u0131lar.<\/p>\n<h3><strong>\u201cProjelerimiz ile fark\u0131ndal\u0131k olu\u015fmas\u0131na ve benzer uygulamalar\u0131n yayg\u0131nla\u015fmas\u0131na vesile olmak istiyoruz\u201d<\/strong><\/h3>\n<p>3 Aral\u0131k D\u00fcnya Engelliler G\u00fcn\u00fc kapsam\u0131nda g\u00f6r\u00fc\u015flerini dile getiren <strong>Limak Enerji<\/strong> <strong>Uluda\u011f Elektrik Genel M\u00fcd\u00fcr\u00fc Ali Erman Aytac, <\/strong><em>&#8220;\u015eirket olarak toplumdan herkesin hayat\u0131na dokunan \u00e7al\u0131\u015fmalar ger\u00e7ekle\u015ftiriyoruz. D\u00fcnya Engelliler G\u00fcn\u00fc kapsam\u0131nda, engelli vatanda\u015flar\u0131m\u0131z\u0131n nas\u0131l hissettiklerini ve ne zorluklar ya\u015fad\u0131\u011f\u0131n\u0131 hissetmemizi sa\u011flayan bu etkinlikte farkl\u0131 bir deneyim ya\u015fad\u0131k. Her kesime dokunacak projeler y\u00fcr\u00fctmeyi hedefleyen bir \u015firket olarak, 2018 y\u0131l\u0131nda <strong>\u0130\u015faret Dili G\u00f6r\u00fc\u015fme Hatt\u0131 Projemizi<\/strong> devreye alm\u0131\u015ft\u0131k. <strong>Engelli bireylerin<\/strong> hayatlar\u0131n\u0131n kolayla\u015ft\u0131r\u0131lmas\u0131 ve<strong> sosyal ya\u015famlar\u0131nda<\/strong> herhangi bir i\u015fi tek ba\u015f\u0131na yerine getirebilmelerinin ve<strong> \u00e7ift y\u00f6nl\u00fc ileti\u015fim<\/strong> kurabilmelerinin \u00f6nemi b\u00fcy\u00fck. Hatt\u0131m\u0131z ile bu zamana kadar pek \u00e7ok <strong>i\u015fitme<\/strong> ve<strong> konu\u015fma engelli<\/strong> vatanda\u015f\u0131m\u0131za ula\u015farak sorular\u0131na yan\u0131t verip, taleplerini yerine getirdik. Uzunca bir s\u00fcredir aktif olan <strong>Online \u0130\u015flem Merkezimiz<\/strong> ve <strong>e-Devlet<\/strong> \u00fczerinden ortopedik a\u00e7\u0131dan <strong>bedensel engele sahip<\/strong> olan m\u00fc\u015fterilerimiz i\u00e7in hizmeti bir nevi ayaklar\u0131na g\u00f6t\u00fcr\u00fcyoruz. G\u00f6rme engelli m\u00fc\u015fterilerimiz, <strong>\u00c7a\u011fr\u0131 Merkezimiz<\/strong> \u00fczerinden t\u00fcm i\u015flemlerini ger\u00e7ekle\u015ftirebiliyorlar. D\u00fcnya Engelliler G\u00fcn\u00fc\u2019nde bu tarz projelerimiz ile fark\u0131ndal\u0131k olu\u015fmas\u0131na ve benzer uygulamalar\u0131n yayg\u0131nla\u015fmas\u0131na vesile olmak istiyoruz. Toplumsal hizmet e\u015fitli\u011fi noktas\u0131nda bilin\u00e7 olu\u015fturmak amac\u0131yla yapt\u0131\u011f\u0131m\u0131z projelerin ba\u015far\u0131l\u0131 olmas\u0131 da bizi mutlu ediyor&#8221; <\/em>dedi.<\/p>\n<h3><strong>Engelli Vatanda\u015flara Hizmet Sunuyor<\/strong><\/h3>\n<p>Uluda\u011f Elektrik, 2018 y\u0131l\u0131nda hayata ge\u00e7irdi\u011fi <strong>\u2018\u0130\u015faret Dili G\u00f6r\u00fc\u015fme Hatt\u0131\u2019 projesi<\/strong> ile i\u015fitme ve konu\u015fma engelli m\u00fc\u015fterilerine i\u015faret dilinde hizmet veriyor. Proje kapsam\u0131nda, i\u015fitme ve konu\u015fma engelli vatanda\u015flar, <strong>0555 0 646 646<\/strong> numaral\u0131 <strong>\u0130\u015faret Dili G\u00f6r\u00fc\u015fme Hatt\u0131<\/strong>\u2019n\u0131 arad\u0131klar\u0131nda i\u015faret dili bilen m\u00fc\u015fteri temsilcisine ba\u011flan\u0131yorlar. G\u00f6r\u00fcnt\u00fcl\u00fc yap\u0131lan g\u00f6r\u00fc\u015fme ile <strong>i\u015fitme<\/strong> ve <strong>konu\u015fma engeli<\/strong> bulunan vatanda\u015flar, i\u015faret dili ile t\u00fcm i\u015flemlerini ger\u00e7ekle\u015ftirebiliyor, taleplerini ileterek sorular\u0131na yan\u0131t alabiliyorlar. \u0130\u015faret Dili G\u00f6r\u00fc\u015fme Hatt\u0131\u2019n\u0131n, <strong>T\u00fcrkiye Engelsiz Bili\u015fim Platformu<\/strong> taraf\u0131ndan d\u00fczenlenen <strong>Engelsiz Bili\u015fim \u00d6d\u00fclleri<\/strong>\u2019nden de \u00f6d\u00fcl\u00fc bulunuyor.<\/p>\n<h3><strong>Engelsiz M\u00fczik Korosu \u0130le De Sanata Dokunuyor<\/strong><\/h3>\n<p>\u015eirket sadece <strong>\u0130\u015faret Dili G\u00f6r\u00fc\u015fme Hatt\u0131\u2019yla<\/strong> de\u011fil,<strong> elektrik faturalar\u0131nda<\/strong> yer verdi\u011fi mesajlarla da konuya dikkat \u00e7ekiyor. \u015eirketin ayr\u0131ca hem \u00e7al\u0131\u015fanlar\u0131 hem engelli bireylerden olu\u015fan <strong>Engelsiz M\u00fczik Korosu<\/strong> da bulunuyor. M\u00fczi\u011fin birle\u015ftirici g\u00fcc\u00fcnden yararlanan <strong>Engelsiz M\u00fczik Korosu<\/strong>\u2019nun gelirleri yap\u0131lan her konser sonras\u0131 <strong>engelli vatanda\u015flara<\/strong> ba\u011f\u0131\u015flanarak, ihtiya\u00e7 duyabilecekleri alanlarda destek olunmas\u0131 sa\u011flan\u0131yor.<\/p>","protected":false},"excerpt":{"rendered":"<p>Sorry, this entry is only available in Turkish. For the sake of viewer convenience, the content is shown below in the alternative language. You may click the link to switch the active language. Toplumun her kesiminde f\u0131rsat e\u015fitli\u011fi yaratmak i\u00e7in \u00e7al\u0131\u015fmalar ger\u00e7ekle\u015ftiren Limak Enerji Uluda\u011f Elektrik, 03 Aral\u0131k D\u00fcnya Engelliler G\u00fcn\u00fc kapsam\u0131nda BUGES ile yapt\u0131\u011f\u0131 [&hellip;]<\/p>\n","protected":false},"author":1,"featured_media":147026,"comment_status":"open","ping_status":"open","sticky":false,"template":"","format":"standard","meta":[],"categories":[51,53],"tags":[99056,99057,96572,38626,99058,99059,38107,62170],"views":142,"_links":{"self":[{"href":"https:\/\/www.enerjigazetesi.ist\/en\/wp-json\/wp\/v2\/posts\/147024"}],"collection":[{"href":"https:\/\/www.enerjigazetesi.ist\/en\/wp-json\/wp\/v2\/posts"}],"about":[{"href":"https:\/\/www.enerjigazetesi.ist\/en\/wp-json\/wp\/v2\/types\/post"}],"author":[{"embeddable":true,"href":"https:\/\/www.enerjigazetesi.ist\/en\/wp-json\/wp\/v2\/users\/1"}],"replies":[{"embeddable":true,"href":"https:\/\/www.enerjigazetesi.ist\/en\/wp-json\/wp\/v2\/comments?post=147024"}],"version-history":[{"count":0,"href":"https:\/\/www.enerjigazetesi.ist\/en\/wp-json\/wp\/v2\/posts\/147024\/revisions"}],"wp:featuredmedia":[{"embeddable":true,"href":"https:\/\/www.enerjigazetesi.ist\/en\/wp-json\/wp\/v2\/media\/147026"}],"wp:attachment":[{"href":"https:\/\/www.enerjigazetesi.ist\/en\/wp-json\/wp\/v2\/media?parent=147024"}],"wp:term":[{"taxonomy":"category","embeddable":true,"href":"https:\/\/www.enerjigazetesi.ist\/en\/wp-json\/wp\/v2\/categories?post=147024"},{"taxonomy":"post_tag","embeddable":true,"href":"https:\/\/www.enerjigazetesi.ist\/en\/wp-json\/wp\/v2\/tags?post=147024"}],"curies":[{"name":"wp","href":"https:\/\/api.w.org\/{rel}","templated":true}]}}