{"id":147001,"date":"2021-12-04T00:02:28","date_gmt":"2021-12-03T21:02:28","guid":{"rendered":"https:\/\/www.enerjigazetesi.ist\/?p=147001"},"modified":"2021-12-04T00:05:25","modified_gmt":"2021-12-03T21:05:25","slug":"karbonsuz-ekonomi-icin-ilk-adim-enerji-verimliliginden-geciyor","status":"publish","type":"post","link":"https:\/\/www.enerjigazetesi.ist\/en\/karbonsuz-ekonomi-icin-ilk-adim-enerji-verimliliginden-geciyor\/","title":{"rendered":"(Turkish) Karbonsuz Ekonomi \u0130\u00e7in \u0130lk Ad\u0131m Enerji Verimlili\u011fi&#8217;nden Ge\u00e7iyor&#8230;"},"content":{"rendered":"<p class=\"qtranxs-available-languages-message qtranxs-available-languages-message-en\">Sorry, this entry is only available in <a href=\"https:\/\/www.enerjigazetesi.ist\/tr\/wp-json\/wp\/v2\/posts\/147001\" class=\"qtranxs-available-language-link qtranxs-available-language-link-tr\" title=\"Turkish\">Turkish<\/a>. For the sake of viewer convenience, the content is shown below in the alternative language. You may click the link to switch the active language.<\/p><p><\/p>\n<h2><strong>K\u00fcresel \u0131s\u0131nman\u0131n etkisiyle de\u011fi\u015fen ko\u015fullar t\u00fcm d\u00fcnyay\u0131 etkisi alt\u0131na al\u0131rken s\u00fcrd\u00fcr\u00fclebilir bir d\u00fcnya i\u00e7in iklim krizi alan\u0131nda \u00e7al\u0131\u015fmalar y\u00fcr\u00fcten T\u00fcrkiye, Paris \u0130klim Anla\u015fmas\u0131 ile yeni bir d\u00f6neme giriyor ve T\u00fcrkiye\u2019nin karbonsuz ekonomi g\u00fcndemi &amp; Paris \u0130klim Anla\u015fmas\u0131\u2019ndaki taahh\u00fctleri yerine getirmesi i\u00e7in t\u00fcm payda\u015flar\u0131n ayn\u0131 anda ve ortak hareket etmelerinin ka\u00e7\u0131n\u0131lmaz oldu\u011funu vurgu yap\u0131l\u0131yor.<\/strong><\/h2>\n<p><img loading=\"lazy\" class=\"alignright wp-image-147004\" src=\"https:\/\/www.enerjigazetesi.ist\/wp-content\/uploads\/2021\/12\/karbonsuz-ekonomi-icin-ilk-adim-enerji-verimliliginden-geciyor-2.jpg\" alt=\"\" width=\"300\" height=\"289\" srcset=\"https:\/\/www.enerjigazetesi.ist\/wp-content\/uploads\/2021\/12\/karbonsuz-ekonomi-icin-ilk-adim-enerji-verimliliginden-geciyor-2.jpg 550w, https:\/\/www.enerjigazetesi.ist\/wp-content\/uploads\/2021\/12\/karbonsuz-ekonomi-icin-ilk-adim-enerji-verimliliginden-geciyor-2-300x289.jpg 300w, https:\/\/www.enerjigazetesi.ist\/wp-content\/uploads\/2021\/12\/karbonsuz-ekonomi-icin-ilk-adim-enerji-verimliliginden-geciyor-2-415x400.jpg 415w, https:\/\/www.enerjigazetesi.ist\/wp-content\/uploads\/2021\/12\/karbonsuz-ekonomi-icin-ilk-adim-enerji-verimliliginden-geciyor-2-52x50.jpg 52w, https:\/\/www.enerjigazetesi.ist\/wp-content\/uploads\/2021\/12\/karbonsuz-ekonomi-icin-ilk-adim-enerji-verimliliginden-geciyor-2-500x482.jpg 500w\" sizes=\"(max-width: 300px) 100vw, 300px\" \/>Artan enerji talebi ile birlikte t\u00fcm d\u00fcnya enerji alan\u0131nda farkl\u0131 senaryolar ile kar\u015f\u0131la\u015f\u0131yor. <strong>K\u00fcresel \u0131s\u0131nman\u0131n<\/strong> etkisiyle birlikte<strong> hidroelektrik<\/strong> ve <strong>r\u00fczg\u00e2r santrallerindeki<\/strong> \u00fcretimlerde d\u00fc\u015f\u00fc\u015fler ya\u015fan\u0131yor. Bunlar\u0131n oda\u011f\u0131nda ise t\u00fcm d\u00fcnya iklim krizi ile m\u00fccadele ediyor. H\u00fck\u00fcmetlerin att\u0131\u011f\u0131 ad\u0131mlara ek olarak bizzat sanayicilerin de <strong>enerji verimlili\u011fi yat\u0131r\u0131mlar\u0131nda<\/strong> hareketlenmesine ihtiya\u00e7 duyuldu\u011funu belirten Entek Elektrik Genel M\u00fcd\u00fcr\u00fc Bilal Tu\u011frul Kaya, enerji verimlili\u011finin karbonsuz ekonomi i\u00e7in ilk ad\u0131m oldu\u011funu ve yerinde enerji \u00fcretimleri ile de tamamlamas\u0131n\u0131n gerekti\u011fini aktar\u0131yor.<\/p>\n<h3><strong>\u201cKarbonsuz ekonomi i\u00e7in mikrodan makroya do\u011fru ilerlenmeli\u201d<\/strong><\/h3>\n<p>Yak\u0131t ve emtia fiyatlar\u0131n\u0131n son d\u00f6nemdeki y\u00fckseli\u015fine de\u011finen <strong>Bilal Tu\u011frul Kaya<\/strong>, <em>\u201cEsas hedef artan enerji talebini kar\u015f\u0131lamak, ayn\u0131 zamanda da bu art\u0131\u015f\u0131 <strong>enerji verimlili\u011fi<\/strong> ve <strong>yeni teknolojiler<\/strong> ile kontrol alt\u0131na almak. Karbonsuz ekonomiye y\u00f6nelik \u00e7\u0131kt\u0131lar \u00fcretmek istiyorsak \u00e7al\u0131\u015fmalarda mikrodan makroya do\u011fru ilerlenmeli\u201d\u00a0<\/em>diyor.<\/p>\n<h3><strong>\u201cSanayicilerin ataca\u011f\u0131 ad\u0131mlar \u00e7ok \u00f6nemli\u201d<\/strong><\/h3>\n<p>Paris \u0130klim Anla\u015fmas\u0131 ile birlikte karbonsuz ekonominin T\u00fcrkiye\u2019nin g\u00fcndeminde daha \u00e7ok yer bulaca\u011f\u0131n\u0131 ifade eden <strong>Kaya;<\/strong> <em>\u201cBu anla\u015fma ile \u00fclke olarak k\u00fcresel s\u0131cakl\u0131k art\u0131\u015f\u0131n\u0131 <strong>2 derecenin alt\u0131nda<\/strong> tutmay\u0131 taahh\u00fct ediyoruz. <strong>COP26\u2019<\/strong>da \u00fclkelerin sundu\u011fu hedefler ile art\u0131k<strong> 1,5 derecenin<\/strong> m\u00fcmk\u00fcn olmad\u0131\u011f\u0131, yine de <strong>1,8 derecenin<\/strong> sa\u011flanabilece\u011fi ortaya konuldu. Bu, beraberinde b\u00fcy\u00fck \u00f6nemde bir kararl\u0131l\u0131k getiriyor. Burada kamunun alaca\u011f\u0131 \u00f6nlemler kadar sanayicilerimizin ataca\u011f\u0131 ad\u0131mlar da \u00e7ok \u00f6nemli. T\u00fcm payda\u015flar\u0131n ortak hareket etmeleri ile <strong>verimlilik yat\u0131r\u0131mlar\u0131<\/strong> T\u00fcrkiye\u2019nin taahh\u00fcd\u00fcn\u00fc destekleyecektir\u201d\u00a0<\/em>diyor.<\/p>\n<h3><strong>Karbonsuz ekonomi i\u00e7in Performansa Dayal\u0131 S\u00f6zle\u015fmeler<\/strong><\/h3>\n<p><strong>Performansa Dayal\u0131 S\u00f6zle\u015fmeler<\/strong> ile yap\u0131lacak olan<strong> enerji verimlili\u011fi<\/strong> ve <strong>yerinde (da\u011f\u0131t\u0131k) enerji yat\u0131r\u0131mlar\u0131<\/strong>n\u0131n hem tasarruf a\u00e7\u0131s\u0131ndan hem de karbonsuz ekonomi a\u00e7\u0131s\u0131ndan kritik oldu\u011funu vurgulayan <strong>Kaya;\u00a0<\/strong><em>\u201cEnspire Kreatif Enerji \u00c7\u00f6z\u00fcmleri olarak biz karbonsuz ekonomiye y\u00f6nelik \u00e7\u0131kt\u0131lar \u00fcretmeyi hedefliyoruz. <strong>\u0130klim krizine dur<\/strong> demek i\u00e7in \u00fcretim yapan her fabrikan\u0131n sadece <strong>enerji verimlili\u011fi<\/strong> ve<strong> yerinde enerji yat\u0131r\u0131mlar\u0131<\/strong> yapmas\u0131 de\u011fil, bunu <strong>karbonsuz<\/strong> veya <strong>d\u00fc\u015f\u00fck karbonlu<\/strong> halde yapmas\u0131 \u00f6ne \u00e7\u0131k\u0131yor. Bu aray\u0131\u015flar\u0131nda, \u00f6zellikle <strong>finansman dahil \u00e7\u00f6z\u00fcmleri<\/strong> hedefleyen sanayicilerimizi ve \u00fcreticilerimizi <strong>Performansa Dayal\u0131 S\u00f6zle\u015fmeler<\/strong> ile tan\u0131\u015ft\u0131rmak istiyoruz. <strong>Performansa Dayal\u0131 S\u00f6zle\u015fmeler<\/strong>, \u015firketlerin enerji giderlerinde elde edilen tasarruflar sayesinde, kendi kendilerini finanse ederek firmalara kaynaklar\u0131n\u0131 ihtiya\u00e7 duyduklar\u0131 di\u011fer alanlara kayd\u0131rarak katk\u0131 sa\u011fl\u0131yor\u201d\u00a0<\/em>ifadelerini kulland\u0131.<\/p>\n<h3><strong>\u201cArtan talep enerji verimlili<\/strong><strong>\u011f<\/strong><strong>i yat<\/strong><strong>\u0131<\/strong><strong>r<\/strong><strong>\u0131<\/strong><strong>mlar<\/strong><strong>\u0131<\/strong><strong>yla dengelenmeli\u201d<\/strong><\/h3>\n<p>Sanayideki artan talebin, <strong>enerji\u00a0verimlili\u011fi<\/strong> ve\u00a0<strong>yerinde\u00a0(da\u011f\u0131t\u0131k)\u00a0enerji \u00fcretimi\u00a0yat\u0131r\u0131mlar\u0131<\/strong>yla dengelenmesi gerekti\u011finin alt\u0131n\u0131 \u00e7izen<strong>\u00a0Kaya;<\/strong><em>\u201cBu yat\u0131r\u0131mlar\u0131n <strong>Performansa Dayal\u0131 S\u00f6zle\u015fmeler<\/strong> ile hayata ge\u00e7irilmesi <strong>Paris \u0130klim Anla\u015fmas\u0131<\/strong>\u2019n\u0131n taahh\u00fctleri a\u00e7\u0131s\u0131ndan \u00e7ok \u00f6nemli. Art\u0131k sadece verimlilik de\u011fil, <strong>karbonsuz verimlilik<\/strong> g\u00fcndemi a\u00e7\u0131l\u0131yor. T\u00fcm payda\u015flar\u0131n ayn\u0131 anda ve ortak hareket etmelerinin ka\u00e7\u0131n\u0131lmaz olaca\u011f\u0131 bir d\u00f6neme giriyoruz. <strong>Performansa Dayal\u0131 S\u00f6zle\u015fmeler<\/strong> bu d\u00f6nemin en \u00f6nemli yat\u0131r\u0131m ara\u00e7lar\u0131ndan biri olarak \u00f6ne \u00e7\u0131kacakt\u0131r\u201d<\/em> dedi.<\/p>","protected":false},"excerpt":{"rendered":"<p>Sorry, this entry is only available in Turkish. For the sake of viewer convenience, the content is shown below in the alternative language. You may click the link to switch the active language. K\u00fcresel \u0131s\u0131nman\u0131n etkisiyle de\u011fi\u015fen ko\u015fullar t\u00fcm d\u00fcnyay\u0131 etkisi alt\u0131na al\u0131rken s\u00fcrd\u00fcr\u00fclebilir bir d\u00fcnya i\u00e7in iklim krizi alan\u0131nda \u00e7al\u0131\u015fmalar y\u00fcr\u00fcten T\u00fcrkiye, Paris \u0130klim [&hellip;]<\/p>\n","protected":false},"author":1,"featured_media":147005,"comment_status":"open","ping_status":"open","sticky":false,"template":"","format":"standard","meta":[],"categories":[53,52],"tags":[12,5156,53412,98537,98538,1471,27449,90599,793],"views":223,"_links":{"self":[{"href":"https:\/\/www.enerjigazetesi.ist\/en\/wp-json\/wp\/v2\/posts\/147001"}],"collection":[{"href":"https:\/\/www.enerjigazetesi.ist\/en\/wp-json\/wp\/v2\/posts"}],"about":[{"href":"https:\/\/www.enerjigazetesi.ist\/en\/wp-json\/wp\/v2\/types\/post"}],"author":[{"embeddable":true,"href":"https:\/\/www.enerjigazetesi.ist\/en\/wp-json\/wp\/v2\/users\/1"}],"replies":[{"embeddable":true,"href":"https:\/\/www.enerjigazetesi.ist\/en\/wp-json\/wp\/v2\/comments?post=147001"}],"version-history":[{"count":0,"href":"https:\/\/www.enerjigazetesi.ist\/en\/wp-json\/wp\/v2\/posts\/147001\/revisions"}],"wp:featuredmedia":[{"embeddable":true,"href":"https:\/\/www.enerjigazetesi.ist\/en\/wp-json\/wp\/v2\/media\/147005"}],"wp:attachment":[{"href":"https:\/\/www.enerjigazetesi.ist\/en\/wp-json\/wp\/v2\/media?parent=147001"}],"wp:term":[{"taxonomy":"category","embeddable":true,"href":"https:\/\/www.enerjigazetesi.ist\/en\/wp-json\/wp\/v2\/categories?post=147001"},{"taxonomy":"post_tag","embeddable":true,"href":"https:\/\/www.enerjigazetesi.ist\/en\/wp-json\/wp\/v2\/tags?post=147001"}],"curies":[{"name":"wp","href":"https:\/\/api.w.org\/{rel}","templated":true}]}}