{"id":14698,"date":"2013-08-31T23:17:36","date_gmt":"2013-08-31T20:17:36","guid":{"rendered":"https:\/\/www.enerjigazetesi.ist\/?p=14698"},"modified":"2013-08-31T23:18:10","modified_gmt":"2013-08-31T20:18:10","slug":"shelle-uluslararasi-stevie-odulu","status":"publish","type":"post","link":"https:\/\/www.enerjigazetesi.ist\/en\/shelle-uluslararasi-stevie-odulu\/","title":{"rendered":"(Turkish) Shell`e Uluslararas\u0131 Stevie \u00d6d\u00fcl\u00fc"},"content":{"rendered":"<p class=\"qtranxs-available-languages-message qtranxs-available-languages-message-en\">Sorry, this entry is only available in <a href=\"https:\/\/www.enerjigazetesi.ist\/tr\/wp-json\/wp\/v2\/posts\/14698\" class=\"qtranxs-available-language-link qtranxs-available-language-link-tr\" title=\"Turkish\">Turkish<\/a>. For the sake of viewer convenience, the content is shown below in the alternative language. You may click the link to switch the active language.<\/p><p><strong>Shell &amp; Turcas, Stevie International Business Awards\u2019un \u201cAvrupa\u2019da Y\u0131l\u0131n Kurumsal Sosyal Sorumluluk Program\u0131\u201d kategorisinde \u00f6d\u00fcl kazand\u0131.<\/strong><\/p>\n<p>\u0130\u015f d\u00fcnyas\u0131n\u0131n prestijli \u00f6d\u00fclleri aras\u0131nda yer alan 10.cu Stevie International Business Awards\u2019ta bu y\u0131l 50 \u00fclkeden 3 bin 300\u2019\u00fc a\u015fk\u0131n \u00e7al\u0131\u015fma de\u011ferlendirildi. De\u011ferlendirmeyi uluslararas\u0131 i\u015f d\u00fcnyas\u0131ndan 250\u2019nin \u00fczerinde y\u00f6netici yapt\u0131. \u00c7ok say\u0131da aday\u0131n yer ald\u0131\u011f\u0131 \u201cAvrupa\u2019da Y\u0131l\u0131n Kurumsal Sosyal Sorumluluk Program\u0131\u201d kategorisinde Bronz Stevie \u00d6d\u00fcl\u00fc Shell &amp; Turcas\u2019a verildi.<\/p>\n<p>Shell &amp; Turcas, yol emniyeti konusunda toplumsal bilincin artmas\u0131na y\u00f6nelik y\u00fcr\u00fctt\u00fc\u011f\u00fc \u00f6nemli \u00e7al\u0131\u015fmalar nedeniyle \u00f6d\u00fcle lay\u0131k g\u00f6r\u00fcld\u00fc. \u00d6d\u00fcller, 14 Ekim 2013 tarihinde Barselona\u2019da d\u00fczenlenecek t\u00f6renle sahiplerini bulacak.<\/p>\n<p><strong>\u201cSHELL \u0130\u00c7\u0130N YOL EMN\u0130YET\u0130 EN \u00d6NEML\u0130 \u00d6NCEL\u0130K\u201d<\/strong><br \/>\nShell &amp; Turcas Kurumsal \u0130leti\u015fim M\u00fcd\u00fcr\u00fc Yank\u0131 \u00d6zkan Y\u0131ld\u0131r\u0131r yol emniyeti konusunda uluslararas\u0131 \u00f6d\u00fcle lay\u0131k g\u00f6r\u00fclmenin gurur verici oldu\u011funu belirterek \u015funlar\u0131 s\u00f6yledi:<\/p>\n<p>\u201cElde etti\u011fimiz ba\u015far\u0131 nedeniyle \u015firketimiz, m\u00fc\u015fterilerimiz ve \u00fclkemiz ad\u0131na \u00e7ok mutluyuz. Stevie Awards, her y\u0131l d\u00fcnyan\u0131n en \u00f6nemli \u015firketlerinin aday oldu\u011fu bir organizasyon. Bu uluslararas\u0131 platformda kazand\u0131\u011f\u0131m\u0131z onur verici \u00f6<a href=\"https:\/\/www.enerjigazetesi.ist\/wp-content\/uploads\/2013\/08\/shell-e-uluslararasi-stevie-odulu.jpg\"><img loading=\"lazy\" class=\"alignright size-medium wp-image-14699\" title=\"shell-e-uluslararasi-stevie-odulu\" src=\"https:\/\/www.enerjigazetesi.ist\/wp-content\/uploads\/2013\/08\/shell-e-uluslararasi-stevie-odulu-300x192.jpg\" alt=\"\" width=\"300\" height=\"192\" srcset=\"https:\/\/www.enerjigazetesi.ist\/wp-content\/uploads\/2013\/08\/shell-e-uluslararasi-stevie-odulu-300x192.jpg 300w, https:\/\/www.enerjigazetesi.ist\/wp-content\/uploads\/2013\/08\/shell-e-uluslararasi-stevie-odulu-78x50.jpg 78w, https:\/\/www.enerjigazetesi.ist\/wp-content\/uploads\/2013\/08\/shell-e-uluslararasi-stevie-odulu.jpg 468w\" sizes=\"(max-width: 300px) 100vw, 300px\" \/><\/a>d\u00fcl, yol emniyeti bilincini geli\u015ftirmek i\u00e7in g\u00f6sterdi\u011fimiz \u00e7abalar\u0131 ve t\u00fcm operasyonlar\u0131m\u0131zda emniyete verdi\u011fimiz \u00f6nemi ortaya koyuyor. 90\u2019\u0131nc\u0131 y\u0131l\u0131m\u0131z\u0131 kutlad\u0131\u011f\u0131m\u0131z bu sene b\u00f6yle g\u00fczel bir \u00f6d\u00fcle lay\u0131k g\u00f6r\u00fclmek, yol emniyeti \u00e7al\u0131\u015fmalar\u0131m\u0131za ili\u015fkin heyecan\u0131m\u0131z\u0131 daha da art\u0131r\u0131yor.\u201d<\/p>\n<p><strong>SHELL 96 B\u0130N K\u0130\u015e\u0130YE YOL EMN\u0130YET\u0130 E\u011e\u0130T\u0130M\u0130 VERD\u0130<\/strong><br \/>\nShell &amp; Turcas yol emniyeti konusunda kapsaml\u0131 ve etkin \u00e7al\u0131\u015fmalar y\u00fcr\u00fct\u00fcyor. Shell &amp; Turcas, ta\u015f\u0131mac\u0131l\u0131k sekt\u00f6r\u00fcndeki \u015firketlerle i\u015fbirli\u011fi i\u00e7inde, standartlar belirlenmesine, beceri ve kaynaklar\u0131n payla\u015f\u0131lmas\u0131na katk\u0131 sa\u011fl\u0131yor. Ayr\u0131ca h\u00fck\u00fcmetlerin yol emniyetini art\u0131r\u0131c\u0131 mevzuatlar\u0131n\u0131 daha da geli\u015ftirmeleri, ta\u015f\u0131tlar ve s\u00fcr\u00fcc\u00fclere y\u00f6nelik ge\u00e7erli emniyet standartlar\u0131n\u0131 y\u00fckseltmeleri i\u00e7in sekt\u00f6r payda\u015flar\u0131yla i\u015fbirli\u011fi yap\u0131yor.<\/p>\n<p>2006\u2019dan bu yana \u201cEmniyet G\u00fcn\u00fc\u201d etkinlikleri d\u00fczenleyerek, emniyet kemerinin hayati \u00f6nemi, g\u00fcvenli s\u00fcr\u00fc\u015f gibi konularda \u00e7al\u0131\u015fanlar\u0131 ve m\u00fc\u015fterilerine y\u00f6nelik fark\u0131ndal\u0131k \u00e7al\u0131\u015fmas\u0131 ger\u00e7ekle\u015ftiriyor. Her y\u0131l d\u00fcnyada 1.3 milyon ki\u015finin \u00f6l\u00fcm\u00fcne ve 50 milyon ki\u015finin yaralanmas\u0131na yol a\u00e7an trafik kazalar\u0131ndaki kay\u0131plar\u0131n azalt\u0131lmas\u0131 amac\u0131yla D\u00fcnya Sa\u011fl\u0131k \u00d6rg\u00fct\u00fc\u2019n\u00fcn 2010 y\u0131l\u0131nda ba\u015flatt\u0131\u011f\u0131 \u201cYol Emniyeti 10 Y\u0131l\u0131\u201d program\u0131na da destek sa\u011fl\u0131yor. Shell bu kapsamda T\u00fcrkiye\u2019nin farkl\u0131 noktalar\u0131nda etkinlikler ger\u00e7ekle\u015ftirerek son iki y\u0131lda 96 bin ki\u015fiye yol emniyeti e\u011fitimi verdi. Ula\u015ft\u0131rma, Denizcilik ve Haberle\u015fme Bakanl\u0131\u011f\u0131\u2019n\u0131n koordinasyonunda y\u00fcr\u00fct\u00fclen Trafikte Sorumluluk Hareketi\u2019ne destek vererek Ulusal Kurumsal Trafik G\u00fcvenli\u011fi Deklarasyonu\u2019nu imzalad\u0131. Ayn\u0131 zamanda Shell, Emniyet Genel M\u00fcd\u00fcrl\u00fc\u011f\u00fc\u2019n\u00fcn i\u015fbirli\u011fiyle 11 milyon \u00e7ocu\u011fa ula\u015fmay\u0131 hedefleyen \u201cTrafik \u00c7ocuk\u201d adl\u0131 internet sitesine, \u00e7ocuklarda yol emniyeti bilincini art\u0131rmak amac\u0131yla destek veriyor.<\/p>\n<p><strong>SHELL, KOCAEL\u0130 G\u00dcVENL\u0130 TRAF\u0130K PROJES\u0130`N\u0130N ORTA\u011eI<\/strong><br \/>\nKocaeli\u2019de y\u00fcr\u00fct\u00fclen G\u00fcvenli Trafik Projesi\u2019nin orta\u011f\u0131 olan Shell &amp; Turcas bu projede emniyetle ve valilikle i\u015fbirli\u011fi yap\u0131yor. Kocaeli Valili\u011fi, Sa\u011fl\u0131k Bakanl\u0131\u011f\u0131, \u0130\u00e7i\u015fleri Bakanl\u0131\u011f\u0131, Ula\u015ft\u0131rma Bakanl\u0131\u011f\u0131, Emniyet Genel M\u00fcd\u00fcrl\u00fc\u011f\u00fc ve D\u00fcnya Sa\u011fl\u0131k \u00d6rg\u00fct\u00fc\u2019n\u00fcn i\u015f birli\u011fi ve Shell\u2019in deste\u011fiyle bu y\u0131l May\u0131s ay\u0131nda ba\u015flat\u0131lan \u201cG\u00fcvenli Trafik Projesi\u201d ile emniyet kemeri kullan\u0131m\u0131n\u0131n yayg\u0131nla\u015fmas\u0131 ve h\u0131z s\u0131n\u0131rlar\u0131na uyulmas\u0131 hedefleniyor.<\/p>\n<p>Bu kapsamda il\u00e7enin farkl\u0131 yerlerinde devrilme ve \u00e7arpma sim\u00fclat\u00f6r\u00fc ile emniyet kemerinin hayati \u00f6nemi deneyimletiliyor. Ayr\u0131ca ilkokul \u00f6\u011frencilerine yol emniyeti e\u011fitimi veriliyor. Shell Haziran ay\u0131 i\u00e7inde 10 okulda 1000 \u00f6\u011frenciye g\u00f6n\u00fcll\u00fcler taraf\u0131ndan e\u011fitim verilmesini sa\u011flad\u0131. \u00d6n\u00fcm\u00fczdeki d\u00f6nemlerde s\u00fcr\u00fcc\u00fc kursu \u00f6\u011fretmenlerine de y\u00f6nelik e\u011fitimler verilmesi planlan\u0131yor.<\/p>\n<p>Kaynak: <a href=\"http:\/\/enerjigunlugu.net\/shelle-uluslararasi-stevie-odulu_4711.html\" target=\"_blank\">Enerji G\u00fcnl\u00fc\u011f\u00fc<\/a><\/p>","protected":false},"excerpt":{"rendered":"<p>Sorry, this entry is only available in Turkish. For the sake of viewer convenience, the content is shown below in the alternative language. You may click the link to switch the active language.Shell &amp; Turcas, Stevie International Business Awards\u2019un \u201cAvrupa\u2019da Y\u0131l\u0131n Kurumsal Sosyal Sorumluluk Program\u0131\u201d kategorisinde \u00f6d\u00fcl kazand\u0131. \u0130\u015f d\u00fcnyas\u0131n\u0131n prestijli \u00f6d\u00fclleri aras\u0131nda yer alan [&hellip;]<\/p>\n","protected":false},"author":1,"featured_media":14699,"comment_status":"open","ping_status":"open","sticky":false,"template":"","format":"standard","meta":[],"categories":[53,44],"tags":[2289,8108,8109,8113,63,67,1009,165,8114,8112,4440,59,1787,8106,8107,8110,8111],"views":828,"_links":{"self":[{"href":"https:\/\/www.enerjigazetesi.ist\/en\/wp-json\/wp\/v2\/posts\/14698"}],"collection":[{"href":"https:\/\/www.enerjigazetesi.ist\/en\/wp-json\/wp\/v2\/posts"}],"about":[{"href":"https:\/\/www.enerjigazetesi.ist\/en\/wp-json\/wp\/v2\/types\/post"}],"author":[{"embeddable":true,"href":"https:\/\/www.enerjigazetesi.ist\/en\/wp-json\/wp\/v2\/users\/1"}],"replies":[{"embeddable":true,"href":"https:\/\/www.enerjigazetesi.ist\/en\/wp-json\/wp\/v2\/comments?post=14698"}],"version-history":[{"count":3,"href":"https:\/\/www.enerjigazetesi.ist\/en\/wp-json\/wp\/v2\/posts\/14698\/revisions"}],"predecessor-version":[{"id":14702,"href":"https:\/\/www.enerjigazetesi.ist\/en\/wp-json\/wp\/v2\/posts\/14698\/revisions\/14702"}],"wp:featuredmedia":[{"embeddable":true,"href":"https:\/\/www.enerjigazetesi.ist\/en\/wp-json\/wp\/v2\/media\/14699"}],"wp:attachment":[{"href":"https:\/\/www.enerjigazetesi.ist\/en\/wp-json\/wp\/v2\/media?parent=14698"}],"wp:term":[{"taxonomy":"category","embeddable":true,"href":"https:\/\/www.enerjigazetesi.ist\/en\/wp-json\/wp\/v2\/categories?post=14698"},{"taxonomy":"post_tag","embeddable":true,"href":"https:\/\/www.enerjigazetesi.ist\/en\/wp-json\/wp\/v2\/tags?post=14698"}],"curies":[{"name":"wp","href":"https:\/\/api.w.org\/{rel}","templated":true}]}}