{"id":146967,"date":"2021-12-03T13:34:09","date_gmt":"2021-12-03T10:34:09","guid":{"rendered":"https:\/\/www.enerjigazetesi.ist\/?p=146967"},"modified":"2021-12-03T13:34:51","modified_gmt":"2021-12-03T10:34:51","slug":"sedas-in-cagri-merkezi-nden-engelsiz-iletisim-hizmeti-almak-mumkun","status":"publish","type":"post","link":"https:\/\/www.enerjigazetesi.ist\/en\/sedas-in-cagri-merkezi-nden-engelsiz-iletisim-hizmeti-almak-mumkun\/","title":{"rendered":"(Turkish) Seda\u015f&#8217;\u0131n \u00c7a\u011fr\u0131 Merkezi&#8217;nden &#8216;Engelsiz \u0130leti\u015fim&#8217; Hizmeti Almak M\u00fcmk\u00fcn&#8230;"},"content":{"rendered":"<p class=\"qtranxs-available-languages-message qtranxs-available-languages-message-en\">Sorry, this entry is only available in <a href=\"https:\/\/www.enerjigazetesi.ist\/tr\/wp-json\/wp\/v2\/posts\/146967\" class=\"qtranxs-available-language-link qtranxs-available-language-link-tr\" title=\"Turkish\">Turkish<\/a>. For the sake of viewer convenience, the content is shown below in the alternative language. You may click the link to switch the active language.<\/p><p><\/p>\n<h2><strong>SEDA\u015e, 03 Aral\u0131k D\u00fcnya Engelliler G\u00fcn\u00fc\u2019nde yay\u0131nlad\u0131\u011f\u0131 video ile \u201cEngelsiz \u00c7a\u011fr\u0131 Merkezi\u201d hizmetinin nas\u0131l al\u0131nabilece\u011fini anlatt\u0131.<\/strong><\/h2>\n<p><strong>Sakarya Elektrik Da\u011f\u0131t\u0131m A.\u015e. (SEDA\u015e)<\/strong>, ileti\u015fimde engelleri kald\u0131ran hizmetini <strong>video<\/strong> ile anlatt\u0131. <strong>03 Aral\u0131k D\u00fcnya Engelliler G\u00fcn\u00fc<\/strong> \u00f6zelinde \u015firketin <strong>sosyal medya hesaplar\u0131ndan<\/strong> payla\u015f\u0131lan videoda, <strong>i\u015fitme engelli m\u00fc\u015fteriler<\/strong> i\u00e7in sunulan<strong> Engelsiz \u00c7a\u011fr\u0131 Merkezi<\/strong> hizmetinin ayr\u0131nt\u0131lar\u0131na <img loading=\"lazy\" class=\"alignright wp-image-146969\" src=\"https:\/\/www.enerjigazetesi.ist\/wp-content\/uploads\/2021\/12\/sedas-in-cagri-merkezi-nden-engelsiz-iletisim-hizmeti-almak-mumkun-2.jpg\" alt=\"\" width=\"320\" height=\"210\" srcset=\"https:\/\/www.enerjigazetesi.ist\/wp-content\/uploads\/2021\/12\/sedas-in-cagri-merkezi-nden-engelsiz-iletisim-hizmeti-almak-mumkun-2.jpg 550w, https:\/\/www.enerjigazetesi.ist\/wp-content\/uploads\/2021\/12\/sedas-in-cagri-merkezi-nden-engelsiz-iletisim-hizmeti-almak-mumkun-2-300x197.jpg 300w, https:\/\/www.enerjigazetesi.ist\/wp-content\/uploads\/2021\/12\/sedas-in-cagri-merkezi-nden-engelsiz-iletisim-hizmeti-almak-mumkun-2-500x328.jpg 500w, https:\/\/www.enerjigazetesi.ist\/wp-content\/uploads\/2021\/12\/sedas-in-cagri-merkezi-nden-engelsiz-iletisim-hizmeti-almak-mumkun-2-76x50.jpg 76w\" sizes=\"(max-width: 320px) 100vw, 320px\" \/>yer verildi. <strong>20 bin kilometrekarelik<\/strong> alanda, <strong>3,7 milyon<\/strong> n\u00fcfus ve <strong>2 milyon<\/strong> m\u00fc\u015fteriye hizmet veren SEDA\u015e\u2019\u0131n <strong>\u00e7a\u011fr\u0131 merkezi<\/strong>ndeki <strong>i\u015faret dili hizmeti, elektrik da\u011f\u0131t\u0131m sekt\u00f6r\u00fcnde<\/strong> ilk olma \u00f6zelli\u011fini ta\u015f\u0131yor.<\/p>\n<p>SEDA\u015e\u2019\u0131n <strong>Engelsiz \u00c7a\u011fr\u0131 Merkezi<\/strong> hizmetinden yararlanmak isteyen m\u00fc\u015fteriler, <a href=\"http:\/\/www.sedas.com\" target=\"_blank\" rel=\"noopener\">www.sedas.com<\/a> web sitesindeki<strong> \u201cEngelsiz \u0130leti\u015fim i\u00e7in t\u0131klay\u0131n\u201d<\/strong> butonuna t\u0131klay\u0131p, gerekli bilgileri doldurarak <strong>186<\/strong> telefon numaral\u0131 \u00e7a\u011fr\u0131 merkezindeki <strong>i\u015faret dili uzman\u0131 m\u00fc\u015fteri temsilcisine<\/strong> ba\u011flanabiliyor. G\u00f6r\u00fcnt\u00fcl\u00fc yap\u0131lan g\u00f6r\u00fc\u015fmeler sayesinde i\u015fitme engelli m\u00fc\u015fteriler<strong>, talep<\/strong> ve <strong>\u015fikayetlerini<\/strong> kolayca aktarabiliyor.<\/p>\n<p><strong>T.C. Aile, \u00c7al\u0131\u015fma ve Sosyal Hizmetler Bakanl\u0131\u011f\u0131<\/strong> taraf\u0131ndan bu y\u0131l a\u00e7\u0131klanan verilere g\u00f6re \u00fclkemizde ya\u015fayan <strong>i\u015fitme engelli bireylerin<\/strong> say\u0131s\u0131 <strong>179.867<\/strong>. \u0130\u015fitme engeli bulunan yurtta\u015flar\u0131n kamusal hizmetlerden faydalanabilmeleri \u00f6nem ta\u015f\u0131yor.<\/p>","protected":false},"excerpt":{"rendered":"<p>Sorry, this entry is only available in Turkish. For the sake of viewer convenience, the content is shown below in the alternative language. You may click the link to switch the active language. SEDA\u015e, 03 Aral\u0131k D\u00fcnya Engelliler G\u00fcn\u00fc\u2019nde yay\u0131nlad\u0131\u011f\u0131 video ile \u201cEngelsiz \u00c7a\u011fr\u0131 Merkezi\u201d hizmetinin nas\u0131l al\u0131nabilece\u011fini anlatt\u0131. Sakarya Elektrik Da\u011f\u0131t\u0131m A.\u015e. (SEDA\u015e), ileti\u015fimde [&hellip;]<\/p>\n","protected":false},"author":1,"featured_media":146970,"comment_status":"open","ping_status":"open","sticky":false,"template":"","format":"standard","meta":[],"categories":[51,53],"tags":[99027,99028,99026,99029,90310,56856,64561],"views":197,"_links":{"self":[{"href":"https:\/\/www.enerjigazetesi.ist\/en\/wp-json\/wp\/v2\/posts\/146967"}],"collection":[{"href":"https:\/\/www.enerjigazetesi.ist\/en\/wp-json\/wp\/v2\/posts"}],"about":[{"href":"https:\/\/www.enerjigazetesi.ist\/en\/wp-json\/wp\/v2\/types\/post"}],"author":[{"embeddable":true,"href":"https:\/\/www.enerjigazetesi.ist\/en\/wp-json\/wp\/v2\/users\/1"}],"replies":[{"embeddable":true,"href":"https:\/\/www.enerjigazetesi.ist\/en\/wp-json\/wp\/v2\/comments?post=146967"}],"version-history":[{"count":0,"href":"https:\/\/www.enerjigazetesi.ist\/en\/wp-json\/wp\/v2\/posts\/146967\/revisions"}],"wp:featuredmedia":[{"embeddable":true,"href":"https:\/\/www.enerjigazetesi.ist\/en\/wp-json\/wp\/v2\/media\/146970"}],"wp:attachment":[{"href":"https:\/\/www.enerjigazetesi.ist\/en\/wp-json\/wp\/v2\/media?parent=146967"}],"wp:term":[{"taxonomy":"category","embeddable":true,"href":"https:\/\/www.enerjigazetesi.ist\/en\/wp-json\/wp\/v2\/categories?post=146967"},{"taxonomy":"post_tag","embeddable":true,"href":"https:\/\/www.enerjigazetesi.ist\/en\/wp-json\/wp\/v2\/tags?post=146967"}],"curies":[{"name":"wp","href":"https:\/\/api.w.org\/{rel}","templated":true}]}}