{"id":146886,"date":"2021-12-01T13:42:28","date_gmt":"2021-12-01T10:42:28","guid":{"rendered":"https:\/\/www.enerjigazetesi.ist\/?p=146886"},"modified":"2021-12-01T13:42:28","modified_gmt":"2021-12-01T10:42:28","slug":"kilic-hedefimiz-iklim-krizine-uyumlu-binalar-uretmek-olmali","status":"publish","type":"post","link":"https:\/\/www.enerjigazetesi.ist\/en\/kilic-hedefimiz-iklim-krizine-uyumlu-binalar-uretmek-olmali\/","title":{"rendered":"(Turkish) K\u0131l\u0131\u00e7: &#8220;Hedefimiz \u0130klim Krizine Uyumlu Binalar \u00dcretmek Olmal\u0131&#8221;"},"content":{"rendered":"<p class=\"qtranxs-available-languages-message qtranxs-available-languages-message-en\">Sorry, this entry is only available in <a href=\"https:\/\/www.enerjigazetesi.ist\/tr\/wp-json\/wp\/v2\/posts\/146886\" class=\"qtranxs-available-language-link qtranxs-available-language-link-tr\" title=\"Turkish\">Turkish<\/a>. For the sake of viewer convenience, the content is shown below in the alternative language. You may click the link to switch the active language.<\/p><p><\/p>\n<h2>\u0130klim ve Enerji \u00c7\u00f6z\u00fcmleri Merkezi verilerine g\u00f6re; 2020\u2019de 50.6 milyar ton sera gaz\u0131 havaya sal\u0131narak iklim de\u011fi\u015fikli\u011fine neden oldu. T\u00fcrkiye 530 milyon tonluk karbondioksit e\u015f de\u011feri emisyon ile % 1 pay al\u0131rken, kara listedeki 16&#8217;\u0131nc\u0131 \u00fclke oldu.<\/h2>\n<p>Rakamlar\u0131 de\u011ferlendiren \u00c7EDB\u0130K Y\u00f6netim Kurulu Ba\u015fkan\u0131 <strong>Mehmet Sami K\u0131l\u0131\u00e7<\/strong>, <em>\u201cD\u00fcnyada alarm zilleri \u00e7al\u0131yor. Emisyon art\u0131\u015f\u0131 ne yaz\u0131k ki durdurulam\u0131yor. \u00dclkesel ve sekt\u00f6rel bazda acil tedbirlerin <img loading=\"lazy\" class=\"alignright wp-image-146889\" src=\"https:\/\/www.enerjigazetesi.ist\/wp-content\/uploads\/2021\/12\/kilic-hedefimiz-iklim-krizine-uyumlu-binalar-uretmek-olmali.jpg\" alt=\"\" width=\"320\" height=\"239\" srcset=\"https:\/\/www.enerjigazetesi.ist\/wp-content\/uploads\/2021\/12\/kilic-hedefimiz-iklim-krizine-uyumlu-binalar-uretmek-olmali.jpg 550w, https:\/\/www.enerjigazetesi.ist\/wp-content\/uploads\/2021\/12\/kilic-hedefimiz-iklim-krizine-uyumlu-binalar-uretmek-olmali-300x224.jpg 300w, https:\/\/www.enerjigazetesi.ist\/wp-content\/uploads\/2021\/12\/kilic-hedefimiz-iklim-krizine-uyumlu-binalar-uretmek-olmali-500x373.jpg 500w, https:\/\/www.enerjigazetesi.ist\/wp-content\/uploads\/2021\/12\/kilic-hedefimiz-iklim-krizine-uyumlu-binalar-uretmek-olmali-67x50.jpg 67w\" sizes=\"(max-width: 320px) 100vw, 320px\" \/>al\u0131nmas\u0131 gerekiyor.\u201d<\/em> dedi.<\/p>\n<p><strong>26. BM \u0130klim De\u011fi\u015fikli\u011fi Konferans\u0131<\/strong>\u2019nda yap\u0131lan anla\u015fmalarla T\u00fcrkiye\u2019nin bu alanda <strong>ormans\u0131zla\u015fmay\u0131 durdurma, makul fiyatl\u0131 temiz teknolojiyi <\/strong>ve<strong> s\u0131f\u0131r emisyonlu ara\u00e7lar\u0131 te\u015fvik etme<\/strong> gibi kararlara imza att\u0131\u011f\u0131n\u0131 belirten <span style=\"text-decoration: underline;\">Mehmet Sami K\u0131l\u0131\u00e7<\/span>, <em>\u201cBu yolda at\u0131lacak her ad\u0131m, <strong>T\u00fcrkiye\u2019yi<\/strong> en fazla <strong>Sera Gaz\u0131 Emisyonu<\/strong> yapan \u00fclkelerin yer ald\u0131\u011f\u0131 <strong>kara listeden<\/strong> uzakla\u015ft\u0131racakt\u0131r. \u00d6zellikle sorumlulu\u011fu y\u00fcksek sekt\u00f6rlerde bu konuda acil tedbirlerin al\u0131nmas\u0131 gerekir.\u201d<\/em> yorumunu yapt\u0131.<\/p>\n<h3><strong>T\u00fcrkiye\u2019de emisyon sorumlulu\u011fu y\u00fcksek sekt\u00f6rler<\/strong><\/h3>\n<p>\u0130klim Enerji \u00c7\u00f6z\u00fcmleri Merkezi Raporu\u2019na g\u00f6re, T\u00fcrkiye\u2019deki emisyonlar\u0131n <strong>% 24,1<\/strong>\u2019i elektrik sekt\u00f6r\u00fcnden kaynakland\u0131, <strong>% 21,2<\/strong>\u2019sini imalat, <strong>% 15,8<\/strong>\u2019ini ula\u015f\u0131m, <strong>% 13,8<\/strong>\u2019ini binalar, <strong>% 11,1<\/strong>\u2019ini at\u0131k, <strong>% 9,3<\/strong>\u2019\u00fcn\u00fc tar\u0131m, kalan <strong>% 4,7<\/strong>\u2019lik k\u0131sm\u0131n\u0131 ise<strong> denizcilik, petrol <\/strong>ve<strong> do\u011fal gaz sekt\u00f6rleri<\/strong> olu\u015fturdu.<\/p>\n<p>\u00c7EDB\u0130K Y\u00f6netim Kurulu Ba\u015fkan\u0131 <strong>Mehmet Sami K\u0131l\u0131\u00e7<\/strong>, derne\u011fin de hizmet konusunu olu\u015fturan bina yat\u0131r\u0131mlar\u0131n\u0131n bu sorumlulukta <strong>4. s\u0131rada geldi\u011fine<\/strong> i\u015faret ederek, T\u00fcrkiye\u2019nin kara listeden <strong>ye\u015fil bina yat\u0131r\u0131mlar\u0131<\/strong>yla uzakla\u015fabilece\u011fine dikkat \u00e7ekti.<\/p>\n<p>\u00c7EDB\u0130K Y\u00f6netim Kurulu Ba\u015fkan\u0131 Mehmet Sami K\u0131l\u0131\u00e7 gayrimenkul sekt\u00f6r\u00fc olarak<strong> iklim de\u011fi\u015fikli\u011fiyle m\u00fccadele<\/strong> yollar\u0131n\u0131 <span style=\"text-decoration: underline;\">\u015fu s\u00f6zlerle \u00f6zetledi:<\/span><\/p>\n<h3><strong>Gayrimenkulde \u0130klim Kriziyle M\u00fccadele Yollar\u0131<\/strong><\/h3>\n<p>\u201cArt\u0131k in\u015faatlarda hedefimiz l\u00fcks yap\u0131lar, g\u00f6steri\u015fli mimariler de\u011fil,<strong> iklim krizine uyumlu binalar<\/strong> \u00fcretmek olmal\u0131. Bildi\u011finiz gibi <strong>\u00e7evre dostu ye\u015fil binalar<\/strong> iklim de\u011fi\u015fikli\u011fiyle m\u00fccadele yolunda g\u00fc\u00e7l\u00fc bir ara\u00e7t\u0131r. Ye\u015fil bina konusunda <strong>s\u00fcrd\u00fcr\u00fclebilir alanlar, su verimlili\u011fi, temiz enerji, \u00e7evre-dostu malzemeler<\/strong> ve<strong> kaynaklar, i\u00e7 mek\u00e2n kalitesi<\/strong> ve tasar\u0131mda yenilik ba\u015fl\u0131klar\u0131 \u00f6ne \u00e7\u0131kmaktad\u0131r.<\/p>\n<p>Ye\u015fil bina konseptinin \u00f6nemli unsurlar\u0131ndan birisi <strong>enerjinin verimli kullan\u0131lmas\u0131<\/strong>d\u0131r. Bu ama\u00e7la ye\u015fil binalarda; do\u011fru hesaplanm\u0131\u015f<strong> \u0131s\u0131 izolasyonu<\/strong> yap\u0131lmas\u0131, y\u00fcksek performansl\u0131<strong> cam se\u00e7imi, verimli iklimlendirme sistemleri, binalar\u0131n \u0131s\u0131tma ve so\u011futma y\u00fcklerinin azalt\u0131lmas\u0131, uygun havaland\u0131rma sisteminin se\u00e7ilmesi, g\u00fcne\u015f panelleri<\/strong> ile elektrik ihtiyac\u0131n\u0131n kar\u015f\u0131lanmas\u0131 \u00e7\u00f6z\u00fcmleri,<strong> at\u0131k \u0131s\u0131 geri kazan\u0131m\u0131<\/strong> gibi \u00e7\u00f6z\u00fcmler sunulmaktad\u0131r. Ye\u015fil binalarda, enerji verimlili\u011fine ek olarak <strong>fosil yak\u0131t kullan\u0131lmas\u0131<\/strong> sebebiyle olu\u015fan<strong> sera gaz\u0131 emisyonlar\u0131n\u0131 azaltmak<\/strong> amac\u0131yla yenilenebilir enerji kullan\u0131m\u0131na y\u00f6nelmek gerekir. Uygun havaland\u0131rma ve iklimlendirme sistemlerinin tasarlanmas\u0131 ile<strong> i\u00e7 ortam kalitesini art\u0131racak<\/strong> \u00f6nlemler al\u0131nmal\u0131d\u0131r.<\/p>\n<p>Ayr\u0131ca yine \u00f6nemli bir kaynak olan <strong>\u015febeke suyu kullan\u0131m\u0131n\u0131<\/strong> verimli hale getirmek i\u00e7in<strong> ya\u011fmur suyu geri kazan\u0131m\u0131, gri su geri kazan\u0131m\u0131<\/strong> ile <strong>tuvalet rezervuarlar\u0131nda ve sulamada kullan\u0131lmas\u0131, yine peyzaj sulamas\u0131nda damla sulama sistemlerinin<\/strong> tercih edilmesi, <strong>banyo, lavabo, mutfak ve tuvalet rezervuarlar\u0131nda<\/strong> y\u00fcksek tasarruflu<strong> su armat\u00fcrlerinin kullan\u0131lmas\u0131\u00a0<\/strong>gibi uygulamalar yap\u0131labilmektedir.\u201d<\/p>\n<h3><strong>\u0130klim Kanunu Yolda<\/strong><\/h3>\n<p>D\u00fcnyan\u0131n s\u00fcrd\u00fcr\u00fclebilirli\u011finin tehdit alt\u0131nda iken, kimsenin bu durumu g\u00f6zard\u0131 edemeyece\u011fini belirten Mehmet Sami K\u0131l\u0131\u00e7, <em>\u201cHepimiz ayn\u0131 gemideyiz.\u00a0 Hepimiz elimizi ta\u015f\u0131n alt\u0131na koymal\u0131y\u0131z. Bu konuda \u00c7evre, \u015eehircilik ve \u0130klim De\u011fi\u015fikli\u011fi Bakanl\u0131\u011f\u0131&#8217;m\u0131z\u0131n \u00e7al\u0131\u015fmalar\u0131na her t\u00fcrl\u00fc deste\u011fi vermeliyiz. T\u00fcrkiye 2053 vizyonlu <strong>&#8220;s\u0131f\u0131r at\u0131k, karbon n\u00f6tr&#8221;<\/strong> hedefi do\u011frultusunda ye\u015fil d\u00f6n\u00fc\u015f\u00fcm strateji haz\u0131rl\u0131klar\u0131na ba\u015flad\u0131, Ayr\u0131ca <strong>\u0130klim Kanunu<\/strong> da haz\u0131rlan\u0131yor. Yeni<strong> yasal d\u00fczenlemelere<\/strong> ve <strong>yar\u0131nlara<\/strong> bug\u00fcnden haz\u0131rl\u0131kl\u0131 olmak herkesin yarar\u0131na.\u201d<\/em> yorumunu yapt\u0131.<\/p>","protected":false},"excerpt":{"rendered":"<p>Sorry, this entry is only available in Turkish. For the sake of viewer convenience, the content is shown below in the alternative language. You may click the link to switch the active language. \u0130klim ve Enerji \u00c7\u00f6z\u00fcmleri Merkezi verilerine g\u00f6re; 2020\u2019de 50.6 milyar ton sera gaz\u0131 havaya sal\u0131narak iklim de\u011fi\u015fikli\u011fine neden oldu. T\u00fcrkiye 530 milyon [&hellip;]<\/p>\n","protected":false},"author":1,"featured_media":146890,"comment_status":"open","ping_status":"open","sticky":false,"template":"","format":"standard","meta":[],"categories":[53,52],"tags":[98996,4240,1999,98995,129,1247,442,26122,87,98997],"views":171,"_links":{"self":[{"href":"https:\/\/www.enerjigazetesi.ist\/en\/wp-json\/wp\/v2\/posts\/146886"}],"collection":[{"href":"https:\/\/www.enerjigazetesi.ist\/en\/wp-json\/wp\/v2\/posts"}],"about":[{"href":"https:\/\/www.enerjigazetesi.ist\/en\/wp-json\/wp\/v2\/types\/post"}],"author":[{"embeddable":true,"href":"https:\/\/www.enerjigazetesi.ist\/en\/wp-json\/wp\/v2\/users\/1"}],"replies":[{"embeddable":true,"href":"https:\/\/www.enerjigazetesi.ist\/en\/wp-json\/wp\/v2\/comments?post=146886"}],"version-history":[{"count":0,"href":"https:\/\/www.enerjigazetesi.ist\/en\/wp-json\/wp\/v2\/posts\/146886\/revisions"}],"wp:featuredmedia":[{"embeddable":true,"href":"https:\/\/www.enerjigazetesi.ist\/en\/wp-json\/wp\/v2\/media\/146890"}],"wp:attachment":[{"href":"https:\/\/www.enerjigazetesi.ist\/en\/wp-json\/wp\/v2\/media?parent=146886"}],"wp:term":[{"taxonomy":"category","embeddable":true,"href":"https:\/\/www.enerjigazetesi.ist\/en\/wp-json\/wp\/v2\/categories?post=146886"},{"taxonomy":"post_tag","embeddable":true,"href":"https:\/\/www.enerjigazetesi.ist\/en\/wp-json\/wp\/v2\/tags?post=146886"}],"curies":[{"name":"wp","href":"https:\/\/api.w.org\/{rel}","templated":true}]}}