{"id":146802,"date":"2021-11-30T13:43:20","date_gmt":"2021-11-30T10:43:20","guid":{"rendered":"https:\/\/www.enerjigazetesi.ist\/?p=146802"},"modified":"2021-11-30T13:43:20","modified_gmt":"2021-11-30T10:43:20","slug":"istanbul-ekonomi-zirvesi-yesil-ekonomi-temasiyla-10-aralikta-duzenleniyor","status":"publish","type":"post","link":"https:\/\/www.enerjigazetesi.ist\/en\/istanbul-ekonomi-zirvesi-yesil-ekonomi-temasiyla-10-aralikta-duzenleniyor\/","title":{"rendered":"(Turkish) \u0130stanbul Ekonomi Zirvesi &#8216;Ye\u015fil Ekonomi&#8217; Temas\u0131yla 10 Aral\u0131k&#8217;ta D\u00fczenleniyor"},"content":{"rendered":"<p class=\"qtranxs-available-languages-message qtranxs-available-languages-message-en\">Sorry, this entry is only available in <a href=\"https:\/\/www.enerjigazetesi.ist\/tr\/wp-json\/wp\/v2\/posts\/146802\" class=\"qtranxs-available-language-link qtranxs-available-language-link-tr\" title=\"Turkish\">Turkish<\/a>. For the sake of viewer convenience, the content is shown below in the alternative language. You may click the link to switch the active language.<\/p><p><\/p>\n<h2><strong>Bu y\u0131l 5&#8217;incisi d\u00fczenlenecek olan \u0130stanbul Ekonomi Zirvesi &#8220;Ye\u015fil Ekonomi&#8221; ana temas\u0131yla Kalyon PV ana sponsorlu\u011fuyla \u00c7\u0131ra\u011fan Saray\u0131\u2019nda ger\u00e7ekle\u015fecek. Devlet Eski Bakan\u0131, \u0130stanbul Ekonomi Zirvesi Y\u00f6netim Kurulu Ba\u015fkan\u0131 K\u00fcr\u015fad T\u00fczmen, \u0130stanbul Ekonomi Zirvesi \u0130cra Kurulu Ba\u015fkan\u0131 Abdullah De\u011fer zirveye ev sahipli\u011fi yapacak. <\/strong><\/h2>\n<p>5. \u0130stanbul Ekonomi Zirvesi <strong>\u2018\u2018Ye\u015fil Ekonomi\u2019\u2019<\/strong> Temas\u0131yla <strong>10 Aral\u0131k Cuma<\/strong> G\u00fcn\u00fc <strong>\u00c7\u0131ra\u011fan Saray\u0131\u2019nda<\/strong> ger\u00e7ekle\u015fecek. <strong>Devlet Eski Bakan\u0131, \u0130stanbul Ekonomi Zirvesi Y\u00f6netim Kurulu Ba\u015fkan\u0131 K\u00fcr\u015fad T\u00fczmen ve \u0130stanbul Ekonomi Zirvesi \u0130cra Kurulu Ba\u015fkan\u0131 Abdullah De\u011fer<\/strong>\u2019in ev sahipli\u011fi yapaca\u011f\u0131 zirvede <strong>\u00c7\u0131ra\u011fan Balo Salonu<\/strong> ve <strong>Y\u0131ld\u0131z A Salonu<\/strong>\u2019nda e\u015f zamanl\u0131 <img loading=\"lazy\" class=\"alignright wp-image-146805\" src=\"https:\/\/www.enerjigazetesi.ist\/wp-content\/uploads\/2021\/11\/01-1.jpg\" alt=\"\" width=\"320\" height=\"189\" srcset=\"https:\/\/www.enerjigazetesi.ist\/wp-content\/uploads\/2021\/11\/01-1.jpg 447w, https:\/\/www.enerjigazetesi.ist\/wp-content\/uploads\/2021\/11\/01-1-300x177.jpg 300w, https:\/\/www.enerjigazetesi.ist\/wp-content\/uploads\/2021\/11\/01-1-80x47.jpg 80w\" sizes=\"(max-width: 320px) 100vw, 320px\" \/>olarak <span style=\"text-decoration: underline;\">ger\u00e7ekle\u015ftirilecek panellerde;<\/span> <em>S\u00fcrd\u00fcr\u00fclebilir Kalk\u0131nmada Ye\u015fil Ekonominin \u00d6nemi, D\u00fcnyan\u0131n Yenilenebilir Enerjide De\u011fi\u015fim ve D\u00f6n\u00fc\u015f\u00fcm S\u00fcreci, Covid-19 \u0130le Birlikte K\u0131r\u0131lan Tedarik Zincirinde Yeni Dengeler, De\u011fi\u015fen Mobilite Ekosistemi ve Dijital Gelece\u011fimiz, Otomobil Sisteminde Elektrifikasyon D\u00f6n\u00fc\u015f\u00fcm, Dijital Tar\u0131m Ve Temel G\u0131da, Ekoturizmin \u00c7evresel Ekonomik ve Sosyo-K\u00fclt\u00fcrel Etkileri, Ye\u015fil M\u00fctabakat K\u00fcresel Ekonomide Dengeleri Nas\u0131l De\u011fi\u015ftirecek?, Bankac\u0131l\u0131k ve Finans<\/em> gibi konu ba\u015fl\u0131klar\u0131 ele al\u0131nacak.<\/p>\n<p><em>T\u00fcrkiye \u0130hracat\u00e7\u0131lar Meclisi (T\u0130M), T\u00fcrkiye Turizm Geli\u015ftirme Ajans\u0131 (TGA), T\u00fcrkish Cargo, Koluman Otomotiv End\u00fcstri A.\u015e., T\u00fcrkiye Seyahat Acentalar\u0131 Birli\u011fi (T\u00dcRSAB), Borusan Otomotiv BMW, Mercedes Benz T\u00fcrk, Mersin Tarsus Tar\u0131msal \u00dcr\u00fcn \u0130\u015fleme \u0130htisas ve Organize Sanayi B\u00f6lgesi (T\u00dc\u0130OSB), Sanofi Sa\u011fl\u0131k \u00dcr\u00fcnleri, Zorlu Enerji, Pekhan \u0130n\u015faat, Acarsan Holding ve AEB Hukuk<\/em>\u2019un destek ve sponsorlu\u011funda ger\u00e7ekle\u015fecek olan <strong>5.\u0130stanbul Ekonomi Zirvesi<\/strong> ile ekonomiye y\u00f6n verilecek.<\/p>\n<p>Geli\u015fen ve de\u011fi\u015fen d\u00fcnya ekonomisine y\u00f6n veren \u00f6nc\u00fclerin kat\u0131l\u0131m\u0131yla ger\u00e7ekle\u015fen de\u011ferlendirildi\u011fi \u0130stanbul Ekonomi Zirvesi, ekonomik f\u0131rsatlar\u0131 ve yeni d\u00fcnya ekonomisini her y\u00f6n\u00fcyle ele almak, <strong>d\u00fcnya ekonomisinin s\u00fcrd\u00fcr\u00fclebilir kalk\u0131nmas\u0131n\u0131<\/strong> de\u011ferlendirmek amac\u0131yla her y\u0131l d\u00fczenleniyor. \u00a0Birbirinden de\u011ferli ve uzman isimlerin kat\u0131l\u0131mlar\u0131yla ger\u00e7ekle\u015fen zirve, sadece <strong>T\u00fcrkiye ekonomisi<\/strong> i\u00e7in de\u011fil d\u00fcnyan\u0131n ekonomik anlamda s\u00fcrd\u00fcr\u00fclebilir kalk\u0131nmas\u0131na dair \u00f6nemli katk\u0131da bulunuyor. T\u00fcrkiye\u2019nin en b\u00fcy\u00fck ekonomi organizasyonlar\u0131 aras\u0131nda yer alan \u0130stanbul Ekonomi Zirvesi \u00f6ncesi konu\u015fan \u0130stanbul Ekonomi Zirvesi Y\u00f6netim Kurulu Ba\u015fkan\u0131 <strong>K\u00fcr\u015fad T\u00fczmen<\/strong> <em>\u201cDevletler i\u00e7in <strong>do\u011fayla uyumlu politikalar \u00fcretmek<\/strong> hi\u00e7 olmad\u0131\u011f\u0131 kadar \u00f6nemli. T\u00fcm d\u00fcnya iklim de\u011fi\u015fikli\u011finin canl\u0131lar i\u00e7in \u00f6zellikle orta ve uzun vadede korana vir\u00fcsten daha b\u00fcy\u00fck tehdit oldu\u011funun fak\u0131na vard\u0131. <strong>\u00c7evresel riskleri azalt\u0131c\u0131 sekt\u00f6rlere<\/strong> yat\u0131r\u0131mlar <strong>ye\u015fil ekonomi<\/strong> ile karakterize ediliyor. <strong>Yenilenebilir enerji, temiz teknolojiler, enerji verimlili\u011fine sahip binalar, d\u00fc\u015f\u00fck karbon emisyonlu ula\u015f\u0131m, geli\u015fmi\u015f at\u0131k y\u00f6netimi<\/strong> ve <strong>temiz i\u00e7me suyu sa\u011flanmas\u0131, s\u00fcrd\u00fcr\u00fclebilir tar\u0131m, s\u00fcrd\u00fcr\u00fclebilir orman ve s\u00fcrd\u00fcr\u00fclebilir bal\u0131k\u00e7\u0131l\u0131k<\/strong> bu sekt\u00f6rler aras\u0131nda say\u0131labilir. Ye\u015fil ekonomi bu alanlarda yap\u0131lacak yat\u0131r\u0131mlar\u0131n; <strong>ulusal politika reformlar\u0131, uluslararas\u0131 politika<\/strong> ve piyasa altyap\u0131lar\u0131n\u0131n geli\u015fmesi yoluyla ger\u00e7ekle\u015ftirilmesini veya desteklenmesini \u00f6ng\u00f6r\u00fcyor\u201d<\/em> ifadelerini kulland\u0131.<\/p>\n<p><strong>Abdullah De\u011fer<\/strong>, zirveye dair yapt\u0131\u011f\u0131 konu\u015fmada <em>&#8220;<strong>\u0130klim de\u011fi\u015fiklikleri<\/strong> yepyeni ekonomik sistem tart\u0131\u015fmalar\u0131n\u0131 da kap\u0131 aral\u0131yor. Y\u0131llar boyunca \u00e7evre konusunda ola\u011fan \u015f\u00fcpheliler ulus \u00f6tesi \u015firketler oldu. \u00d6yle ki <strong>karbon sal\u0131m\u0131n\u0131n<\/strong> \u00fc\u00e7te biri<strong> 20 \u00f6nde gelen<\/strong> \u015firket taraf\u0131ndan ger\u00e7ekle\u015ftiriliyor. Do\u011fal ya\u015fama en \u00e7ok zarar veren bu \u015firketlere dur diyecek plan ve projeler art\u0131k daha y\u00fcksek sesle dillendiriliyor. <strong>\u0130klim de\u011fi\u015fikli\u011fi<\/strong> devletlerin siyasi ajandalar\u0131ndaki a\u011f\u0131rl\u0131\u011f\u0131n\u0131 gittik\u00e7e artt\u0131r\u0131yor. T\u00fcm bu \u00e7evre dostu s\u00fcre\u00e7<strong> \u2018\u2019Ye\u015fil Ekonomi\u2019\u2019<\/strong> olarak adland\u0131r\u0131l\u0131yor. Avrupa Birli\u011fi bu konuda ilk ad\u0131mlar\u0131n\u0131 atarak <strong>\u2018\u2019Ye\u015fil Mutabakat\u2019\u2019<\/strong> \u00e7a\u011fr\u0131s\u0131n\u0131 duyurdu. \u0130nsanl\u0131\u011f\u0131n ortak gelece\u011finin milletlerin i\u015f birli\u011fine ba\u011fl\u0131 oldu\u011fu d\u00fc\u015f\u00fcn\u00fcld\u00fc\u011f\u00fcnde, <strong>problemlere b\u00fct\u00fcnc\u00fcl bakmay\u0131<\/strong> gerektiren bir bak\u0131\u015f a\u00e7\u0131s\u0131 ortaya koyan <strong>ye\u015fil ekonomi<\/strong>, <strong>\u00e7evreye dost bir kalk\u0131nma<\/strong> ve <strong>geli\u015fim politikalar\u0131<\/strong> olu\u015fturulmas\u0131n\u0131 i\u00e7eriyor. Unutulmamal\u0131d\u0131r ki ortak gelece\u011fin korunmas\u0131; <strong>ekonomi, \u00e7evre<\/strong> ve <strong>s\u00fcrd\u00fcr\u00fclebilir kalk\u0131nma<\/strong> alan\u0131nda var\u0131lan fikir birli\u011finin s\u00f6zde kalmamas\u0131 ile m\u00fcmk\u00fcn olacakt\u0131r&#8221;<\/em> a\u00e7\u0131klamas\u0131nda bulundu.<\/p>","protected":false},"excerpt":{"rendered":"<p>Sorry, this entry is only available in Turkish. For the sake of viewer convenience, the content is shown below in the alternative language. You may click the link to switch the active language. Bu y\u0131l 5&#8217;incisi d\u00fczenlenecek olan \u0130stanbul Ekonomi Zirvesi &#8220;Ye\u015fil Ekonomi&#8221; ana temas\u0131yla Kalyon PV ana sponsorlu\u011fuyla \u00c7\u0131ra\u011fan Saray\u0131\u2019nda ger\u00e7ekle\u015fecek. Devlet Eski Bakan\u0131, [&hellip;]<\/p>\n","protected":false},"author":1,"featured_media":146806,"comment_status":"open","ping_status":"open","sticky":false,"template":"","format":"standard","meta":[],"categories":[53,52],"tags":[98947,2530,1893,1999,10931,1243,2364,90,85540],"views":210,"_links":{"self":[{"href":"https:\/\/www.enerjigazetesi.ist\/en\/wp-json\/wp\/v2\/posts\/146802"}],"collection":[{"href":"https:\/\/www.enerjigazetesi.ist\/en\/wp-json\/wp\/v2\/posts"}],"about":[{"href":"https:\/\/www.enerjigazetesi.ist\/en\/wp-json\/wp\/v2\/types\/post"}],"author":[{"embeddable":true,"href":"https:\/\/www.enerjigazetesi.ist\/en\/wp-json\/wp\/v2\/users\/1"}],"replies":[{"embeddable":true,"href":"https:\/\/www.enerjigazetesi.ist\/en\/wp-json\/wp\/v2\/comments?post=146802"}],"version-history":[{"count":0,"href":"https:\/\/www.enerjigazetesi.ist\/en\/wp-json\/wp\/v2\/posts\/146802\/revisions"}],"wp:featuredmedia":[{"embeddable":true,"href":"https:\/\/www.enerjigazetesi.ist\/en\/wp-json\/wp\/v2\/media\/146806"}],"wp:attachment":[{"href":"https:\/\/www.enerjigazetesi.ist\/en\/wp-json\/wp\/v2\/media?parent=146802"}],"wp:term":[{"taxonomy":"category","embeddable":true,"href":"https:\/\/www.enerjigazetesi.ist\/en\/wp-json\/wp\/v2\/categories?post=146802"},{"taxonomy":"post_tag","embeddable":true,"href":"https:\/\/www.enerjigazetesi.ist\/en\/wp-json\/wp\/v2\/tags?post=146802"}],"curies":[{"name":"wp","href":"https:\/\/api.w.org\/{rel}","templated":true}]}}