{"id":146776,"date":"2021-11-30T11:40:08","date_gmt":"2021-11-30T08:40:08","guid":{"rendered":"https:\/\/www.enerjigazetesi.ist\/?p=146776"},"modified":"2021-11-30T11:53:13","modified_gmt":"2021-11-30T08:53:13","slug":"burgan-filo-cevreci-donusum-ile-elektrikli-araclari-bunyesine-katti","status":"publish","type":"post","link":"https:\/\/www.enerjigazetesi.ist\/en\/burgan-filo-cevreci-donusum-ile-elektrikli-araclari-bunyesine-katti\/","title":{"rendered":"(Turkish) &#8217;Burgan Filo&#8217; \u00c7evreci D\u00f6n\u00fc\u015f\u00fcm ile Elektrikli Ara\u00e7lar\u0131 B\u00fcnyesine Katt\u0131"},"content":{"rendered":"<p class=\"qtranxs-available-languages-message qtranxs-available-languages-message-en\">Sorry, this entry is only available in <a href=\"https:\/\/www.enerjigazetesi.ist\/tr\/wp-json\/wp\/v2\/posts\/146776\" class=\"qtranxs-available-language-link qtranxs-available-language-link-tr\" title=\"Turkish\">Turkish<\/a>. For the sake of viewer convenience, the content is shown below in the alternative language. You may click the link to switch the active language.<\/p><p><\/p>\n<h2><strong>Burgan Leasing b\u00fcnyesinde filo kiralama alan<\/strong><strong>\u0131<\/strong><strong>nda esnek \u00e7\u00f6z\u00fcmleri ve \u00fcr\u00fcn \u00e7e<\/strong><strong>\u015f<\/strong><strong>itlili<\/strong><strong>\u011f<\/strong><strong>iyle \u00f6ne \u00e7<\/strong><strong>\u0131<\/strong><strong>kan Burgan Filo, s\u00fcrd\u00fcr\u00fclebilir bir gelecek i\u00e7in elektrikli ara\u00e7larla filosunu geni<\/strong><strong>\u015f<\/strong><strong>letti. 600 milyon TL\u2019yi a<\/strong><strong>\u015f<\/strong><strong>an ara\u00e7 yat<\/strong><strong>\u0131<\/strong><strong>r<\/strong><strong>\u0131<\/strong><strong>mlar<\/strong><strong>\u0131<\/strong><strong>yla \u201c\u00e7evreci d\u00f6n\u00fc<\/strong><strong>\u015f<\/strong><strong>\u00fcme\u201d odaklanan <\/strong><strong>\u015f<\/strong><strong>irket, <\/strong><strong>\u0130<\/strong><strong>ngiliz MG markas<\/strong><strong>\u0131<\/strong><strong>n<\/strong><strong>\u0131<\/strong><strong>n ZS EV SUV tipi % 100 elektrikli ara\u00e7lar<\/strong><strong>\u0131<\/strong><strong>yla hizmet verecek.<\/strong><\/h2>\n<p>Burgan Filo, b\u00fcnyesine katt\u0131\u011f\u0131 yeni elektrikli ara\u00e7larla daha ya\u015fanabilir bir d\u00fcnya ve ye\u015fil gelecek i\u00e7in \u00f6nemli bir ad\u0131m att\u0131. Yapt\u0131\u011f\u0131 yat\u0131r\u0131m ile <strong>s\u0131f\u0131r emisyon hedefi<\/strong>ni ve <strong>\u00e7evre duyarl\u0131l\u0131\u011f\u0131n\u0131<\/strong> g\u00f6steren <img loading=\"lazy\" class=\"alignright wp-image-146781\" src=\"https:\/\/www.enerjigazetesi.ist\/wp-content\/uploads\/2021\/11\/burgan-filo-cevreci-donusum-ile-elektrikli-araclari-bunyesine-katti-2.jpg\" alt=\"\" width=\"320\" height=\"178\" srcset=\"https:\/\/www.enerjigazetesi.ist\/wp-content\/uploads\/2021\/11\/burgan-filo-cevreci-donusum-ile-elektrikli-araclari-bunyesine-katti-2.jpg 517w, https:\/\/www.enerjigazetesi.ist\/wp-content\/uploads\/2021\/11\/burgan-filo-cevreci-donusum-ile-elektrikli-araclari-bunyesine-katti-2-300x167.jpg 300w, https:\/\/www.enerjigazetesi.ist\/wp-content\/uploads\/2021\/11\/burgan-filo-cevreci-donusum-ile-elektrikli-araclari-bunyesine-katti-2-500x278.jpg 500w, https:\/\/www.enerjigazetesi.ist\/wp-content\/uploads\/2021\/11\/burgan-filo-cevreci-donusum-ile-elektrikli-araclari-bunyesine-katti-2-80x44.jpg 80w\" sizes=\"(max-width: 320px) 100vw, 320px\" \/>\u015firket, filosuna\u00a0\u0130ngiliz MG markas\u0131n\u0131n <strong>ZS EV SUV<\/strong> tipi <strong>% 100 elektrikli ara\u00e7lar\u0131<\/strong>n\u0131 dahil etti.<\/p>\n<p><strong>Teknoloji<\/strong> ve <strong>\u00e7evre<\/strong> odakl\u0131 \u015firket k\u00fclt\u00fcr\u00fcn\u00fc, faaliyet g\u00f6sterdikleri t\u00fcm alanlara entegre ettiklerini ifade eden\u00a0<strong>Burgan Leasing Filo Kiralama Genel M\u00fcd\u00fcr Yard<\/strong><strong>\u0131<\/strong><strong>mc<\/strong><strong>\u0131<\/strong><strong>s<\/strong><strong>\u0131<\/strong><strong> Saniye Ye<\/strong><strong>\u015f<\/strong><strong>ilba<\/strong><strong>\u015f<\/strong>, <em>\u201cM\u00fc\u015fterilerimizi \u00e7evreci teknolojilerle tan\u0131\u015ft\u0131rarak elektrikli ara\u00e7lar\u0131n kullan\u0131m\u0131n\u0131n yayg\u0131nla\u015fmas\u0131na katk\u0131 sa\u011flamay\u0131 ama\u00e7l\u0131yoruz. \u00d6n\u00fcm\u00fczdeki g\u00fcnlerde yapaca\u011f\u0131m\u0131z yeni yat\u0131r\u0131mlarla filomuzu elektrikli ara\u00e7 y\u00f6n\u00fcnden geli\u015ftirmeye devam edece\u011fiz\u201d<\/em> dedi.<\/p>\n<h3><strong>\u201c3 y<\/strong><strong>\u0131<\/strong><strong>lda filonun % 15\u2019i \u00e7evreci olacak\u201d<\/strong><\/h3>\n<p>Filolar\u0131ndaki s\u0131f\u0131r emisyonlu ara\u00e7 oran\u0131n\u0131 3 y\u0131l i\u00e7inde <strong>% 15<\/strong>\u2019e \u00e7\u0131karmay\u0131 planlad\u0131klar\u0131n\u0131 belirten <strong>Burgan Leasing Filo Kiralama Genel M\u00fcd\u00fcr Yard<\/strong><strong>\u0131<\/strong><strong>mc<\/strong><strong>\u0131<\/strong><strong>s<\/strong><strong>\u0131<\/strong><strong> Saniye Ye<\/strong><strong>\u015f<\/strong><strong>ilba<\/strong><strong>\u015f<\/strong>, 2030 y\u0131l\u0131na kadar ise filolar\u0131n\u0131n tamam\u0131n\u0131n <strong>\u00e7evreci<\/strong> ve<strong> geri d\u00f6n\u00fc\u015ft\u00fcr\u00fclm\u00fc\u015f malzemelerden<\/strong> \u00fcretilmi\u015f ara\u00e7lardan olu\u015fmas\u0131n\u0131 hedeflediklerini aktard\u0131.<\/p>","protected":false},"excerpt":{"rendered":"<p>Sorry, this entry is only available in Turkish. For the sake of viewer convenience, the content is shown below in the alternative language. You may click the link to switch the active language. Burgan Leasing b\u00fcnyesinde filo kiralama alan\u0131nda esnek \u00e7\u00f6z\u00fcmleri ve \u00fcr\u00fcn \u00e7e\u015fitlili\u011fiyle \u00f6ne \u00e7\u0131kan Burgan Filo, s\u00fcrd\u00fcr\u00fclebilir bir gelecek i\u00e7in elektrikli ara\u00e7larla filosunu [&hellip;]<\/p>\n","protected":false},"author":1,"featured_media":146781,"comment_status":"open","ping_status":"open","sticky":false,"template":"","format":"standard","meta":[],"categories":[51,53],"tags":[98941,98939,98942,215,98940,1296,98943],"views":179,"_links":{"self":[{"href":"https:\/\/www.enerjigazetesi.ist\/en\/wp-json\/wp\/v2\/posts\/146776"}],"collection":[{"href":"https:\/\/www.enerjigazetesi.ist\/en\/wp-json\/wp\/v2\/posts"}],"about":[{"href":"https:\/\/www.enerjigazetesi.ist\/en\/wp-json\/wp\/v2\/types\/post"}],"author":[{"embeddable":true,"href":"https:\/\/www.enerjigazetesi.ist\/en\/wp-json\/wp\/v2\/users\/1"}],"replies":[{"embeddable":true,"href":"https:\/\/www.enerjigazetesi.ist\/en\/wp-json\/wp\/v2\/comments?post=146776"}],"version-history":[{"count":0,"href":"https:\/\/www.enerjigazetesi.ist\/en\/wp-json\/wp\/v2\/posts\/146776\/revisions"}],"wp:featuredmedia":[{"embeddable":true,"href":"https:\/\/www.enerjigazetesi.ist\/en\/wp-json\/wp\/v2\/media\/146781"}],"wp:attachment":[{"href":"https:\/\/www.enerjigazetesi.ist\/en\/wp-json\/wp\/v2\/media?parent=146776"}],"wp:term":[{"taxonomy":"category","embeddable":true,"href":"https:\/\/www.enerjigazetesi.ist\/en\/wp-json\/wp\/v2\/categories?post=146776"},{"taxonomy":"post_tag","embeddable":true,"href":"https:\/\/www.enerjigazetesi.ist\/en\/wp-json\/wp\/v2\/tags?post=146776"}],"curies":[{"name":"wp","href":"https:\/\/api.w.org\/{rel}","templated":true}]}}