{"id":146746,"date":"2021-11-29T15:09:50","date_gmt":"2021-11-29T12:09:50","guid":{"rendered":"https:\/\/www.enerjigazetesi.ist\/?p=146746"},"modified":"2021-11-29T15:09:50","modified_gmt":"2021-11-29T12:09:50","slug":"tuvalimiz-trafolar-projesi-kadina-esitlik-ilkesi-mesaji-verdi","status":"publish","type":"post","link":"https:\/\/www.enerjigazetesi.ist\/en\/tuvalimiz-trafolar-projesi-kadina-esitlik-ilkesi-mesaji-verdi\/","title":{"rendered":"(Turkish) &#8217;Tuvalimiz Trafolar Projesi&#8217; Kad\u0131na E\u015fitlik \u0130lkesi Mesaj\u0131 Verdi"},"content":{"rendered":"<p class=\"qtranxs-available-languages-message qtranxs-available-languages-message-en\">Sorry, this entry is only available in <a href=\"https:\/\/www.enerjigazetesi.ist\/tr\/wp-json\/wp\/v2\/posts\/146746\" class=\"qtranxs-available-language-link qtranxs-available-language-link-tr\" title=\"Turkish\">Turkish<\/a>. For the sake of viewer convenience, the content is shown below in the alternative language. You may click the link to switch the active language.<\/p><p><\/p>\n<h2><strong>SEDA\u015e, toplumsal konularda fark\u0131ndal\u0131k yaratmak amac\u0131yla ba\u015flatt\u0131\u011f\u0131 Tuvalimiz Trafolar projesini s\u00fcrd\u00fcr\u00fcyor. 25 Kas\u0131m <\/strong><strong>Kad\u0131na Y\u00f6nelik \u015eiddete Kar\u015f\u0131 Uluslararas\u0131 M\u00fccadele G\u00fcn\u00fc\u2019nde enerji trafosu sosyal mesajlarla boyand\u0131. <\/strong><\/h2>\n<p><img loading=\"lazy\" class=\"alignright wp-image-146748\" src=\"https:\/\/www.enerjigazetesi.ist\/wp-content\/uploads\/2021\/11\/tuvalimiz-trafolar-projesi-kadina-esitlik-ilkesi-mesaji-verdi-2.jpg\" alt=\"\" width=\"320\" height=\"240\" srcset=\"https:\/\/www.enerjigazetesi.ist\/wp-content\/uploads\/2021\/11\/tuvalimiz-trafolar-projesi-kadina-esitlik-ilkesi-mesaji-verdi-2.jpg 550w, https:\/\/www.enerjigazetesi.ist\/wp-content\/uploads\/2021\/11\/tuvalimiz-trafolar-projesi-kadina-esitlik-ilkesi-mesaji-verdi-2-300x225.jpg 300w, https:\/\/www.enerjigazetesi.ist\/wp-content\/uploads\/2021\/11\/tuvalimiz-trafolar-projesi-kadina-esitlik-ilkesi-mesaji-verdi-2-500x375.jpg 500w, https:\/\/www.enerjigazetesi.ist\/wp-content\/uploads\/2021\/11\/tuvalimiz-trafolar-projesi-kadina-esitlik-ilkesi-mesaji-verdi-2-67x50.jpg 67w\" sizes=\"(max-width: 320px) 100vw, 320px\" \/>SEDA\u015e, elektrik trafolar\u0131 arac\u0131l\u0131\u011f\u0131yla<strong> toplumsal fark\u0131ndal\u0131k yaratmay\u0131<\/strong> hedefledi\u011fi <strong>Tuvalimiz Trafolar projesi<\/strong>nin devam eden etab\u0131nda, <strong>kad\u0131na e\u015fitlik ilkesi<\/strong> mesaj\u0131n\u0131 verdi. <strong>25 Kas\u0131m Kad\u0131na Y\u00f6nelik \u015eiddete Kar\u015f\u0131 Uluslararas\u0131 M\u00fccadele G\u00fcn\u00fc<\/strong>\u2019nde trafoya <strong>\u201cEvde, i\u015fte, her yerde e\u015fitiz, birlikteyiz\u201d<\/strong> mesaj\u0131 yaz\u0131ld\u0131.<\/p>\n<h3><strong>\u201cKad\u0131n erkek e\u015fitli\u011fi ilkesini benimsemeliyiz\u201d<\/strong><\/h3>\n<p>SEDA\u015e \u0130nsan Kaynaklar\u0131 ve Kurumsal Yetkinlikler Direkt\u00f6r\u00fc Sinem Yorulmaz, T\u00fcrkiye\u2019de <strong>kad\u0131na y\u00f6nelik \u015fiddetin<\/strong> her ge\u00e7en g\u00fcn daha da artt\u0131\u011f\u0131n\u0131 belirterek <span style=\"text-decoration: underline;\">\u015funlar\u0131 dile getirdi;<\/span><em> \u201cD\u00fcnya genelinde her <strong>100<\/strong> kad\u0131ndan <strong>35&#8217;i<\/strong> e\u015fleri taraf\u0131ndan <strong>\u015fiddete maruz<\/strong> kal\u0131yor. \u015eiddetin \u00f6nlenebilmesi i\u00e7in \u00f6ncelikle herkesin <strong>kad\u0131n erkek e\u015fitli\u011fi ilkesini benimsemesi<\/strong> gerekiyor. SEDA\u015e olarak <strong>kad\u0131n m\u00fchendis<\/strong> \u00e7al\u0131\u015fan say\u0131m\u0131z\u0131n \u00f6nceki y\u0131llara g\u00f6re<strong> artm\u0131\u015f oldu\u011funu<\/strong> g\u00f6r\u00fcyoruz. Kad\u0131n\u0131n i\u015f d\u00fcnyas\u0131ndaki temsil g\u00fcc\u00fcn\u00fcn artmas\u0131 i\u00e7in de destek veriyoruz. D\u00fcnyan\u0131n en b\u00fcy\u00fck s\u00fcrd\u00fcr\u00fclebilirlik inisiyatifi<strong> Global Compact \u00fcyesi<\/strong> olarak kad\u0131na e\u015fitlik konusunda toplumsal fark\u0131ndal\u0131\u011f\u0131 olu\u015fturmak i\u00e7in trafomuzdan, <strong>\u2018Evde, i\u015fte her yerde e\u015fitiz birlikteyiz\u2019<\/strong> slogan\u0131yla mesaj\u0131m\u0131z\u0131 verdik\u201d.<\/em><\/p>","protected":false},"excerpt":{"rendered":"<p>Sorry, this entry is only available in Turkish. For the sake of viewer convenience, the content is shown below in the alternative language. You may click the link to switch the active language. SEDA\u015e, toplumsal konularda fark\u0131ndal\u0131k yaratmak amac\u0131yla ba\u015flatt\u0131\u011f\u0131 Tuvalimiz Trafolar projesini s\u00fcrd\u00fcr\u00fcyor. 25 Kas\u0131m Kad\u0131na Y\u00f6nelik \u015eiddete Kar\u015f\u0131 Uluslararas\u0131 M\u00fccadele G\u00fcn\u00fc\u2019nde enerji trafosu [&hellip;]<\/p>\n","protected":false},"author":1,"featured_media":146749,"comment_status":"open","ping_status":"open","sticky":false,"template":"","format":"standard","meta":[],"categories":[51,53],"tags":[96572,98907,47646,98909,2444,98908,96394],"views":131,"_links":{"self":[{"href":"https:\/\/www.enerjigazetesi.ist\/en\/wp-json\/wp\/v2\/posts\/146746"}],"collection":[{"href":"https:\/\/www.enerjigazetesi.ist\/en\/wp-json\/wp\/v2\/posts"}],"about":[{"href":"https:\/\/www.enerjigazetesi.ist\/en\/wp-json\/wp\/v2\/types\/post"}],"author":[{"embeddable":true,"href":"https:\/\/www.enerjigazetesi.ist\/en\/wp-json\/wp\/v2\/users\/1"}],"replies":[{"embeddable":true,"href":"https:\/\/www.enerjigazetesi.ist\/en\/wp-json\/wp\/v2\/comments?post=146746"}],"version-history":[{"count":0,"href":"https:\/\/www.enerjigazetesi.ist\/en\/wp-json\/wp\/v2\/posts\/146746\/revisions"}],"wp:featuredmedia":[{"embeddable":true,"href":"https:\/\/www.enerjigazetesi.ist\/en\/wp-json\/wp\/v2\/media\/146749"}],"wp:attachment":[{"href":"https:\/\/www.enerjigazetesi.ist\/en\/wp-json\/wp\/v2\/media?parent=146746"}],"wp:term":[{"taxonomy":"category","embeddable":true,"href":"https:\/\/www.enerjigazetesi.ist\/en\/wp-json\/wp\/v2\/categories?post=146746"},{"taxonomy":"post_tag","embeddable":true,"href":"https:\/\/www.enerjigazetesi.ist\/en\/wp-json\/wp\/v2\/tags?post=146746"}],"curies":[{"name":"wp","href":"https:\/\/api.w.org\/{rel}","templated":true}]}}