{"id":146713,"date":"2021-11-29T11:16:28","date_gmt":"2021-11-29T08:16:28","guid":{"rendered":"https:\/\/www.enerjigazetesi.ist\/?p=146713"},"modified":"2021-11-29T11:16:28","modified_gmt":"2021-11-29T08:16:28","slug":"milliyet-enerji-dergisi-iklim-krizi-sorunu-ve-enerji-sektorunu-masaya-yatiriyor","status":"publish","type":"post","link":"https:\/\/www.enerjigazetesi.ist\/en\/milliyet-enerji-dergisi-iklim-krizi-sorunu-ve-enerji-sektorunu-masaya-yatiriyor\/","title":{"rendered":"(Turkish) Milliyet Enerji Dergisi \u0130klim Krizi Sorunu ve Enerji Sekt\u00f6r\u00fcn\u00fc Masaya Yat\u0131r\u0131yor"},"content":{"rendered":"<p class=\"qtranxs-available-languages-message qtranxs-available-languages-message-en\">Sorry, this entry is only available in <a href=\"https:\/\/www.enerjigazetesi.ist\/tr\/wp-json\/wp\/v2\/posts\/146713\" class=\"qtranxs-available-language-link qtranxs-available-language-link-tr\" title=\"Turkish\">Turkish<\/a>. For the sake of viewer convenience, the content is shown below in the alternative language. You may click the link to switch the active language.<\/p><p><\/p>\n<h2>Milliyet Enerji dergisi 8&#8217;inci say\u0131s\u0131yla iklim ve enerji alan\u0131ndaki k\u00fcresel geli\u015fmeler ve T\u00fcrkiye\u2019ye etkilerini inceliyor. 29 Kas\u0131m Pazartesi raflardaki yerini alacak dergi, \u0130sko\u00e7ya\u2019n\u0131n Glasgow kentinde ger\u00e7ekle\u015fen Birle\u015fmi\u015f Milletler (BM) \u0130klim De\u011fi\u015fikli\u011fi \u00c7er\u00e7eve S\u00f6zle\u015fmesi 26. Taraflar Konferans\u0131\u2019n\u0131n (COP26) kulis bilgilerinden, d\u00fcnya liderlerinin yakla\u015f\u0131mlar\u0131na \u0131\u015f\u0131k tutuyor. COP26\u2019n\u0131n sonu\u00e7lar\u0131 her a\u00e7\u0131dan ele al\u0131n\u0131yor ve bu sonu\u00e7lar\u0131n enerji <img loading=\"lazy\" class=\"alignright wp-image-146715\" src=\"https:\/\/www.enerjigazetesi.ist\/wp-content\/uploads\/2021\/11\/milliyet-enerji-dergisi-iklim-krizi-sorunu-ve-enerji-sektorunu-masaya-yatiriyor.jpg\" alt=\"\" width=\"320\" height=\"250\" srcset=\"https:\/\/www.enerjigazetesi.ist\/wp-content\/uploads\/2021\/11\/milliyet-enerji-dergisi-iklim-krizi-sorunu-ve-enerji-sektorunu-masaya-yatiriyor.jpg 550w, https:\/\/www.enerjigazetesi.ist\/wp-content\/uploads\/2021\/11\/milliyet-enerji-dergisi-iklim-krizi-sorunu-ve-enerji-sektorunu-masaya-yatiriyor-300x235.jpg 300w, https:\/\/www.enerjigazetesi.ist\/wp-content\/uploads\/2021\/11\/milliyet-enerji-dergisi-iklim-krizi-sorunu-ve-enerji-sektorunu-masaya-yatiriyor-500x391.jpg 500w, https:\/\/www.enerjigazetesi.ist\/wp-content\/uploads\/2021\/11\/milliyet-enerji-dergisi-iklim-krizi-sorunu-ve-enerji-sektorunu-masaya-yatiriyor-64x50.jpg 64w\" sizes=\"(max-width: 320px) 100vw, 320px\" \/>sekt\u00f6r\u00fcne olan etkilerine vurgu yap\u0131l\u0131yor.<\/h2>\n<p>Milliyet Enerji\u2019nin yeni say\u0131s\u0131nda uzmanlar, ba\u015far\u0131s\u0131yla ve ba\u015far\u0131s\u0131zl\u0131\u011f\u0131yla <strong>BM 26. \u0130klim Konferans\u0131<\/strong>\u2019n\u0131 <strong>360 derece analiz<\/strong> ediyor. <strong>Do\u00e7. Dr. \u0130zzet Ar\u0131<\/strong>, daha \u00f6nceki \u0130klim Konferanslar\u0131 deneyimleriyle <strong>COP26\u2019<\/strong>da al\u0131nan kararlar\u0131, anla\u015fma metnini ve T\u00fcrkiye\u2019nin m\u00fczakerelerdeki pozisyonunu uzman g\u00f6r\u00fc\u015fleriyle a\u00e7\u0131kl\u0131yor. <em>Uluslararas\u0131 Enerji Ajans\u0131 Ba\u015fkan\u0131 Dr. Fatih Birol, iklim de\u011fi\u015fikli\u011fine bulunacak \u00e7\u00f6z\u00fcm\u00fcn enerji sekt\u00f6r\u00fcnden ge\u00e7ti\u011fine dikkat \u00e7ekiyor. Sabanc\u0131 \u00dcniversitesi \u0130stanbul Politikalar Merkezi K\u0131demli Uzman\u0131, \u0130klim \u00c7al\u0131\u015fmalar\u0131 Koordinat\u00f6r\u00fc \u00dcmit \u015eahin,<\/em> T\u00fcrkiye\u2019nin art\u0131k <strong>k\u00f6m\u00fcr kullan\u0131m\u0131n\u0131 b\u0131rakma<\/strong> konusunda bir politika belirledi\u011fini ve at\u0131lacak en \u00f6nemli ad\u0131m\u0131n <strong>ulusal katk\u0131 beyan\u0131n\u0131 g\u00fcncellemesi oldu\u011funu<\/strong> vurguluyor. T\u00fcrkiye\u2019de enerji sekt\u00f6r\u00fcn\u00fcn uzman isimlerinden Murat LeCompte<strong> COP26<\/strong>\u2019n\u0131n getirdi\u011fi de\u011fi\u015fikliklerin ard\u0131ndan enerji sekt\u00f6r\u00fcnde <strong>n\u00fckleerin rol\u00fcn\u00fcn<\/strong> \u00e7ok daha \u00f6nemli olaca\u011f\u0131n\u0131 belirtiyor.<\/p>\n<p>Milliyet Enerjii\u00a0Perspektif k\u00f6\u015fesinde ise <strong>Mithat Yurdakul<\/strong>, <strong>COP26<\/strong>\u2019da da g\u00fcndeme gelen ve<strong> iklim kriziyle m\u00fccadele<\/strong>de <strong>temiz enerji alternatifi<\/strong> olarak \u00f6n plana \u00e7\u0131kan<strong> n\u00fckleer enerji tart\u0131\u015fmalar\u0131na<\/strong> a\u00e7\u0131kl\u0131k getiriyor.<\/p>\n<p><strong>29 Kas\u0131m Pazartesi<\/strong> g\u00fcn\u00fc Milliyet Gazetesi ile birlikte bayilerden <strong>\u00fccretsiz<\/strong> olarak ula\u015f\u0131labilecek <strong>Milliyet Enerji Dergisi<\/strong>\u2019ne, dijital platformlarda <strong>Dergilik, gazetelik<\/strong> ve <strong>Milliyet e-gazete uygulamalar\u0131<\/strong>ndan da eri\u015filebilecek.<\/p>","protected":false},"excerpt":{"rendered":"<p>Sorry, this entry is only available in Turkish. For the sake of viewer convenience, the content is shown below in the alternative language. You may click the link to switch the active language. Milliyet Enerji dergisi 8&#8217;inci say\u0131s\u0131yla iklim ve enerji alan\u0131ndaki k\u00fcresel geli\u015fmeler ve T\u00fcrkiye\u2019ye etkilerini inceliyor. 29 Kas\u0131m Pazartesi raflardaki yerini alacak dergi, [&hellip;]<\/p>\n","protected":false},"author":1,"featured_media":146715,"comment_status":"open","ping_status":"open","sticky":false,"template":"","format":"standard","meta":[],"categories":[51,53,52,24649],"tags":[98893,98892,87472,1999,53809,98891,91125],"views":259,"_links":{"self":[{"href":"https:\/\/www.enerjigazetesi.ist\/en\/wp-json\/wp\/v2\/posts\/146713"}],"collection":[{"href":"https:\/\/www.enerjigazetesi.ist\/en\/wp-json\/wp\/v2\/posts"}],"about":[{"href":"https:\/\/www.enerjigazetesi.ist\/en\/wp-json\/wp\/v2\/types\/post"}],"author":[{"embeddable":true,"href":"https:\/\/www.enerjigazetesi.ist\/en\/wp-json\/wp\/v2\/users\/1"}],"replies":[{"embeddable":true,"href":"https:\/\/www.enerjigazetesi.ist\/en\/wp-json\/wp\/v2\/comments?post=146713"}],"version-history":[{"count":0,"href":"https:\/\/www.enerjigazetesi.ist\/en\/wp-json\/wp\/v2\/posts\/146713\/revisions"}],"wp:featuredmedia":[{"embeddable":true,"href":"https:\/\/www.enerjigazetesi.ist\/en\/wp-json\/wp\/v2\/media\/146715"}],"wp:attachment":[{"href":"https:\/\/www.enerjigazetesi.ist\/en\/wp-json\/wp\/v2\/media?parent=146713"}],"wp:term":[{"taxonomy":"category","embeddable":true,"href":"https:\/\/www.enerjigazetesi.ist\/en\/wp-json\/wp\/v2\/categories?post=146713"},{"taxonomy":"post_tag","embeddable":true,"href":"https:\/\/www.enerjigazetesi.ist\/en\/wp-json\/wp\/v2\/tags?post=146713"}],"curies":[{"name":"wp","href":"https:\/\/api.w.org\/{rel}","templated":true}]}}