{"id":146681,"date":"2021-11-29T01:01:14","date_gmt":"2021-11-28T22:01:14","guid":{"rendered":"https:\/\/www.enerjigazetesi.ist\/?p=146681"},"modified":"2021-11-29T01:02:47","modified_gmt":"2021-11-28T22:02:47","slug":"greeneco-enerji-7-inci-jes-ini-denizli-de-kuracak","status":"publish","type":"post","link":"https:\/\/www.enerjigazetesi.ist\/en\/greeneco-enerji-7-inci-jes-ini-denizli-de-kuracak\/","title":{"rendered":"(Turkish) &#8217;Greeneco Enerji&#8217; 49MW Kapasiteli 7&#8217;inci JES&#8217;ini Kuracak"},"content":{"rendered":"<p class=\"qtranxs-available-languages-message qtranxs-available-languages-message-en\">Sorry, this entry is only available in <a href=\"https:\/\/www.enerjigazetesi.ist\/tr\/wp-json\/wp\/v2\/posts\/146681\" class=\"qtranxs-available-language-link qtranxs-available-language-link-tr\" title=\"Turkish\">Turkish<\/a>. For the sake of viewer convenience, the content is shown below in the alternative language. You may click the link to switch the active language.<\/p><p><\/p>\n<h2><img loading=\"lazy\" class=\"alignright wp-image-146683\" src=\"https:\/\/www.enerjigazetesi.ist\/wp-content\/uploads\/2021\/11\/greeneco-enerji-7-inci-jes-ini-denizli-de-kuracak-1.jpg\" alt=\"\" width=\"320\" height=\"212\" srcset=\"https:\/\/www.enerjigazetesi.ist\/wp-content\/uploads\/2021\/11\/greeneco-enerji-7-inci-jes-ini-denizli-de-kuracak-1.jpg 642w, https:\/\/www.enerjigazetesi.ist\/wp-content\/uploads\/2021\/11\/greeneco-enerji-7-inci-jes-ini-denizli-de-kuracak-1-300x199.jpg 300w, https:\/\/www.enerjigazetesi.ist\/wp-content\/uploads\/2021\/11\/greeneco-enerji-7-inci-jes-ini-denizli-de-kuracak-1-500x332.jpg 500w, https:\/\/www.enerjigazetesi.ist\/wp-content\/uploads\/2021\/11\/greeneco-enerji-7-inci-jes-ini-denizli-de-kuracak-1-75x50.jpg 75w, https:\/\/www.enerjigazetesi.ist\/wp-content\/uploads\/2021\/11\/greeneco-enerji-7-inci-jes-ini-denizli-de-kuracak-1-450x300.jpg 450w\" sizes=\"(max-width: 320px) 100vw, 320px\" \/>Greeneco Enerji, Denizli\u2019nin Sarayk\u00f6y ve Ayd\u0131n\u2019\u0131n Buharkent il\u00e7esinde 49 MW kapasiteli 7&#8217;inci jeotermal santralini kuracak.<\/h2>\n<p><strong>Jeotermal Enerji Santrali yat\u0131r\u0131m\u0131<\/strong> ile tahmini olarak <strong>978 milyon lira<\/strong> bir yat\u0131r\u0131m yapacak olan kurulu\u015f <strong>7&#8217;inci santraliyle<\/strong> birlikte toplam da jeotermal kurulu g\u00fcc\u00fcn\u00fc<strong> 155 MW<\/strong>\u2019a y\u00fckseltmi\u015f olacak.<\/p>\n<p><strong>Greeneco JES-7 santrali<\/strong> kapsam\u0131nda<strong> 105 adet<\/strong> sondaj alan\u0131 dahilinde belirlenen ve projeye uygun sondaj alanlar\u0131ndan elde edilecek olup santral tam kapasiteyle devreye al\u0131nmas\u0131 halinde ise <strong>392 milyon kWh\/y\u0131l<\/strong> enerji \u00fcretece\u011fi \u00f6ng\u00f6r\u00fcl\u00fcyor.<\/p>","protected":false},"excerpt":{"rendered":"<p>Sorry, this entry is only available in Turkish. For the sake of viewer convenience, the content is shown below in the alternative language. You may click the link to switch the active language. Greeneco Enerji, Denizli\u2019nin Sarayk\u00f6y ve Ayd\u0131n\u2019\u0131n Buharkent il\u00e7esinde 49 MW kapasiteli 7&#8217;inci jeotermal santralini kuracak. Jeotermal Enerji Santrali yat\u0131r\u0131m\u0131 ile tahmini olarak [&hellip;]<\/p>\n","protected":false},"author":1,"featured_media":146683,"comment_status":"open","ping_status":"open","sticky":false,"template":"","format":"standard","meta":[],"categories":[51,53,48],"tags":[845,5211,10686,56279,35055,6322],"views":914,"_links":{"self":[{"href":"https:\/\/www.enerjigazetesi.ist\/en\/wp-json\/wp\/v2\/posts\/146681"}],"collection":[{"href":"https:\/\/www.enerjigazetesi.ist\/en\/wp-json\/wp\/v2\/posts"}],"about":[{"href":"https:\/\/www.enerjigazetesi.ist\/en\/wp-json\/wp\/v2\/types\/post"}],"author":[{"embeddable":true,"href":"https:\/\/www.enerjigazetesi.ist\/en\/wp-json\/wp\/v2\/users\/1"}],"replies":[{"embeddable":true,"href":"https:\/\/www.enerjigazetesi.ist\/en\/wp-json\/wp\/v2\/comments?post=146681"}],"version-history":[{"count":0,"href":"https:\/\/www.enerjigazetesi.ist\/en\/wp-json\/wp\/v2\/posts\/146681\/revisions"}],"wp:featuredmedia":[{"embeddable":true,"href":"https:\/\/www.enerjigazetesi.ist\/en\/wp-json\/wp\/v2\/media\/146683"}],"wp:attachment":[{"href":"https:\/\/www.enerjigazetesi.ist\/en\/wp-json\/wp\/v2\/media?parent=146681"}],"wp:term":[{"taxonomy":"category","embeddable":true,"href":"https:\/\/www.enerjigazetesi.ist\/en\/wp-json\/wp\/v2\/categories?post=146681"},{"taxonomy":"post_tag","embeddable":true,"href":"https:\/\/www.enerjigazetesi.ist\/en\/wp-json\/wp\/v2\/tags?post=146681"}],"curies":[{"name":"wp","href":"https:\/\/api.w.org\/{rel}","templated":true}]}}