{"id":14668,"date":"2013-08-30T22:05:06","date_gmt":"2013-08-30T19:05:06","guid":{"rendered":"https:\/\/www.enerjigazetesi.ist\/?p=14668"},"modified":"2013-08-30T22:05:06","modified_gmt":"2013-08-30T19:05:06","slug":"komur-yine-cinin-ana-enerji-kaynagi-olacak","status":"publish","type":"post","link":"https:\/\/www.enerjigazetesi.ist\/en\/komur-yine-cinin-ana-enerji-kaynagi-olacak\/","title":{"rendered":"(Turkish) K\u00f6m\u00fcr Yine \u00c7in&#8217;in Ana Enerji Kayna\u011f\u0131 Olacak&#8230;"},"content":{"rendered":"<p class=\"qtranxs-available-languages-message qtranxs-available-languages-message-en\">Sorry, this entry is only available in <a href=\"https:\/\/www.enerjigazetesi.ist\/tr\/wp-json\/wp\/v2\/posts\/14668\" class=\"qtranxs-available-language-link qtranxs-available-language-link-tr\" title=\"Turkish\">Turkish<\/a>. For the sake of viewer convenience, the content is shown below in the alternative language. You may click the link to switch the active language.<\/p><p><strong>Yenilenebilir enerji yat\u0131r\u0131mlar\u0131nda ger\u00e7ekle\u015fecek rekor b\u00fcy\u00fcmeye ra\u011fmen k\u00f6m\u00fcr\u00fcn\u00a0 \u00c7in elektrik \u00fcretimindeki a\u011f\u0131rl\u0131\u011f\u0131n\u0131 koruyaca\u011f\u0131 \u00f6ng\u00f6r\u00fcld\u00fc. Ara\u015ft\u0131rma kurulu\u015fu Bloomberg New Energy Finance (BNEF) \u00c7in&#8217;in enerji\u00a0 sekt\u00f6r\u00fcnde 2013-2030 y\u0131llar\u0131 aras\u0131ndaki olas\u0131 geli\u015fmeleri inceleyen bir \u00e7al\u0131\u015fma\u00a0 yay\u0131nlad\u0131.<\/strong><\/p>\n<p>Londra merkezli ara\u015ft\u0131rma kurulu\u015funun &#8221;\u00c7in Enerji Sekt\u00f6r\u00fcn\u00fcn Gelece\u011fi&#8221;\u00a0 ba\u015fl\u0131kl\u0131 \u00e7al\u0131\u015fmas\u0131n\u0131n y\u00f6netici \u00f6zetinde yer alan de\u011ferlendirmelere g\u00f6re 17 y\u0131ll\u0131k\u00a0 s\u00fcre\u00e7te \u00c7in&#8217;in yenilenebilir enerji alan\u0131ndaki kurulu g\u00fcc\u00fc \u00e7ok ciddi oranda\u00a0 y\u00fckselecek olmas\u0131na ra\u011fmen, k\u00f6m\u00fcr santrallerinin elektrik \u00fcretimindeki a\u011f\u0131rl\u0131\u011f\u0131 gerileyerek de olsa devam edecek.<\/p>\n<p>\u00c7al\u0131\u015fmaya g\u00f6re 2012 sonu itibari ile 1,124 GW&#8217;l\u0131k kurulu g\u00fcce ula\u015fan ve\u00a0 halihaz\u0131rda d\u00fcnyan\u0131n en b\u00fcy\u00fck enerji pazar\u0131 olan \u00c7in&#8217;in elektrik talebindeki\u00a0 art\u0131\u015f y\u0131ll\u0131k y\u00fczde 5&#8217;lik ortalama ile artmaya devam edecek.<\/p>\n<p><strong>\u00c7in&#8217;in elektrik \u00fcretim kapasitesi 17 y\u0131lda 1,583 GW\u00a0 artacak<\/strong><\/p>\n<p>D\u00f6rt ayr\u0131 senaryonun incelendi\u011fi \u00e7al\u0131\u015fmadaki ana senaryoya g\u00f6re ise 17\u00a0 y\u0131ll\u0131k d\u00f6nemde \u00fclkedeki elektrik talebini kar\u015f\u0131lamak i\u00e7in 1,583 GW&#8217;l\u0131k kurulu\u00a0 g\u00fc\u00e7 art\u0131\u015f\u0131 sa\u011flanacak ve \u00fclkenin toplam kurulu g\u00fcc\u00fc 2,707 GW&#8217;a y\u00fckselecek.<\/p>\n<p>Bu s\u00fcre\u00e7te \u00fclkenin elektrik \u00fcretim kapasitesi her y\u0131l, T\u00fcrkiye&#8217;nin\u00a0 halihaz\u0131rda 60 GW civar\u0131nda olan kurulu g\u00fcc\u00fcn\u00fcn 1.5 kat\u0131na yak\u0131n \u015fekilde, 88 GW\u00a0 artacak. Bu art\u0131\u015f i\u00e7in \u00c7in&#8217;in 2012 y\u0131l\u0131 GSMH&#8217;n\u0131n y\u00fczde 2&#8217;sine denk \u015fekilde\u00a0 y\u0131ll\u0131k ortalama 159 milyar dolar seviyesinde yat\u0131r\u0131m ger\u00e7ekle\u015fecek.<\/p>\n<p><strong>Elektrik iletim altyap\u0131s\u0131 i\u00e7in ciddi yat\u0131r\u0131m gerekiyor<\/strong><\/p>\n<p>BNEF&#8217;e g\u00f6re \u00c7in&#8217;in kurulu g\u00fc\u00e7 art\u0131\u015f\u0131na ba\u011fl\u0131 olarak bu d\u00f6nemde y\u0131ll\u0131k 57\u00a0 milyar dolarl\u0131k altyap\u0131 yat\u0131r\u0131m\u0131 yap\u0131lmas\u0131 da gerekecek iken, uzun elektrik\u00a0 iletim hatlar\u0131, ak\u0131ll\u0131 \u015feb<a href=\"https:\/\/www.enerjigazetesi.ist\/wp-content\/uploads\/2013\/02\/cin-komur-505x303.jpg\"><img loading=\"lazy\" class=\"alignleft size-medium wp-image-5928\" title=\"cin-komur-505x303\" src=\"https:\/\/www.enerjigazetesi.ist\/wp-content\/uploads\/2013\/02\/cin-komur-505x303-300x180.jpg\" alt=\"\" width=\"300\" height=\"180\" srcset=\"https:\/\/www.enerjigazetesi.ist\/wp-content\/uploads\/2013\/02\/cin-komur-505x303-300x180.jpg 300w, https:\/\/www.enerjigazetesi.ist\/wp-content\/uploads\/2013\/02\/cin-komur-505x303-500x300.jpg 500w, https:\/\/www.enerjigazetesi.ist\/wp-content\/uploads\/2013\/02\/cin-komur-505x303-80x48.jpg 80w, https:\/\/www.enerjigazetesi.ist\/wp-content\/uploads\/2013\/02\/cin-komur-505x303.jpg 505w\" sizes=\"(max-width: 300px) 100vw, 300px\" \/><\/a>ekeler, enerji depolama projeleri gibi alanlarda ise\u00a0 1,024 milyar dolarl\u0131k yat\u0131r\u0131m\u0131n ger\u00e7ekle\u015fmesi gerekiyor.<\/p>\n<p>Kurulu\u015fun \u00f6ng\u00f6r\u00fcs\u00fcne g\u00f6re bu d\u00f6nemde \u00fclkenin toplam kurulu g\u00fc\u00e7 art\u0131\u015f\u0131nda\u00a0 yenilenebilir enerji yat\u0131r\u0131mlar\u0131n\u0131n pay\u0131 yar\u0131dan fazla olacak iken, \u00fclkenin\u00a0 yenilenebilir enerji alan\u0131ndaki kurulu g\u00fcc\u00fc ancak 2030 y\u0131l\u0131nda k\u00f6m\u00fcr santralleri\u00a0 ile ayn\u0131 noktaya ula\u015fabilecek.<\/p>\n<p>Yenilenebilir enerji alan\u0131ndaki bu h\u0131zl\u0131 y\u00fckseli\u015fe ra\u011fmen 2030 y\u0131l\u0131nda k\u00f6m\u00fcr\u00a0 santralleri \u00fclkenin elektrik \u00fcretiminin y\u00fczde 58&#8217;ini sa\u011flamaya devam edecek iken\u00a0 hidroelektrik dahil olmak \u00fczere yenilenebilir enerji santrallerinin pay\u0131 ise\u00a0 ayn\u0131 y\u0131l y\u00fczde 29 seviyesinde kalacak.<\/p>\n<p><strong>G\u00fcne\u015f elektri\u011finde kurulu g\u00fc\u00e7 330 GW artabilecek<\/strong><\/p>\n<p>\u00c7al\u0131\u015fmadaki d\u00f6rt ayr\u0131 senaryoya g\u00f6re bu d\u00f6nemde 117 GW ila 206 GW aras\u0131nda\u00a0 toplam kurulu g\u00fcce sahip b\u00fcy\u00fck \u00f6l\u00e7ekli g\u00fcne\u015f elektri\u011fi santrali devreye\u00a0 girebilecek iken, devreye al\u0131nacak k\u00fc\u00e7\u00fck \u00f6l\u00e7ekli g\u00fcne\u015f elektri\u011fi sistemlerinin\u00a0 ise 191 GW ile 294 GW olabilecek.<\/p>\n<p>Ana senaryoya g\u00f6re ise devreye girecek b\u00fcy\u00fck \u00f6l\u00e7ekli g\u00fcne\u015f enerjisi\u00a0 santrallerinin kurulu g\u00fcc\u00fc 123 GW olacak iken da\u011f\u0131t\u0131k sistemlerin kurulu g\u00fcc\u00fc\u00a0 ise 207 GW&#8217;a ula\u015facak.<\/p>\n<p>2012 itibari ile \u00c7in&#8217;in kurulu elektrik \u00fcretim kapasitesinin y\u00fczde 67&#8217;sini\u00a0 k\u00f6m\u00fcr santralleri olu\u015ftururken, 2012&#8217;de d\u00fcnya k\u00f6m\u00fcr t\u00fcketiminin yar\u0131s\u0131n\u0131 ger\u00e7ekle\u015ftiren \u00fclkenin elektrik talebinin y\u00fczde 72&#8217;si k\u00f6m\u00fcr santrallerinden\u00a0 sa\u011flanm\u0131\u015ft\u0131. Ayn\u0131 y\u0131l hidroelektrik dahil olmak \u00fczere yenilenebilir enerji\u00a0 santralleri ise elektrik \u00fcretiminin y\u00fczde 21&#8217;ini ger\u00e7ekle\u015ftirmi\u015fti.<\/p>\n<p>Kaynak: <a href=\"http:\/\/www.yesilekonomi.com\/yenilenebilir-enerji\/komur-cinin-ana-enerji-kaynagi-olmaya-devam-edecek\" target=\"_blank\">Ye\u015fil Ekonomi<\/a><\/p>","protected":false},"excerpt":{"rendered":"<p>Sorry, this entry is only available in Turkish. For the sake of viewer convenience, the content is shown below in the alternative language. You may click the link to switch the active language.Yenilenebilir enerji yat\u0131r\u0131mlar\u0131nda ger\u00e7ekle\u015fecek rekor b\u00fcy\u00fcmeye ra\u011fmen k\u00f6m\u00fcr\u00fcn\u00a0 \u00c7in elektrik \u00fcretimindeki a\u011f\u0131rl\u0131\u011f\u0131n\u0131 koruyaca\u011f\u0131 \u00f6ng\u00f6r\u00fcld\u00fc. Ara\u015ft\u0131rma kurulu\u015fu Bloomberg New Energy Finance (BNEF) \u00c7in&#8217;in enerji\u00a0 [&hellip;]<\/p>\n","protected":false},"author":1,"featured_media":5928,"comment_status":"open","ping_status":"open","sticky":false,"template":"","format":"standard","meta":[],"categories":[51,53],"tags":[1603,886,8074,19,63,8077,67,1009,165,2326,227,8079,5816,8078,13,2291,8075,8076,1245],"views":570,"_links":{"self":[{"href":"https:\/\/www.enerjigazetesi.ist\/en\/wp-json\/wp\/v2\/posts\/14668"}],"collection":[{"href":"https:\/\/www.enerjigazetesi.ist\/en\/wp-json\/wp\/v2\/posts"}],"about":[{"href":"https:\/\/www.enerjigazetesi.ist\/en\/wp-json\/wp\/v2\/types\/post"}],"author":[{"embeddable":true,"href":"https:\/\/www.enerjigazetesi.ist\/en\/wp-json\/wp\/v2\/users\/1"}],"replies":[{"embeddable":true,"href":"https:\/\/www.enerjigazetesi.ist\/en\/wp-json\/wp\/v2\/comments?post=14668"}],"version-history":[{"count":2,"href":"https:\/\/www.enerjigazetesi.ist\/en\/wp-json\/wp\/v2\/posts\/14668\/revisions"}],"predecessor-version":[{"id":14670,"href":"https:\/\/www.enerjigazetesi.ist\/en\/wp-json\/wp\/v2\/posts\/14668\/revisions\/14670"}],"wp:featuredmedia":[{"embeddable":true,"href":"https:\/\/www.enerjigazetesi.ist\/en\/wp-json\/wp\/v2\/media\/5928"}],"wp:attachment":[{"href":"https:\/\/www.enerjigazetesi.ist\/en\/wp-json\/wp\/v2\/media?parent=14668"}],"wp:term":[{"taxonomy":"category","embeddable":true,"href":"https:\/\/www.enerjigazetesi.ist\/en\/wp-json\/wp\/v2\/categories?post=14668"},{"taxonomy":"post_tag","embeddable":true,"href":"https:\/\/www.enerjigazetesi.ist\/en\/wp-json\/wp\/v2\/tags?post=14668"}],"curies":[{"name":"wp","href":"https:\/\/api.w.org\/{rel}","templated":true}]}}