{"id":146665,"date":"2021-11-28T23:40:27","date_gmt":"2021-11-28T20:40:27","guid":{"rendered":"https:\/\/www.enerjigazetesi.ist\/?p=146665"},"modified":"2021-11-28T23:40:27","modified_gmt":"2021-11-28T20:40:27","slug":"oedas-tan-calisanlarinin-is-guvenligi-icin-yeni-bir-proje","status":"publish","type":"post","link":"https:\/\/www.enerjigazetesi.ist\/en\/oedas-tan-calisanlarinin-is-guvenligi-icin-yeni-bir-proje\/","title":{"rendered":"(Turkish) &#8217;OEDA\u015e&#8217;tan \u00c7al\u0131\u015fanlar\u0131n\u0131n \u0130\u015f G\u00fcvenli\u011fi \u0130\u00e7in Yeni Bir Proje&#8230;"},"content":{"rendered":"<p class=\"qtranxs-available-languages-message qtranxs-available-languages-message-en\">Sorry, this entry is only available in <a href=\"https:\/\/www.enerjigazetesi.ist\/tr\/wp-json\/wp\/v2\/posts\/146665\" class=\"qtranxs-available-language-link qtranxs-available-language-link-tr\" title=\"Turkish\">Turkish<\/a>. For the sake of viewer convenience, the content is shown below in the alternative language. You may click the link to switch the active language.<\/p><p><\/p>\n<h2>Afyonkarahisar, Bilecik, Eski\u015fehir, K\u00fctahya ve U\u015fak illerinde elektrik da\u011f\u0131t\u0131m hizmeti sunan Osmangazi Elektrik Da\u011f\u0131t\u0131m Anonim \u015eirketi (OEDA\u015e), sorumluluk b\u00f6lgesinde bulunan illerde \u00e7al\u0131\u015fanlar\u0131n\u0131n i\u015f g\u00fcvenli\u011fi i\u00e7in yeni bir projeye daha imza att\u0131.<\/h2>\n<p>\u00c7al\u0131\u015fanlar\u0131n\u0131n g\u00fcvenli bir \u015fekilde hizmet sa\u011flayabilmesi i\u00e7in <strong>g\u00f6r\u00fcnt\u00fcl\u00fc teyit sistemini<\/strong> devreye sokan ve e\u011fitimler ger\u00e7ekle\u015ftiren OEDA\u015e, ba\u011f\u0131ms\u0131z bir denetim kurulu\u015fundan hizmet al\u0131yor. Bu ad\u0131mla 2&#8217;inci bir <strong>denetim mekanizmas\u0131<\/strong> olu\u015fturan ve <strong>\u0130SG\u2019de<\/strong> hata pay\u0131n\u0131 <strong>minimum seviyeye<\/strong> indiren OEDA\u015e, <img loading=\"lazy\" class=\"alignright wp-image-146667\" src=\"https:\/\/www.enerjigazetesi.ist\/wp-content\/uploads\/2021\/11\/oedas-tan-calisanlarinin-is-guvenligi-icin-yeni-bir-proje-2.jpg\" alt=\"\" width=\"320\" height=\"212\" srcset=\"https:\/\/www.enerjigazetesi.ist\/wp-content\/uploads\/2021\/11\/oedas-tan-calisanlarinin-is-guvenligi-icin-yeni-bir-proje-2.jpg 550w, https:\/\/www.enerjigazetesi.ist\/wp-content\/uploads\/2021\/11\/oedas-tan-calisanlarinin-is-guvenligi-icin-yeni-bir-proje-2-300x199.jpg 300w, https:\/\/www.enerjigazetesi.ist\/wp-content\/uploads\/2021\/11\/oedas-tan-calisanlarinin-is-guvenligi-icin-yeni-bir-proje-2-500x331.jpg 500w, https:\/\/www.enerjigazetesi.ist\/wp-content\/uploads\/2021\/11\/oedas-tan-calisanlarinin-is-guvenligi-icin-yeni-bir-proje-2-76x50.jpg 76w, https:\/\/www.enerjigazetesi.ist\/wp-content\/uploads\/2021\/11\/oedas-tan-calisanlarinin-is-guvenligi-icin-yeni-bir-proje-2-450x300.jpg 450w\" sizes=\"(max-width: 320px) 100vw, 320px\" \/>payda\u015flar\u0131n\u0131n takdirini kazand\u0131.<\/p>\n<h3><strong>\u00c7al<\/strong><strong>\u0131\u015f<\/strong><strong>anlar<\/strong><strong>\u0131<\/strong><strong>m<\/strong><strong>\u0131<\/strong><strong>z<\/strong><strong>\u0131<\/strong><strong>n g\u00fcvenli<\/strong><strong>\u011f<\/strong><strong>i 1&#8217;incil \u00f6nceli<\/strong><strong>\u011f<\/strong><strong>imiz<\/strong><\/h3>\n<p>OEDA\u015e Direkt\u00f6r\u00fc Muzaffer Yal\u00e7\u0131n,<em> \u2018\u2018Her bir \u00e7al\u0131\u015fan\u0131m\u0131z i\u00e7in \u00f6nceli\u011fimiz, <strong>g\u00fcvenilir bir \u00e7al\u0131\u015fma ortam\u0131<\/strong> sa\u011flamak. Arkada\u015flar\u0131m\u0131z <strong>b\u00fcy\u00fck riskler<\/strong> alt\u0131nda ve <strong>\u00e7o\u011fu zaman a\u00e7\u0131k havada<\/strong> \u00e7al\u0131\u015f\u0131yor. Buna ba\u011fl\u0131 olarak<strong> i\u015f g\u00fcvenli\u011fi denetimi<\/strong> i\u00e7in bir proje olu\u015fturarak <strong>ba\u011f\u0131ms\u0131z, yetkin bir denetim ekibinden<\/strong> hizmet almaya ba\u015flad\u0131k.\u201d<\/em> dedi.<\/p>\n<p>Denetim ekibinin <strong>t\u00fcm g\u00f6rev sahas\u0131nda \u00e7al\u0131\u015fmalar\u0131<\/strong> yerinde bizzat inceledi\u011fini belirten Yal\u00e7\u0131n, mevcut uygulamalar\u0131n denetim kurulu\u015fu taraf\u0131ndan de\u011ferlendirilerek i\u015f ak\u0131\u015f\u0131nda <strong>sa\u011fl\u0131k<\/strong> ve <strong>g\u00fcvenli\u011fe zarar verebilecek<\/strong> olas\u0131 risklerin ortadan kald\u0131r\u0131lmas\u0131n\u0131n hedeflendi\u011fini ifade etti ve <span style=\"text-decoration: underline;\">\u015f\u00f6yle devam etti:\u00a0<\/span><\/p>\n<p><em>\u201cBu hizmet al\u0131m\u0131n\u0131 hem kendimizi denetlemek hem de \u00e7al\u0131\u015fma arkada\u015flar\u0131m\u0131z\u0131n g\u00fcvenli\u011fini en \u00fcst seviyeye ta\u015f\u0131mak i\u00e7in ger\u00e7ekle\u015ftirdik. Bu sene i\u00e7in b\u00f6lgemizde bulunan <strong>5 ilimizdeki<\/strong> \u00e7al\u0131\u015fmalar\u0131m\u0131z\u0131 <strong>tamamlad\u0131k<\/strong> ve <strong>iyile\u015ftirme \u00e7al\u0131\u015fmalar\u0131na<\/strong> ba\u015flad\u0131k. Amac\u0131m\u0131z<strong> i\u015f g\u00fcvenli\u011fi<\/strong> konusunda \u00e7al\u0131\u015fanlar\u0131m\u0131z i\u00e7in her zaman en iyisine ula\u015fmak. <strong>Da\u011f\u0131t\u0131m \u015firketleri<\/strong> i\u00e7inde bu konuda en kapsaml\u0131 \u00e7al\u0131\u015fmalar yapan ve duyarl\u0131 davranan \u015firketlerden biri olarak <strong>i\u015faret edilmekten<\/strong> mutluluk duyuyoruz.\u2019\u2019<\/em><\/p>","protected":false},"excerpt":{"rendered":"<p>Sorry, this entry is only available in Turkish. For the sake of viewer convenience, the content is shown below in the alternative language. You may click the link to switch the active language. Afyonkarahisar, Bilecik, Eski\u015fehir, K\u00fctahya ve U\u015fak illerinde elektrik da\u011f\u0131t\u0131m hizmeti sunan Osmangazi Elektrik Da\u011f\u0131t\u0131m Anonim \u015eirketi (OEDA\u015e), sorumluluk b\u00f6lgesinde bulunan illerde \u00e7al\u0131\u015fanlar\u0131n\u0131n [&hellip;]<\/p>\n","protected":false},"author":1,"featured_media":146668,"comment_status":"open","ping_status":"open","sticky":false,"template":"","format":"standard","meta":[],"categories":[51,53],"tags":[2873,17299,98881,9749,7471],"views":85,"_links":{"self":[{"href":"https:\/\/www.enerjigazetesi.ist\/en\/wp-json\/wp\/v2\/posts\/146665"}],"collection":[{"href":"https:\/\/www.enerjigazetesi.ist\/en\/wp-json\/wp\/v2\/posts"}],"about":[{"href":"https:\/\/www.enerjigazetesi.ist\/en\/wp-json\/wp\/v2\/types\/post"}],"author":[{"embeddable":true,"href":"https:\/\/www.enerjigazetesi.ist\/en\/wp-json\/wp\/v2\/users\/1"}],"replies":[{"embeddable":true,"href":"https:\/\/www.enerjigazetesi.ist\/en\/wp-json\/wp\/v2\/comments?post=146665"}],"version-history":[{"count":0,"href":"https:\/\/www.enerjigazetesi.ist\/en\/wp-json\/wp\/v2\/posts\/146665\/revisions"}],"wp:featuredmedia":[{"embeddable":true,"href":"https:\/\/www.enerjigazetesi.ist\/en\/wp-json\/wp\/v2\/media\/146668"}],"wp:attachment":[{"href":"https:\/\/www.enerjigazetesi.ist\/en\/wp-json\/wp\/v2\/media?parent=146665"}],"wp:term":[{"taxonomy":"category","embeddable":true,"href":"https:\/\/www.enerjigazetesi.ist\/en\/wp-json\/wp\/v2\/categories?post=146665"},{"taxonomy":"post_tag","embeddable":true,"href":"https:\/\/www.enerjigazetesi.ist\/en\/wp-json\/wp\/v2\/tags?post=146665"}],"curies":[{"name":"wp","href":"https:\/\/api.w.org\/{rel}","templated":true}]}}