{"id":14646,"date":"2013-08-29T17:27:43","date_gmt":"2013-08-29T14:27:43","guid":{"rendered":"https:\/\/www.enerjigazetesi.ist\/?p=14646"},"modified":"2013-08-29T17:27:43","modified_gmt":"2013-08-29T14:27:43","slug":"panasonic-gozunu-japonyadaki-catilara-dikti","status":"publish","type":"post","link":"https:\/\/www.enerjigazetesi.ist\/en\/panasonic-gozunu-japonyadaki-catilara-dikti\/","title":{"rendered":"(Turkish) Panasonic, G\u00f6z\u00fcn\u00fc Japonya`daki \u00c7at\u0131lara Dikti&#8230;"},"content":{"rendered":"<p class=\"qtranxs-available-languages-message qtranxs-available-languages-message-en\">Sorry, this entry is only available in <a href=\"https:\/\/www.enerjigazetesi.ist\/tr\/wp-json\/wp\/v2\/posts\/14646\" class=\"qtranxs-available-language-link qtranxs-available-language-link-tr\" title=\"Turkish\">Turkish<\/a>. For the sake of viewer convenience, the content is shown below in the alternative language. You may click the link to switch the active language.<\/p><p><strong>D\u00fcnyan\u0131n en b\u00fcy\u00fck t\u00fcketici elektroni\u011fi \u00fcreticisi olan Panasonic, Japonya`da binalar\u0131n \u00e7at\u0131lar\u0131na g\u00fcne\u015f enerjisi panelleri kurarak, devlet deste\u011fiyle de elektrik enerjisi \u00fcretiminin daha da yayg\u0131nla\u015ft\u0131r\u0131lmas\u0131n\u0131n yollar\u0131n\u0131 ar\u0131yor. <\/strong><\/p>\n<p>Adalar \u00fclkesi olan Japonya`da r\u00fczgar ve g\u00fcne\u015f enerjili santrallerin kurulumu i\u00e7in yeni alan yarat\u0131lmas\u0131 bir hayli zor. Ancak buna kar\u015f\u0131n \u00e7areler de t\u00fckenmi\u015f de\u011fil. D\u00fcnyan\u0131n en b\u00fcy\u00fck t\u00fcketici elektroni\u011fi \u00fcreticisi olan Panasonic, Japonya`da binalar\u0131n \u00e7at\u0131lar\u0131na g\u00fcne\u015f enerjisi panelleri kurarak, devlet deste\u011fiyle de elektrik enerjisi \u00fcretiminin daha da yayg\u0131nla\u015ft\u0131r\u0131lmas\u0131n\u0131n yollar\u0131n\u0131 ar\u0131yor.<\/p>\n<p>Japonya`da g\u00fcne\u015fe dayal\u0131 elektrik \u00fcret<a href=\"https:\/\/www.enerjigazetesi.ist\/wp-content\/uploads\/2013\/08\/panasonic-gozunu-japonyadaki-catilara-dikti.jpg\"><img loading=\"lazy\" class=\"alignleft size-medium wp-image-14647\" title=\"panasonic-gozunu-japonyadaki-catilara-dikti\" src=\"https:\/\/www.enerjigazetesi.ist\/wp-content\/uploads\/2013\/08\/panasonic-gozunu-japonyadaki-catilara-dikti-300x192.jpg\" alt=\"\" width=\"300\" height=\"192\" srcset=\"https:\/\/www.enerjigazetesi.ist\/wp-content\/uploads\/2013\/08\/panasonic-gozunu-japonyadaki-catilara-dikti-300x192.jpg 300w, https:\/\/www.enerjigazetesi.ist\/wp-content\/uploads\/2013\/08\/panasonic-gozunu-japonyadaki-catilara-dikti-78x50.jpg 78w, https:\/\/www.enerjigazetesi.ist\/wp-content\/uploads\/2013\/08\/panasonic-gozunu-japonyadaki-catilara-dikti.jpg 468w\" sizes=\"(max-width: 300px) 100vw, 300px\" \/><\/a>im kurulu g\u00fcc\u00fc 2012 y\u0131l\u0131 sonu itibariyle 6,9 GW seviyesinde. Tayland, Malezya ve Macaristan`da g\u00fcne\u015f enerjisi paneli fabrikalar\u0131 bulunan Panasonic`in g\u00fcne\u015f paneli birimine g\u00f6re, Japonya yak\u0131n gelecekte d\u00fcnyan\u0131n en b\u00fcy\u00fck g\u00fcne\u015f paneli t\u00fcketicisi olacak.<\/p>\n<p>2011 y\u0131l\u0131nda meydana gelen b\u00fcy\u00fck Japonya depremi ve ard\u0131ndan ya\u015fanan tsunaminin neden oldu\u011fu Fukushima n\u00fckleer santrali felaketi, Japonya`y\u0131 n\u00fckleer enerjiden uzakla\u015ft\u0131rmam\u0131\u015f olsa da, gelece\u011fe y\u00f6nelik yat\u0131r\u0131mlar konusunda ye\u015fil enerjilere kar\u015f\u0131 yeni bir insiyatifin ba\u015flamas\u0131n\u0131 sa\u011flad\u0131.<\/p>\n<p>2012 y\u0131l\u0131nda g\u00fcne\u015f enerjisi paneli \u00e7iftli\u011fine 2 GW kapasite ekleyen Japonya`da bu y\u0131l\u0131n ilk yar\u0131s\u0131nda 1.2GW`l\u0131k yat\u0131r\u0131m daha yap\u0131ld\u0131. Japonya h\u00fck\u00fcmetinin yak\u0131n zamanda onaylad\u0131\u011f\u0131 20.9 GW`l\u0131k yeni g\u00fcne\u015f enerji santralleri projeleri ise 2020 y\u0131l\u0131na kadar \u00fclkedeki baz\u0131 n\u00fckleer santrallerin yerine ge\u00e7ecek kapasitede temiz enerji \u00fcretimi plan\u0131n\u0131 olu\u015fturuyor.<\/p>\n<p>Japonya`da g\u00fcne\u015f enerjisinden \u00fcretilen elektri\u011fi devlet,bireysel \u00fcreticilerden 1 kilowatt`\u0131 38 cent gibi y\u00fcksek bir rakam kar\u015f\u0131l\u0131\u011f\u0131nda sat\u0131n al\u0131yor. Bu destek, yat\u0131r\u0131m maliyetini zaman i\u00e7inde amorti etmeyi ama\u00e7l\u0131yor.<\/p>\n<p>Kaynak: <a href=\"http:\/\/enerjigunlugu.net\/panasonic-gozunu-japonyadaki-catilara-dikti_4718.html\" target=\"_blank\">Enerji G\u00fcnl\u00fc\u011f\u00fc<\/a><\/p>","protected":false},"excerpt":{"rendered":"<p>Sorry, this entry is only available in Turkish. For the sake of viewer convenience, the content is shown below in the alternative language. You may click the link to switch the active language.D\u00fcnyan\u0131n en b\u00fcy\u00fck t\u00fcketici elektroni\u011fi \u00fcreticisi olan Panasonic, Japonya`da binalar\u0131n \u00e7at\u0131lar\u0131na g\u00fcne\u015f enerjisi panelleri kurarak, devlet deste\u011fiyle de elektrik enerjisi \u00fcretiminin daha da [&hellip;]<\/p>\n","protected":false},"author":1,"featured_media":14647,"comment_status":"open","ping_status":"open","sticky":false,"template":"","format":"standard","meta":[],"categories":[53,49],"tags":[5070,63,67,1009,165,227,13,108,4099,842],"views":627,"_links":{"self":[{"href":"https:\/\/www.enerjigazetesi.ist\/en\/wp-json\/wp\/v2\/posts\/14646"}],"collection":[{"href":"https:\/\/www.enerjigazetesi.ist\/en\/wp-json\/wp\/v2\/posts"}],"about":[{"href":"https:\/\/www.enerjigazetesi.ist\/en\/wp-json\/wp\/v2\/types\/post"}],"author":[{"embeddable":true,"href":"https:\/\/www.enerjigazetesi.ist\/en\/wp-json\/wp\/v2\/users\/1"}],"replies":[{"embeddable":true,"href":"https:\/\/www.enerjigazetesi.ist\/en\/wp-json\/wp\/v2\/comments?post=14646"}],"version-history":[{"count":1,"href":"https:\/\/www.enerjigazetesi.ist\/en\/wp-json\/wp\/v2\/posts\/14646\/revisions"}],"predecessor-version":[{"id":14648,"href":"https:\/\/www.enerjigazetesi.ist\/en\/wp-json\/wp\/v2\/posts\/14646\/revisions\/14648"}],"wp:featuredmedia":[{"embeddable":true,"href":"https:\/\/www.enerjigazetesi.ist\/en\/wp-json\/wp\/v2\/media\/14647"}],"wp:attachment":[{"href":"https:\/\/www.enerjigazetesi.ist\/en\/wp-json\/wp\/v2\/media?parent=14646"}],"wp:term":[{"taxonomy":"category","embeddable":true,"href":"https:\/\/www.enerjigazetesi.ist\/en\/wp-json\/wp\/v2\/categories?post=14646"},{"taxonomy":"post_tag","embeddable":true,"href":"https:\/\/www.enerjigazetesi.ist\/en\/wp-json\/wp\/v2\/tags?post=14646"}],"curies":[{"name":"wp","href":"https:\/\/api.w.org\/{rel}","templated":true}]}}