{"id":14643,"date":"2013-08-29T17:22:06","date_gmt":"2013-08-29T14:22:06","guid":{"rendered":"https:\/\/www.enerjigazetesi.ist\/?p=14643"},"modified":"2013-08-29T17:22:06","modified_gmt":"2013-08-29T14:22:06","slug":"deniz-ustune-en-yuksek-voltajli-ruzgar-santrali-kuruldu","status":"publish","type":"post","link":"https:\/\/www.enerjigazetesi.ist\/en\/deniz-ustune-en-yuksek-voltajli-ruzgar-santrali-kuruldu\/","title":{"rendered":"(Turkish) Deniz \u00dcst\u00fcne En Y\u00fcksek Voltajl\u0131 R\u00fczgar Santrali Kuruldu"},"content":{"rendered":"<p class=\"qtranxs-available-languages-message qtranxs-available-languages-message-en\">Sorry, this entry is only available in <a href=\"https:\/\/www.enerjigazetesi.ist\/tr\/wp-json\/wp\/v2\/posts\/14643\" class=\"qtranxs-available-language-link qtranxs-available-language-link-tr\" title=\"Turkish\">Turkish<\/a>. For the sake of viewer convenience, the content is shown below in the alternative language. You may click the link to switch the active language.<\/p><p><strong>ABB Firmas\u0131, Kuzey Denizi`nde d\u00fcnyan\u0131n en y\u00fcksek voltajl\u0131 r\u00fczgar enerjisi santralini kurdu. Almanya a\u00e7\u0131klar\u0131nda denizin ortas\u0131nda 3 r\u00fczgar t\u00fcrbinine sahip bu platform \u00fcrettti\u011fi enerjiyi Almanya topraklar\u0131na ula\u015ft\u0131racak.<\/strong><\/p>\n<p>800 MW`l\u0131k kapasiteli r\u00fczgar enerji istasyonunun toplam a\u011f\u0131rl\u0131\u011f\u0131 9.300 ton. K\u0131y\u0131dan 75 km uzakl\u0131kta bulunan bu platform d\u00fcnyan\u0131n en b\u00fcy\u00fck vinci olarak bilinen ve Almanlar\u0131n `Thialf` ad\u0131n\u0131 verdikleri dev kald\u0131ra\u00e7la istasyona yerle<a href=\"https:\/\/www.enerjigazetesi.ist\/wp-content\/uploads\/2013\/08\/deniz-ustune-en-yuksek-voltajli-ruzgar-santrali-kuruldu.jpg\"><img loading=\"lazy\" class=\"alignright size-medium wp-image-14644\" title=\"deniz-ustune-en-yuksek-voltajli-ruzgar-santrali-kuruldu\" src=\"https:\/\/www.enerjigazetesi.ist\/wp-content\/uploads\/2013\/08\/deniz-ustune-en-yuksek-voltajli-ruzgar-santrali-kuruldu-300x192.jpg\" alt=\"\" width=\"300\" height=\"192\" srcset=\"https:\/\/www.enerjigazetesi.ist\/wp-content\/uploads\/2013\/08\/deniz-ustune-en-yuksek-voltajli-ruzgar-santrali-kuruldu-300x192.jpg 300w, https:\/\/www.enerjigazetesi.ist\/wp-content\/uploads\/2013\/08\/deniz-ustune-en-yuksek-voltajli-ruzgar-santrali-kuruldu-78x50.jpg 78w, https:\/\/www.enerjigazetesi.ist\/wp-content\/uploads\/2013\/08\/deniz-ustune-en-yuksek-voltajli-ruzgar-santrali-kuruldu.jpg 468w\" sizes=\"(max-width: 300px) 100vw, 300px\" \/><\/a>\u015ftirildi.<\/p>\n<p>ABB firmas\u0131n\u0131n patronu Brice Koch konuyla ilgili yapt\u0131\u011f\u0131 a\u00e7\u0131klamada \u015funlar\u0131 s\u00f6yledi, &#8220;Bu kadar b\u00fcy\u00fck bir platformu yuvas\u0131na oturtmak \u015fu ana kadar yap\u0131lm\u0131\u015f en kapsaml\u0131 ve a\u011f\u0131r deniz nakliyesi i\u015flerinden biri oldu. Hi\u00e7 bir sorun ya\u015famadan y\u00fcksek voltajl\u0131 bu r\u00fczgar enerji istasyonunu anakaraya ba\u011flam\u0131\u015f olmak \u00e7ok \u00f6nemli&#8221;.<\/p>\n<p><strong>3 M\u0130LYON TON KARBON SALINIMI ENGELLENECEK<\/strong><br \/>\n`Dolwin 1` ad\u0131 verilen bu platform y\u0131lda 3 milyon ton karbon sal\u0131n\u0131m\u0131n\u0131 engellemi\u015f olacak. Ayr\u0131ca r\u00fczgar enerjisi santralinin \u00fcretti\u011fi elektri\u011fin anakaraya aktar\u0131lmas\u0131n\u0131 sa\u011flayan da\u011f\u0131t\u0131m sistemi de verimlilik a\u00e7\u0131s\u0131ndan \u00f6rnek te\u015fkil edecek derecede ba\u015far\u0131l\u0131.<\/p>\n<p>800 MW kapasiteli r\u00fczgar santrali y\u0131lda 4 bin KWh elektrik \u00fcreterek, 900 bin evi ayd\u0131nlatacak. Deniz seviyesinin 95 metre \u00fczerinde olan santral, \u00d6zg\u00fcrl\u00fck An\u0131t\u0131`ndan biraz daha y\u00fcksek.<\/p>\n<p>Kaynak: <a href=\"http:\/\/enerjigunlugu.net\/deniz-ustune-en-yuksek-voltajli-ruzgar-santrali-ku_4713.html\" target=\"_blank\">Enerji G\u00fcnl\u00fc\u011f\u00fc<\/a><\/p>","protected":false},"excerpt":{"rendered":"<p>Sorry, this entry is only available in Turkish. For the sake of viewer convenience, the content is shown below in the alternative language. You may click the link to switch the active language.ABB Firmas\u0131, Kuzey Denizi`nde d\u00fcnyan\u0131n en y\u00fcksek voltajl\u0131 r\u00fczgar enerjisi santralini kurdu. Almanya a\u00e7\u0131klar\u0131nda denizin ortas\u0131nda 3 r\u00fczgar t\u00fcrbinine sahip bu platform \u00fcrettti\u011fi [&hellip;]<\/p>\n","protected":false},"author":1,"featured_media":14644,"comment_status":"open","ping_status":"open","sticky":false,"template":"","format":"standard","meta":[],"categories":[53,50],"tags":[8046,929,8049,19,8047,63,67,1009,165,18,8048,7590,474,231,324],"views":1037,"_links":{"self":[{"href":"https:\/\/www.enerjigazetesi.ist\/en\/wp-json\/wp\/v2\/posts\/14643"}],"collection":[{"href":"https:\/\/www.enerjigazetesi.ist\/en\/wp-json\/wp\/v2\/posts"}],"about":[{"href":"https:\/\/www.enerjigazetesi.ist\/en\/wp-json\/wp\/v2\/types\/post"}],"author":[{"embeddable":true,"href":"https:\/\/www.enerjigazetesi.ist\/en\/wp-json\/wp\/v2\/users\/1"}],"replies":[{"embeddable":true,"href":"https:\/\/www.enerjigazetesi.ist\/en\/wp-json\/wp\/v2\/comments?post=14643"}],"version-history":[{"count":1,"href":"https:\/\/www.enerjigazetesi.ist\/en\/wp-json\/wp\/v2\/posts\/14643\/revisions"}],"predecessor-version":[{"id":14645,"href":"https:\/\/www.enerjigazetesi.ist\/en\/wp-json\/wp\/v2\/posts\/14643\/revisions\/14645"}],"wp:featuredmedia":[{"embeddable":true,"href":"https:\/\/www.enerjigazetesi.ist\/en\/wp-json\/wp\/v2\/media\/14644"}],"wp:attachment":[{"href":"https:\/\/www.enerjigazetesi.ist\/en\/wp-json\/wp\/v2\/media?parent=14643"}],"wp:term":[{"taxonomy":"category","embeddable":true,"href":"https:\/\/www.enerjigazetesi.ist\/en\/wp-json\/wp\/v2\/categories?post=14643"},{"taxonomy":"post_tag","embeddable":true,"href":"https:\/\/www.enerjigazetesi.ist\/en\/wp-json\/wp\/v2\/tags?post=14643"}],"curies":[{"name":"wp","href":"https:\/\/api.w.org\/{rel}","templated":true}]}}