{"id":146416,"date":"2021-11-24T11:33:40","date_gmt":"2021-11-24T08:33:40","guid":{"rendered":"https:\/\/www.enerjigazetesi.ist\/?p=146416"},"modified":"2021-11-24T11:48:22","modified_gmt":"2021-11-24T08:48:22","slug":"ogretmenler-gunu-vesilesiyle-yapilan-toplantiya-50-koy-ogretmeni-katildi","status":"publish","type":"post","link":"https:\/\/www.enerjigazetesi.ist\/en\/ogretmenler-gunu-vesilesiyle-yapilan-toplantiya-50-koy-ogretmeni-katildi\/","title":{"rendered":"(Turkish) \u00d6\u011fretmenler G\u00fcn\u00fc Vesilesiyle 50 K\u00f6y \u00d6\u011fretmeni Bir Araya Geldi"},"content":{"rendered":"<p class=\"qtranxs-available-languages-message qtranxs-available-languages-message-en\">Sorry, this entry is only available in <a href=\"https:\/\/www.enerjigazetesi.ist\/tr\/wp-json\/wp\/v2\/posts\/146416\" class=\"qtranxs-available-language-link qtranxs-available-language-link-tr\" title=\"Turkish\">Turkish<\/a>. For the sake of viewer convenience, the content is shown below in the alternative language. You may click the link to switch the active language.<\/p><p><\/p>\n<h2><strong>T\u00fcrkiye Vodafone Vakf\u0131<\/strong>\u00a0ve <strong>Habitat Derne\u011fi\u00a0<\/strong>taraf\u0131ndan \u00e7ocuklar\u0131 dijital gelece\u011fe haz\u0131rlama hedefiyle hayata ge\u00e7irilen <strong>\u201cYar\u0131n\u0131 Kodlayanlar\u201d<\/strong> projesinde ilk k\u00f6y \u00f6\u011fretmenleri bulu\u015fmas\u0131 yap\u0131ld\u0131.<\/h2>\n<p><strong>24 Kas\u0131m \u00d6\u011fretmenler G\u00fcn\u00fc<\/strong> vesilesiyle ger\u00e7ekle\u015ftirilen toplant\u0131ya, <strong>\u201cYar\u0131n\u0131 Kodlayanlar\u201d projesi<\/strong> kapsam\u0131nda <strong>30 k\u00f6y okulunda<\/strong> a\u00e7\u0131lan teknoloji s\u0131n\u0131flar\u0131nda e\u011fitim vermekte olan <strong>50 \u00f6\u011fretmen<\/strong> kat\u0131ld\u0131. T\u00fcrkiye Vodafone Vakf\u0131 Ba\u015fkan\u0131 <strong>Hasan S\u00fcel<\/strong>, Habitat Derne\u011fi Y\u00f6netim Kurulu Ba\u015fkan\u0131 <strong>Sezai Haz\u0131r<\/strong> ve Bili\u015fim Garaj\u0131 Kurucusu <strong>Prof. Dr. Sel\u00e7uk \u00d6zdemir\u2019in<\/strong> de kat\u0131ld\u0131\u011f\u0131 online<strong><img loading=\"lazy\" class=\"alignright wp-image-146424\" src=\"https:\/\/www.enerjigazetesi.ist\/wp-content\/uploads\/2021\/11\/ogretmenler-gunu-vesilesiyle-yapilan-toplantiya-50-koy-ogretmeni-katildi-2.jpg\" alt=\"\" width=\"320\" height=\"240\" srcset=\"https:\/\/www.enerjigazetesi.ist\/wp-content\/uploads\/2021\/11\/ogretmenler-gunu-vesilesiyle-yapilan-toplantiya-50-koy-ogretmeni-katildi-2.jpg 550w, https:\/\/www.enerjigazetesi.ist\/wp-content\/uploads\/2021\/11\/ogretmenler-gunu-vesilesiyle-yapilan-toplantiya-50-koy-ogretmeni-katildi-2-300x225.jpg 300w, https:\/\/www.enerjigazetesi.ist\/wp-content\/uploads\/2021\/11\/ogretmenler-gunu-vesilesiyle-yapilan-toplantiya-50-koy-ogretmeni-katildi-2-500x375.jpg 500w, https:\/\/www.enerjigazetesi.ist\/wp-content\/uploads\/2021\/11\/ogretmenler-gunu-vesilesiyle-yapilan-toplantiya-50-koy-ogretmeni-katildi-2-67x50.jpg 67w\" sizes=\"(max-width: 320px) 100vw, 320px\" \/><\/strong> toplant\u0131da, k\u00f6y \u00f6\u011fretmenleri sahada ya\u015fad\u0131klar\u0131 deneyimleri ve \u00e7ocuklarla ilgili g\u00f6zlemlerini payla\u015ft\u0131. \u00d6\u011fretmenlerin payla\u015f\u0131mlar\u0131n\u0131n ard\u0131ndan <strong>Prof. Dr. Sel\u00e7uk \u00d6zdemir<\/strong> de kodlaman\u0131n \u00e7ocuklar i\u00e7in \u00f6nemine ve e\u011fitimde ya\u015fanan dijital u\u00e7urumun nas\u0131l kapat\u0131labilece\u011fine dair bir konu\u015fma yapt\u0131.<\/p>\n<p>A\u00e7\u0131l\u0131\u015fta konu\u015fan<strong>\u00a0T\u00fcrkiye Vodafone Vakf\u0131 Ba\u015fkan\u0131 Hasan S\u00fcel,\u00a0<\/strong><span style=\"text-decoration: underline;\">\u015funlar\u0131 s\u00f6yledi:<\/span><strong>\u00a0<\/strong><\/p>\n<p><em>\u201cT\u00fcrkiye Vodafone Vakf\u0131 ve Habitat Derne\u011fi olarak<strong> 5 y\u0131l \u00f6nce<\/strong> ba\u015flatt\u0131\u011f\u0131m\u0131z <strong>\u2018Yar\u0131n\u0131 Kodlayanlar\u2019 projemizin<\/strong> kapsam\u0131n\u0131 her ge\u00e7en g\u00fcn b\u00fcy\u00fctmenin mutlulu\u011fu i\u00e7indeyiz. Bug\u00fcne kadar <strong>81<\/strong> ilde<strong> 210 binden fazla<\/strong> \u00e7ocu\u011fumuza kodlamay\u0131 \u00f6\u011frettik. Bu projemizi ba\u015flatarak ne kadar yerinde ve \u00f6nemli bir ad\u0131m att\u0131\u011f\u0131m\u0131z\u0131 bug\u00fcn daha iyi anl\u0131yoruz. Pandemi, hepimize <strong>dijitalle\u015fmenin \u00f6nemini<\/strong> bir kez daha hat\u0131rlatt\u0131. Bununla birlikte pandemi, dezavantajl\u0131 b\u00f6lgelerdeki \u00e7ocuklar\u0131m\u0131z\u0131n ya\u015fad\u0131\u011f\u0131 e\u011fitimde <strong>f\u0131rsat e\u015fitsizli\u011fini<\/strong> de daha belirginle\u015ftirdi. Hem bu sosyal ihtiyaca yan\u0131t vermek, hem de donan\u0131m ve e\u011fitim anlam\u0131nda<strong> k\u00f6y okullar\u0131ndaki<\/strong> \u00e7ocuklar\u0131m\u0131za fayda sa\u011flamak amac\u0131yla harekete ge\u00e7tik. Bug\u00fcn<strong> 30 k\u00f6y okulunda<\/strong> kurdu\u011fumuz <strong>teknoloji s\u0131n\u0131flar\u0131nda e\u011fitimlerini<\/strong> aksatmadan s\u00fcrd\u00fcrebilmeleri i\u00e7in \u00e7ocuklar\u0131m\u0131za destek oluyoruz. Dijitalle\u015fmeye ihtiyac\u0131 olan ama eri\u015fim imk\u00e2n\u0131 olmayan \u00f6\u011frencilerimiz i\u00e7in bir f\u0131rsat penceresi a\u00e7\u0131yoruz. \u00c7ocuklar\u0131m\u0131z i\u00e7in kurdu\u011fumuz gelecek hayallerini \u00f6\u011fretmenlerimizin <strong>katk\u0131<\/strong> ve <strong>deste\u011fi<\/strong> ile ger\u00e7e\u011fe d\u00f6n\u00fc\u015ft\u00fcrebilece\u011fimize inan\u0131yoruz. Ba\u015f\u00f6\u011fretmenimiz <strong>Mustafa Kemal Atat\u00fcrk<\/strong>\u2019\u00fcn a\u00e7t\u0131\u011f\u0131 <strong>ilim<\/strong> ve<strong> irfan<\/strong> yolunda de\u011ferli \u00f6\u011fretmenlerimizle birlikte emin ad\u0131mlarla ilerliyoruz. Amac\u0131m\u0131za ortak olan ve <strong>\u00f6zveriyle destek veren<\/strong> k\u00f6y \u00f6\u011fretmenlerimiz ba\u015fta olmak \u00fczere t\u00fcm \u00f6\u011fretmenlerimize \u00e7ok te\u015fekk\u00fcr ediyoruz.\u201d<\/em><\/p>\n<p><strong>Habitat Derne\u011fi Y\u00f6netim Kurulu Ba\u015fkan\u0131 Sezai Haz\u0131r<\/strong><strong>\u00a0<\/strong>ise<strong>\u00a0<\/strong><span style=\"text-decoration: underline;\">\u015f\u00f6yle konu\u015ftu:<\/span><\/p>\n<p><em>\u201c<strong>T\u00fcrkiye Vodafone Vakf\u0131<\/strong> i\u015fbirli\u011fi ile ba\u015flatt\u0131\u011f\u0131m\u0131z ve her ge\u00e7en g\u00fcn kapsam\u0131n\u0131 b\u00fcy\u00fctt\u00fc\u011f\u00fcm\u00fcz <strong>\u2018Yar\u0131n\u0131 Kodlayanlar\u2019 projesinin<\/strong> yaratt\u0131\u011f\u0131 etkinin sahada artarak devam etmesi bizleri gururland\u0131r\u0131yor. Proje kapsam\u0131nda \u00fclkemizin farkl\u0131 noktalar\u0131ndaki <strong>30 k\u00f6y okuluna<\/strong> tam donan\u0131ml\u0131 teknoloji s\u0131n\u0131flar\u0131 a\u00e7t\u0131k. \u00d6zellikle pandemi d\u00f6neminde dezavantajl\u0131 b\u00f6lgelerdeki \u00e7ocuklar\u0131m\u0131z\u0131n <strong>e\u011fitim ve teknolojiye eri\u015fim durumlar\u0131<\/strong> daha da zorla\u015ft\u0131. \u0130nan\u0131yoruz ki bu s\u0131n\u0131flar vesilesiyle <strong>\u00e7ocuklar\u0131m\u0131z\u0131n bilgiye eri\u015fimi, teknolojiyle \u00f6\u011frenme yollar\u0131<\/strong> kolayla\u015facak ve <strong>21. y\u00fczy\u0131l\u0131n<\/strong> gerektirdi\u011fi yetkinlikleri kazanabilmek ad\u0131na imkanlar\u0131 artacakt\u0131r. \u00c7\u00fcnk\u00fc biliyoruz ki <strong>21. y\u00fczy\u0131l<\/strong> yetkinlik sahibi bireylerin toplumlar\u0131 d\u00f6n\u00fc\u015ft\u00fcrece\u011fi bir zaman dilimi olacakt\u0131r. Projemizdeki en \u00f6nemli yol ortaklar\u0131m\u0131z \u00f6\u011fretmenlerimize en i\u00e7ten te\u015fekk\u00fcrlerimi sunmak istiyorum. <strong>Ba\u015f\u00f6\u011fretmen Gazi Mustafa Kemal Atat\u00fcrk<\/strong>\u2019\u00fcn<strong> \u2018Yeni nesil sizlerin eseri olacakt\u0131r\u2019<\/strong> diyerek b\u00fcy\u00fck \u00f6nem verdi\u011fi ve Cumhuriyet kazan\u0131mlar\u0131m\u0131z\u0131n mimarlar\u0131ndan biri olan <strong>fedak\u00e2r \u00f6\u011fretmenlerimiz<\/strong> ile projemizi y\u00fcr\u00fctmekten her zaman b\u00fcy\u00fck bir k\u0131van\u00e7 duyduk. \u0130\u00e7erikleri zenginle\u015fen ve daha fazla \u00e7ocu\u011fun yararlanaca\u011f\u0131 bu de\u011ferli proje ile toplumlar\u0131 d\u00f6n\u00fc\u015ft\u00fcren ve liderlik eden bireylerin ortaya \u00e7\u0131kmas\u0131na destek olmaya devam edece\u011fiz.\u201d<\/em><\/p>\n<h3><strong>210 bini a\u015fk\u0131n \u00e7ocu\u011fa ula\u015f\u0131ld\u0131<\/strong><\/h3>\n<p><strong>\u201cYar\u0131n\u0131 Kodlayanlar\u201d projesiyle<\/strong> T\u00fcrkiye\u2019nin d\u00f6rt bir yan\u0131nda ya\u015flar\u0131 <strong>7-14<\/strong> aras\u0131nda de\u011fi\u015fen \u00e7ocuklara\u00a0g\u00f6n\u00fcll\u00fc e\u011fitmenlerin y\u00f6netiminde<strong> programlamaya giri\u015f, algoritma mant\u0131\u011f\u0131, uygulama yapma, hik\u00e2ye olu\u015fturma <\/strong>ve <strong>oyun yapma<\/strong> gibi konularda<strong> teorik<\/strong> ve <strong>uygulamal\u0131 e\u011fitimler<\/strong> veriliyor. E\u011fitimlerde \u00e7ocuklara programlama hakk\u0131nda fikir sahibi olma, yarat\u0131c\u0131l\u0131klar\u0131n\u0131 ortaya \u00e7\u0131karacak \u00e7al\u0131\u015fmalar yapma, kendi hayal d\u00fcnyalar\u0131n\u0131 olu\u015fturma, kendi oyunlar\u0131n\u0131 \u00fcretme imk\u00e2n\u0131 sunuluyor. Bug\u00fcne kadar projeyle <strong>81 ilde 210 binin \u00fczerinde<\/strong> \u00e7ocu\u011fa ula\u015f\u0131ld\u0131.<\/p>\n<h3><strong>30 k\u00f6y okulunda teknoloji s\u0131n\u0131f\u0131 kuruldu<\/strong><\/h3>\n<p>Proje kapsam\u0131nda son olarak, k\u0131rsal b\u00f6lgelerdeki <strong>\u00f6\u011frencilerin teknolojiye eri\u015fimini art\u0131rmak<\/strong> amac\u0131yla <strong>30 k\u00f6y okulunda<\/strong> tam donan\u0131ml\u0131 teknoloji s\u0131n\u0131flar\u0131 a\u00e7\u0131ld\u0131. <strong>Projeksiyon cihaz\u0131, 3D kalem, bilgisayar, 3D yaz\u0131c\u0131, e\u011fitim ve STEM kitleri, Zoom ileti\u015fim ve etkinlik ara\u00e7lar\u0131n\u0131n<\/strong> yer ald\u0131\u011f\u0131 s\u0131n\u0131flarda \u00f6\u011frencilere kodlama ba\u015fta olmak \u00fczere \u00e7e\u015fitli teknoloji e\u011fitimleri veriliyor. Teknoloji s\u0131n\u0131flar\u0131nda d\u00fczenlenen e\u011fitimlerle bir y\u0131lda \u00e7evre k\u00f6yler dahil olmak \u00fczere toplam <strong>6 bin<\/strong> \u00e7ocu\u011fa ve yakla\u015f\u0131k <strong>2 bin 500<\/strong> veliye ula\u015f\u0131lmas\u0131 hedefleniyor.<\/p>","protected":false},"excerpt":{"rendered":"<p>Sorry, this entry is only available in Turkish. For the sake of viewer convenience, the content is shown below in the alternative language. You may click the link to switch the active language. T\u00fcrkiye Vodafone Vakf\u0131\u00a0ve Habitat Derne\u011fi\u00a0taraf\u0131ndan \u00e7ocuklar\u0131 dijital gelece\u011fe haz\u0131rlama hedefiyle hayata ge\u00e7irilen \u201cYar\u0131n\u0131 Kodlayanlar\u201d projesinde ilk k\u00f6y \u00f6\u011fretmenleri bulu\u015fmas\u0131 yap\u0131ld\u0131. 24 Kas\u0131m [&hellip;]<\/p>\n","protected":false},"author":1,"featured_media":146418,"comment_status":"open","ping_status":"open","sticky":false,"template":"","format":"standard","meta":[],"categories":[53,157],"tags":[51311,98782,57068,70794],"views":125,"_links":{"self":[{"href":"https:\/\/www.enerjigazetesi.ist\/en\/wp-json\/wp\/v2\/posts\/146416"}],"collection":[{"href":"https:\/\/www.enerjigazetesi.ist\/en\/wp-json\/wp\/v2\/posts"}],"about":[{"href":"https:\/\/www.enerjigazetesi.ist\/en\/wp-json\/wp\/v2\/types\/post"}],"author":[{"embeddable":true,"href":"https:\/\/www.enerjigazetesi.ist\/en\/wp-json\/wp\/v2\/users\/1"}],"replies":[{"embeddable":true,"href":"https:\/\/www.enerjigazetesi.ist\/en\/wp-json\/wp\/v2\/comments?post=146416"}],"version-history":[{"count":0,"href":"https:\/\/www.enerjigazetesi.ist\/en\/wp-json\/wp\/v2\/posts\/146416\/revisions"}],"wp:featuredmedia":[{"embeddable":true,"href":"https:\/\/www.enerjigazetesi.ist\/en\/wp-json\/wp\/v2\/media\/146418"}],"wp:attachment":[{"href":"https:\/\/www.enerjigazetesi.ist\/en\/wp-json\/wp\/v2\/media?parent=146416"}],"wp:term":[{"taxonomy":"category","embeddable":true,"href":"https:\/\/www.enerjigazetesi.ist\/en\/wp-json\/wp\/v2\/categories?post=146416"},{"taxonomy":"post_tag","embeddable":true,"href":"https:\/\/www.enerjigazetesi.ist\/en\/wp-json\/wp\/v2\/tags?post=146416"}],"curies":[{"name":"wp","href":"https:\/\/api.w.org\/{rel}","templated":true}]}}