{"id":146395,"date":"2021-11-24T01:46:43","date_gmt":"2021-11-23T22:46:43","guid":{"rendered":"https:\/\/www.enerjigazetesi.ist\/?p=146395"},"modified":"2021-11-24T01:46:57","modified_gmt":"2021-11-23T22:46:57","slug":"shura-son-kullanici-elektrik-fiyatlandirmalari-raporunu-yayinladi","status":"publish","type":"post","link":"https:\/\/www.enerjigazetesi.ist\/en\/shura-son-kullanici-elektrik-fiyatlandirmalari-raporunu-yayinladi\/","title":{"rendered":"(Turkish) SHURA &#8216;Son Kullan\u0131c\u0131 Elektrik Fiyatland\u0131rmalar\u0131&#8217; Raporunu Yay\u0131nlad\u0131"},"content":{"rendered":"<p class=\"qtranxs-available-languages-message qtranxs-available-languages-message-en\">Sorry, this entry is only available in <a href=\"https:\/\/www.enerjigazetesi.ist\/tr\/wp-json\/wp\/v2\/posts\/146395\" class=\"qtranxs-available-language-link qtranxs-available-language-link-tr\" title=\"Turkish\">Turkish<\/a>. For the sake of viewer convenience, the content is shown below in the alternative language. You may click the link to switch the active language.<\/p><p><\/p>\n<h2><strong>SHURA Enerji D\u00f6n\u00fc\u015f\u00fcm\u00fc Merkezi<\/strong>\u2019nin \u2018<strong>T\u00fcrkiye&#8217;de Enerji D\u00f6n\u00fc\u015f\u00fcm\u00fcn\u00fc H\u0131zland\u0131racak Son Kullan\u0131c\u0131 Elektrik Fiyatland\u0131rmalar\u0131<\/strong>\u2019 raporu, 21-23 Kas\u0131m 2021&#8217;de Antalya\u2019da d\u00fczenlenen 11. T\u00fcrkiye Enerji Zirvesi (TEZ) SHURA \u00f6zel oturumunda a\u00e7\u0131kland\u0131.<\/h2>\n<p>Raporda, T\u00fcrkiye\u2019de <strong>son kullan\u0131c\u0131 elektrik fiyatland\u0131rmas\u0131<\/strong> ve <strong>tarife tasar\u0131m\u0131n\u0131n<\/strong> \u00e7ok zamanl\u0131 ve dinamik olmas\u0131n\u0131n, <strong>enerji d\u00f6n\u00fc\u015f\u00fcm\u00fcne<\/strong> ve<strong> t\u00fcketicilerin tasarruf etmelerine<\/strong> \u00f6nemli katk\u0131 sa\u011flayaca\u011f\u0131 vurguland\u0131. Raporu haz\u0131rlayan ve sunan <strong>SHURA Enerji D\u00f6n\u00fc\u015f\u00fcm\u00fc Merkezi Enerji <img loading=\"lazy\" class=\"alignright wp-image-146398\" src=\"https:\/\/www.enerjigazetesi.ist\/wp-content\/uploads\/2021\/11\/shura-son-kullanici-elektrik-fiyatlandirmalari-raporunu-yayinladi.jpg\" alt=\"\" width=\"320\" height=\"256\" srcset=\"https:\/\/www.enerjigazetesi.ist\/wp-content\/uploads\/2021\/11\/shura-son-kullanici-elektrik-fiyatlandirmalari-raporunu-yayinladi.jpg 650w, https:\/\/www.enerjigazetesi.ist\/wp-content\/uploads\/2021\/11\/shura-son-kullanici-elektrik-fiyatlandirmalari-raporunu-yayinladi-300x240.jpg 300w, https:\/\/www.enerjigazetesi.ist\/wp-content\/uploads\/2021\/11\/shura-son-kullanici-elektrik-fiyatlandirmalari-raporunu-yayinladi-500x399.jpg 500w, https:\/\/www.enerjigazetesi.ist\/wp-content\/uploads\/2021\/11\/shura-son-kullanici-elektrik-fiyatlandirmalari-raporunu-yayinladi-63x50.jpg 63w\" sizes=\"(max-width: 320px) 100vw, 320px\" \/>Analisti Ay\u015fe Ceren Sar\u0131<\/strong>, mevcut yap\u0131n\u0131n dura\u011fan oldu\u011funa dikkat \u00e7ekerek, <em>\u201cBug\u00fcn kullan\u0131lan, d\u00fczenlemeye tabi <strong>perakende elektrik tarifesinde uygulanmakta<\/strong> olan <strong>3 zamanl\u0131 fiyatland\u0131rma<\/strong> etkin \u015fekilde kullan\u0131lmamakta, <strong>serbest t\u00fcketicilerin faydaland\u0131\u011f\u0131<\/strong> son kaynak tedarik tarifesi ise tek zamanl\u0131 yap\u0131s\u0131yla, <strong>elektrik sisteminin verimli i\u015flemesine<\/strong> katk\u0131 sa\u011flam\u0131yor. <strong>Enerji d\u00f6n\u00fc\u015f\u00fcm\u00fcyle<\/strong> birlikte yeni elektrik t\u00fcketim profilleri ve <strong>ger\u00e7ek elektrik sistemi maliyetlerini, mevsimsel<\/strong> ve <strong>b\u00f6lgesel<\/strong> yans\u0131tacak \u015fekilde \u00e7ok zamanl\u0131 ve dinamik fiyatland\u0131rma stratejilerine ihtiya\u00e7 var. T\u00fcketicilerin, fiyatlara g\u00f6re t\u00fcketimlerini ba\u015fka bir zaman dilimine kayd\u0131rmas\u0131n\u0131n, <strong>t\u00fcketici elektrik faturalar\u0131nda<\/strong> tasarruf edilmesinde,<strong> elektrik sistemi verimlili\u011finin artmas\u0131nda<\/strong> ve<strong> karbon emisyonlar\u0131n\u0131n azalmas\u0131nda<\/strong> kritik \u00f6neme sahip\u201d<\/em> dedi.<\/p>\n<p>Yenilenebilir enerji kaynaklar\u0131n\u0131n kullan\u0131m\u0131n\u0131n artmas\u0131yla birlikte,<strong> fiyatlarda<\/strong> ve<strong> tarifelerde<\/strong> hem zorluklar\u0131n hem de f\u0131rsatlar\u0131n ortaya \u00e7\u0131kt\u0131\u011f\u0131n\u0131 s\u00f6yleyen Sar\u0131, <strong>enerji d\u00f6n\u00fc\u015f\u00fcm\u00fcyle<\/strong> <strong>da\u011f\u0131t\u0131k<\/strong> ve <strong>de\u011fi\u015fken<\/strong> \u00fcretim, <strong>esnek t\u00fcketici y\u00fckleri, enerjinin demokratikle\u015fmesi<\/strong> gibi konular\u0131n g\u00fcndeme geldi\u011fine dikkat \u00e7ekti. <strong>Son kullan\u0131c\u0131 fiyatland\u0131rmas\u0131nda<\/strong> t\u00fcketicinin etkisinin artaca\u011f\u0131n\u0131 ve talep taraf\u0131 kat\u0131l\u0131m\u0131n\u0131 destekleyecek stratejilerin gerekece\u011fini belirten Sar\u0131, s\u00f6zlerini <span style=\"text-decoration: underline;\">\u015f\u00f6yle s\u00fcrd\u00fcrd\u00fc:<\/span> <em>\u201cAvrupa Birli\u011fi i\u00e7inde dahi, son kullan\u0131c\u0131<strong> elektrik fiyatland\u0131rma<\/strong> ve <strong>tarife tasar\u0131m\u0131<\/strong> konular\u0131nda \u00e7ok zamanl\u0131 fiyatland\u0131rmaya y\u00f6nelik yakla\u015f\u0131mlar olmas\u0131na ra\u011fmen, hen\u00fcz ortak bir uygulama bulunmuyor. Her \u00fclkenin <strong>temiz, g\u00fcvenilir<\/strong> ve <strong>maliyet bak\u0131m\u0131ndan verimli<\/strong> bir fiyatland\u0131rma ve tarife stratejisine ihtiyac\u0131 bulunuyor.\u201d<\/em><\/p>\n<h3><strong>T\u00dcKET\u0130C\u0130 ELEKTR\u0130K F\u0130YATLARINA G\u00d6RE HAREKET EDEB\u0130LMEL\u0130<\/strong><\/h3>\n<p>SHURA\u2019n\u0131n <strong>\u2018T\u00fcrkiye&#8217;de Enerji D\u00f6n\u00fc\u015f\u00fcm\u00fcn\u00fc H\u0131zland\u0131racak Son Kullan\u0131c\u0131 Elektrik Fiyatland\u0131rmalar\u0131\u2019<\/strong> raporunda, son kullan\u0131c\u0131 elektrik fiyatland\u0131rmalar\u0131n\u0131n, t\u00fcketicilerin, elektrik sistemi maliyetlerini yans\u0131tan fiyat sinyallerine g\u00f6re hareket etmesini sa\u011flayacak \u015fekilde olmas\u0131 gerekti\u011finin alt\u0131 \u00e7iziliyor. T\u00fcketicilerin g\u00f6n\u00fcll\u00fc olarak elektrik t\u00fcketim saatlerini belirlemeyebilmesinin, piyasada olu\u015fan <strong>elektrik fiyatlar\u0131na<\/strong> g\u00f6re t\u00fcketimini kayd\u0131rabilmesinin,<strong> verimlilik<\/strong> ve <strong>tasarruf<\/strong> a\u00e7\u0131s\u0131ndan fayda sa\u011flayaca\u011f\u0131 belirtiliyor.<\/p>\n<p>Rapora g\u00f6re, \u00fcretimde<strong> yenilenebilir enerjinin<\/strong> ve <strong>da\u011f\u0131t\u0131k enerji kaynaklar\u0131n\u0131n pay\u0131n\u0131n<\/strong> artmas\u0131na katk\u0131 sa\u011flayacak<strong> iyi tasarlanm\u0131\u015f fiyatland\u0131rma<\/strong> ve <strong>ak\u0131ll\u0131 tarife tasar\u0131mlar\u0131<\/strong> ile\u00a0<strong>karbondioksit (CO<sub>2<\/sub>) emisyonu<\/strong> a\u00e7\u0131s\u0131ndan yo\u011fun \u00fcretimin oldu\u011fu saatlerde<strong> t\u00fcketimi azaltmak<\/strong> m\u00fcmk\u00fcn. <strong>\u0130yi tasarlanm\u0131\u015f fiyatland\u0131rma<\/strong> ve<strong> ak\u0131ll\u0131 tarife tasar\u0131mlar\u0131, elektrik t\u00fcketiminin, karbondioksit emisyon yo\u011funlu\u011funun<\/strong> ve sistem maliyetlerinin daha d\u00fc\u015f\u00fck oldu\u011fu saatlere kayd\u0131r\u0131lmas\u0131n\u0131 te\u015fvik eder. Bu durum ise talebin kayd\u0131r\u0131lmas\u0131yla <strong>yenilenebilir enerji entegrasyonunun<\/strong> daha <strong>d\u00fc\u015f\u00fck maliyetlerle sa\u011flanmas\u0131n\u0131<\/strong> destekler. Di\u011fer yandan <strong>yeni fiyatland\u0131rma<\/strong> ve <strong>tarifelerle \u015febeke k\u0131s\u0131tlar\u0131<\/strong> azal\u0131r, t\u00fcketimin yo\u011fun oldu\u011fu zaman dilimlerinde g\u00fcvenilirlik seviyesi artar.<\/p>\n<p>Piyasa fiyatlar\u0131na dayal\u0131, <strong>\u00e7ok zamanl\u0131<\/strong> ve <strong>dinamik fiyatland\u0131rma<\/strong> i\u00e7in t\u00fcm t\u00fcketicilerin orta ve uzun vadede ak\u0131ll\u0131 saya\u00e7 kullanmas\u0131 gerekti\u011fi belirtilen raporda, buna uygun<strong> i\u015f modelleri<\/strong> ve <strong>altyap\u0131n\u0131n olu\u015fturulmas\u0131<\/strong> gerekti\u011fine yer veriliyor. <strong>\u00c7ok zamanl\u0131 fiyatland\u0131rmaya<\/strong> ge\u00e7ilirken, k\u0131r\u0131lgan gruplar\u0131n olumsuz etkilenmemesi i\u00e7in bu gruplara <strong>\u00f6zel tek zamanl\u0131 indirimli<\/strong> bir <strong>elektrik fiyatland\u0131rma<\/strong> <strong>uygulamas\u0131 da<\/strong> hayata ge\u00e7irilmeli.<\/p>\n<h3><strong>B\u00d6LGESEL VE MEVS\u0130MSEL F\u0130YATLANDIRMA FAYDA SA\u011eLAR<\/strong><\/h3>\n<p>SHURA\u2019n\u0131n raporuna g\u00f6re, <strong>son kullan\u0131c\u0131 fiyatland\u0131rmas\u0131nda<\/strong> mevsimsel ve b\u00f6lgesel farkl\u0131l\u0131klar da g\u00f6z \u00f6n\u00fcnde bulundurulabilir.<strong> Zamana dayal\u0131 elektrik fiyatland\u0131rma stratejilerinin<\/strong> \u00e7ok zamanl\u0131 \u015febeke tarifeleriyle desteklenmesi pek \u00e7ok a\u00e7\u0131dan fayda sa\u011flar. \u00d6zellikle\u00a0<strong>\u015febekede y\u00fcksek talebin<\/strong> oldu\u011fu <strong>g\u00fcn<\/strong> ve <strong>saatlerde<\/strong> t\u00fcketimin kayd\u0131r\u0131lmas\u0131n\u0131n <strong>te\u015fvik edilmesiyle<\/strong> \u015febeke k\u0131s\u0131tlar\u0131n\u0131 y\u00f6netmek kolayla\u015fabilecek ve <strong>sistem verimlili\u011fi<\/strong>\u00a0artacak.<\/p>\n<p><strong>Enerji d\u00f6n\u00fc\u015f\u00fcm\u00fcnde<\/strong> t\u00fcketicinin bilin\u00e7lendirilmesinin talep taraf\u0131 kat\u0131l\u0131m\u0131nda \u00f6nemli rol\u00fc oldu\u011funa dikkat \u00e7eken \u00e7al\u0131\u015fmada, t\u00fcketicilerin <strong>fiyatland\u0131rma<\/strong> ve <strong>tarife tasar\u0131m\u0131<\/strong> hakk\u0131nda bilgilendirilmesinde <strong>\u015feffafl\u0131k<\/strong> ve <strong>basitlik ilkeleri<\/strong> temel al\u0131narak, <strong>yeni uygulamalar\u0131n geli\u015ftirilmesi<\/strong> ve<strong> faturalar\u0131n daha anla\u015f\u0131l\u0131r hale getirilmesinin de<\/strong> \u00f6nemine de\u011finiliyor.<\/p>\n<p><strong>Raporun tamam\u0131na ula\u015fmak i\u00e7in:<\/strong>\u00a0<u><a href=\"https:\/\/shura.org.tr\/raporlar\/\" target=\"_blank\" rel=\"noopener\">https:\/\/shura.org.tr\/raporlar\/<\/a><\/u>\u00a0adresini ziyaret edebilirsiniz.<\/p>","protected":false},"excerpt":{"rendered":"<p>Sorry, this entry is only available in Turkish. For the sake of viewer convenience, the content is shown below in the alternative language. You may click the link to switch the active language. SHURA Enerji D\u00f6n\u00fc\u015f\u00fcm\u00fc Merkezi\u2019nin \u2018T\u00fcrkiye&#8217;de Enerji D\u00f6n\u00fc\u015f\u00fcm\u00fcn\u00fc H\u0131zland\u0131racak Son Kullan\u0131c\u0131 Elektrik Fiyatland\u0131rmalar\u0131\u2019 raporu, 21-23 Kas\u0131m 2021&#8217;de Antalya\u2019da d\u00fczenlenen 11. T\u00fcrkiye Enerji Zirvesi [&hellip;]<\/p>\n","protected":false},"author":1,"featured_media":146400,"comment_status":"open","ping_status":"open","sticky":false,"template":"","format":"standard","meta":[],"categories":[51,53],"tags":[98774,98776,4546,1564,103,37672,98775],"views":100,"_links":{"self":[{"href":"https:\/\/www.enerjigazetesi.ist\/en\/wp-json\/wp\/v2\/posts\/146395"}],"collection":[{"href":"https:\/\/www.enerjigazetesi.ist\/en\/wp-json\/wp\/v2\/posts"}],"about":[{"href":"https:\/\/www.enerjigazetesi.ist\/en\/wp-json\/wp\/v2\/types\/post"}],"author":[{"embeddable":true,"href":"https:\/\/www.enerjigazetesi.ist\/en\/wp-json\/wp\/v2\/users\/1"}],"replies":[{"embeddable":true,"href":"https:\/\/www.enerjigazetesi.ist\/en\/wp-json\/wp\/v2\/comments?post=146395"}],"version-history":[{"count":1,"href":"https:\/\/www.enerjigazetesi.ist\/en\/wp-json\/wp\/v2\/posts\/146395\/revisions"}],"predecessor-version":[{"id":146396,"href":"https:\/\/www.enerjigazetesi.ist\/en\/wp-json\/wp\/v2\/posts\/146395\/revisions\/146396"}],"wp:featuredmedia":[{"embeddable":true,"href":"https:\/\/www.enerjigazetesi.ist\/en\/wp-json\/wp\/v2\/media\/146400"}],"wp:attachment":[{"href":"https:\/\/www.enerjigazetesi.ist\/en\/wp-json\/wp\/v2\/media?parent=146395"}],"wp:term":[{"taxonomy":"category","embeddable":true,"href":"https:\/\/www.enerjigazetesi.ist\/en\/wp-json\/wp\/v2\/categories?post=146395"},{"taxonomy":"post_tag","embeddable":true,"href":"https:\/\/www.enerjigazetesi.ist\/en\/wp-json\/wp\/v2\/tags?post=146395"}],"curies":[{"name":"wp","href":"https:\/\/api.w.org\/{rel}","templated":true}]}}