{"id":146351,"date":"2021-11-23T12:18:31","date_gmt":"2021-11-23T09:18:31","guid":{"rendered":"https:\/\/www.enerjigazetesi.ist\/?p=146351"},"modified":"2021-11-23T12:18:31","modified_gmt":"2021-11-23T09:18:31","slug":"yesil-mutabakat-bir-sorun-olarak-algilanmamali","status":"publish","type":"post","link":"https:\/\/www.enerjigazetesi.ist\/en\/yesil-mutabakat-bir-sorun-olarak-algilanmamali\/","title":{"rendered":"(Turkish) Ye\u015fil Mutabakat Bir Sorun Olarak Alg\u0131lanmamal\u0131"},"content":{"rendered":"<p class=\"qtranxs-available-languages-message qtranxs-available-languages-message-en\">Sorry, this entry is only available in <a href=\"https:\/\/www.enerjigazetesi.ist\/tr\/wp-json\/wp\/v2\/posts\/146351\" class=\"qtranxs-available-language-link qtranxs-available-language-link-tr\" title=\"Turkish\">Turkish<\/a>. For the sake of viewer convenience, the content is shown below in the alternative language. You may click the link to switch the active language.<\/p><p><\/p>\n<h2>T.C Enerji ve Tabii Kaynaklar Bakanl\u0131\u011f\u0131 himayelerinde, Enerji Piyasas\u0131 D\u00fczenleme Kurumu\u2019nun (EPDK) deste\u011fiyle d\u00fczenledi\u011fi 11. T\u00fcrkiye Enerji Zirvesi&#8217;nin <strong>Garanti BBVA \u00d6zel Oturumu&#8217;nda Ye\u015fil Mutabakat\u0131n Etkileri<\/strong> temas\u0131yla ye\u015fil mutabakat\u0131n enerji piyasalar\u0131na ve T\u00fcrkiye sanayisine etkileri masaya yat\u0131r\u0131ld\u0131.<img loading=\"lazy\" class=\"alignright wp-image-146354\" src=\"https:\/\/www.enerjigazetesi.ist\/wp-content\/uploads\/2021\/11\/yesil-mutabakat-bir-sorun-olarak-algilanmamali-2.jpg\" alt=\"\" width=\"320\" height=\"214\" srcset=\"https:\/\/www.enerjigazetesi.ist\/wp-content\/uploads\/2021\/11\/yesil-mutabakat-bir-sorun-olarak-algilanmamali-2.jpg 550w, https:\/\/www.enerjigazetesi.ist\/wp-content\/uploads\/2021\/11\/yesil-mutabakat-bir-sorun-olarak-algilanmamali-2-300x200.jpg 300w, https:\/\/www.enerjigazetesi.ist\/wp-content\/uploads\/2021\/11\/yesil-mutabakat-bir-sorun-olarak-algilanmamali-2-500x334.jpg 500w, https:\/\/www.enerjigazetesi.ist\/wp-content\/uploads\/2021\/11\/yesil-mutabakat-bir-sorun-olarak-algilanmamali-2-75x50.jpg 75w, https:\/\/www.enerjigazetesi.ist\/wp-content\/uploads\/2021\/11\/yesil-mutabakat-bir-sorun-olarak-algilanmamali-2-450x300.jpg 450w\" sizes=\"(max-width: 320px) 100vw, 320px\" \/><\/h2>\n<p>Oturumun moderat\u00f6rl\u00fc\u011f\u00fcn\u00fc Enerji ve Tabii Kaynaklar Bakanl\u0131\u011f\u0131 D\u0131\u015f \u0130li\u015fkiler M\u00fcd\u00fcr Vekili <strong>\u00d6zt\u00fcrk Selvitop<\/strong> \u00fcstlenirken, S\u00fcrd\u00fcr\u00fclebilir Ekonomi ve Finans Ara\u015ft\u0131rmalar\u0131 Derne\u011fi (SEFiA) Kurucu Direkt\u00f6r\u00fc <strong>Bengisu \u00d6zen\u00e7<\/strong>, Shura Enerji D\u00f6n\u00fc\u015f\u00fcm\u00fc Merkezi Ara\u015ft\u0131rma Koordinat\u00f6r\u00fc <strong>Hasan Aksoy<\/strong> ve APLUS Enerji Orta\u011f\u0131 <strong>Volkan Yi\u011fit<\/strong> ye\u015fil mutabakat\u0131n etkilerini konu\u015ftu.<\/p>\n<h3><strong>\u2018SIFIR KARBON HEDEF\u0130 YE\u015e\u0130L MUTABAKAT ANLA\u015eMASINI DO\u011eURDU\u2019<\/strong><\/h3>\n<p>Ye\u015fil Mutabakat Anla\u015fmas\u0131\u2019n\u0131n s\u00fcre\u00e7ten ba\u011f\u0131ms\u0131z de\u011ferlendirilmemesi gerekti\u011fini vurgulayan <strong>SEFiA Kurucu Direkt\u00f6r\u00fc Bengisu \u00d6zen\u00e7<\/strong>, \u201cAvrupa Birli\u011fi\u2019nin <strong>(AB) Ye\u015fil Mutabakat Anla\u015fmas\u0131<\/strong>\u2019n\u0131 tek ba\u015f\u0131na de\u011ferlendirmemek gerekir. <strong>AB \u0130klim Yasas\u0131<\/strong> gere\u011fince <strong>1990\u2019l\u0131 y\u0131llar\u0131n<\/strong> seviyesiyle k\u0131yaslamal\u0131 olarak \u00fcye \u00fclkelerin karbon emisyonlar\u0131n\u0131 2030 y\u0131l\u0131na kadar <strong>en az y\u00fczde 55<\/strong> d\u00fc\u015f\u00fcr\u00fclmesini taahh\u00fct etmesi, 2050 y\u0131l\u0131 i\u00e7in konulan <strong>\u2018s\u0131f\u0131r karbon\u2019<\/strong> hedefleri do\u011frultusunda <strong>Ye\u015fil Mutabakat Anla\u015fmas\u0131<\/strong> bir sonu\u00e7tur. Hedeflere ula\u015fabilmek i\u00e7in AB\u2019nin ticaret partnerlerine uygulayaca\u011f\u0131 <strong>\u2018s\u0131n\u0131rda karbon fiyatlamas\u0131\u2019<\/strong> AB\u2019ye ihra\u00e7 edilen \u00fcr\u00fcnlerin \u00fcretiminde ne kadar karbon sal\u0131m\u0131 ger\u00e7ekle\u015fti\u011finin belgelenmesini ve bu de\u011ferin vergilendirilmesini hedefliyor. Ticaretinin neredeyse <strong>% 50<\/strong>\u2019sini AB \u00fcyesi \u00fclkelerle yapan T\u00fcrkiye i\u00e7in elbette<strong> \u2018s\u0131n\u0131rda karbon fiyatlamas\u0131\u2019<\/strong> ciddiye al\u0131nmas\u0131 gereken bir ba\u015fl\u0131kt\u0131r. Ancak T\u00fcrkiye sanayicisi durumu ciddiye al\u0131p yat\u0131r\u0131mlar\u0131na ba\u015flad\u0131. AB \u00fcyesi \u00fclkelerde ger\u00e7ekle\u015fen COVID sonras\u0131 d\u00f6nemde \u2018ye\u015fil yat\u0131r\u0131mlar\u2019 \u00fclkemizde de kar\u015f\u0131l\u0131k buluyor. G\u00fcmr\u00fck Birli\u011fi Anla\u015fmas\u0131\u2019n\u0131 g\u00fcncelleyecek \u2018s\u0131n\u0131rda karbon fiyatlamas\u0131yla g\u00f6r\u00fcyoruz ki <strong>\u0130klim De\u011fi\u015fikli\u011fi, Uluslararas\u0131 \u0130li\u015fkileri<\/strong> do\u011frudan etkileyecek\u201d ifadelerini kulland\u0131.<\/p>\n<h3><strong>\u2018KARBON HEDEFLER\u0130N\u0130 TUTTURMAK \u0130\u00c7\u0130N ENERJ\u0130 VER\u0130ML\u0130L\u0130\u011e\u0130 GEREKL\u0130\u2019<\/strong><\/h3>\n<p><strong>Shura Enerji D\u00f6n\u00fc\u015f\u00fcm\u00fc Merkezi Ara\u015ft\u0131rma Koordinat\u00f6r\u00fc Hasan Aksoy,\u00a0<\/strong>2050\u2019ye kadar karbondan ar\u0131nm\u0131\u015f bir enerji sekt\u00f6r\u00fc i\u00e7in enerji verimlili\u011fi konusunda \u00f6nemli ad\u0131mlar at\u0131lmas\u0131 gerekti\u011fini belirtti. <strong>Hasan Aksoy,<\/strong> \u201cElektrik \u00fcretiminde ye\u015fil d\u00f6n\u00fc\u015f\u00fcm ba\u015flad\u0131. Yenilenebilir enerji santrallerinin toplam elektrik kapasitesi i\u00e7indeki <strong>pay\u0131 % 53<\/strong> oran\u0131nda seyrediyor. Kimi \u00e7evreler <strong>enerji \u00fcretiminde k\u00f6m\u00fcrden vazge\u00e7ilemeyece\u011fini<\/strong> s\u00f6ylese de ara\u015ft\u0131rmalar\u0131m\u0131z aksi y\u00f6nde bir ger\u00e7e\u011fi g\u00f6steriyor. Enerji \u00fcretiminde k\u00f6m\u00fcrden tamamen vazge\u00e7ilmesi m\u00fcmk\u00fcn. Bu d\u00f6n\u00fc\u015f\u00fcm k\u0131sa vadede ger\u00e7ekle\u015fmese de <strong>orta vadede<\/strong> olacak. T\u00fcrkiye\u2019nin enerji \u00fcretiminde <strong>karbon sal\u0131m\u0131n\u0131 azaltmas\u0131<\/strong> i\u00e7in bir di\u011fer \u00f6nemli ba\u015fl\u0131k ise <strong>enerji verimlili\u011fi.\u00a0<\/strong>\u00dcretti\u011fimiz enerjinin \u00f6nemli bir k\u0131sm\u0131n\u0131 israf ediyoruz. <strong>Enerjide ye\u015fil d\u00f6n\u00fc\u015f\u00fcm i\u00e7in \u00f6ncelikle t\u00fcketicileri\/bireyleri bilin\u00e7lendirmeliyiz<\/strong>. Enerjide fiyatlamalar da verimlilik odakl\u0131 olmal\u0131\u201d diye konu\u015ftu.<\/p>\n<h3><strong>\u2018YE\u015e\u0130L D\u00d6N\u00dc\u015e\u00dcM ROMANT\u0130K B\u0130R HEDEF DE\u011e\u0130L\u2019<\/strong><\/h3>\n<p>Enerjide ye\u015fil d\u00f6n\u00fc\u015f\u00fcm\u00fcn romantik bir hedef olmad\u0131\u011f\u0131n\u0131 belirten <strong>APLUS Enerji Orta\u011f\u0131 Volkan Yi\u011fit,<\/strong><em> \u201cEnerji \u00fcretiminde karbonsuz d\u00f6n\u00fc\u015f\u00fcm romantik bir hedef olmaktan \u00e7\u0131kt\u0131. Ger\u00e7ek\u00e7i ve uygulanan bir hedef haline geldi. <strong>Yenilenebilir Enerji Kaynaklar\u0131 Destekleme Mekanizmas\u0131 (YEKDEM)<\/strong> ile ba\u015flad\u0131\u011f\u0131m\u0131z s\u00fcre\u00e7te geldi\u011fimiz nokta ortada, buradan da g\u00f6rebiliyoruz ki elektrik \u00fcretiminde ye\u015fil d\u00f6n\u00fc\u015f\u00fcm m\u00fcmk\u00fcnm\u00fc\u015f. <strong>YEKDEM desteklerinin<\/strong> zamanla azalaca\u011f\u0131n\u0131 ve nihayetinde bitece\u011fini d\u00fc\u015f\u00fcn\u00fcyoruz ancak yak\u0131n gelecekte yenilenebilir enerjide teknolojinin geli\u015fmesiyle yat\u0131r\u0131m maliyetleri \u00e7ok daha ucuz olacak. Bundan <strong>10 y\u0131l \u00f6nce<\/strong> \u2018yenilenebilir enerji pahal\u0131\u2019 diyerek YEKDEM yerine kaynaklar\u0131m\u0131z\u0131 <strong>do\u011falgaz t\u00fcketen elektrik santrallerine<\/strong> harcasayd\u0131k, bug\u00fcn gelece\u011fi ka\u00e7\u0131racakt\u0131k. Bug\u00fcn de ataca\u011f\u0131m\u0131z ad\u0131mlarla <strong>10 y\u0131l\u0131 sonras\u0131<\/strong> yakalayabilmeliyiz\u201d<\/em> dedi.<\/p>","protected":false},"excerpt":{"rendered":"<p>Sorry, this entry is only available in Turkish. For the sake of viewer convenience, the content is shown below in the alternative language. You may click the link to switch the active language. T.C Enerji ve Tabii Kaynaklar Bakanl\u0131\u011f\u0131 himayelerinde, Enerji Piyasas\u0131 D\u00fczenleme Kurumu\u2019nun (EPDK) deste\u011fiyle d\u00fczenledi\u011fi 11. T\u00fcrkiye Enerji Zirvesi&#8217;nin Garanti BBVA \u00d6zel Oturumu&#8217;nda [&hellip;]<\/p>\n","protected":false},"author":1,"featured_media":146355,"comment_status":"open","ping_status":"open","sticky":false,"template":"","format":"standard","meta":[],"categories":[51,53,52],"tags":[98745,12,42233,98747,4232,8275,2482,98746,98744],"views":190,"_links":{"self":[{"href":"https:\/\/www.enerjigazetesi.ist\/en\/wp-json\/wp\/v2\/posts\/146351"}],"collection":[{"href":"https:\/\/www.enerjigazetesi.ist\/en\/wp-json\/wp\/v2\/posts"}],"about":[{"href":"https:\/\/www.enerjigazetesi.ist\/en\/wp-json\/wp\/v2\/types\/post"}],"author":[{"embeddable":true,"href":"https:\/\/www.enerjigazetesi.ist\/en\/wp-json\/wp\/v2\/users\/1"}],"replies":[{"embeddable":true,"href":"https:\/\/www.enerjigazetesi.ist\/en\/wp-json\/wp\/v2\/comments?post=146351"}],"version-history":[{"count":1,"href":"https:\/\/www.enerjigazetesi.ist\/en\/wp-json\/wp\/v2\/posts\/146351\/revisions"}],"predecessor-version":[{"id":146352,"href":"https:\/\/www.enerjigazetesi.ist\/en\/wp-json\/wp\/v2\/posts\/146351\/revisions\/146352"}],"wp:featuredmedia":[{"embeddable":true,"href":"https:\/\/www.enerjigazetesi.ist\/en\/wp-json\/wp\/v2\/media\/146355"}],"wp:attachment":[{"href":"https:\/\/www.enerjigazetesi.ist\/en\/wp-json\/wp\/v2\/media?parent=146351"}],"wp:term":[{"taxonomy":"category","embeddable":true,"href":"https:\/\/www.enerjigazetesi.ist\/en\/wp-json\/wp\/v2\/categories?post=146351"},{"taxonomy":"post_tag","embeddable":true,"href":"https:\/\/www.enerjigazetesi.ist\/en\/wp-json\/wp\/v2\/tags?post=146351"}],"curies":[{"name":"wp","href":"https:\/\/api.w.org\/{rel}","templated":true}]}}