{"id":146319,"date":"2021-11-22T23:18:24","date_gmt":"2021-11-22T20:18:24","guid":{"rendered":"https:\/\/www.enerjigazetesi.ist\/?p=146319"},"modified":"2021-11-22T23:54:51","modified_gmt":"2021-11-22T20:54:51","slug":"11-yesil-ekonomi-konferansi-26-kasim-2021-saat-13-00de-basliyor","status":"publish","type":"post","link":"https:\/\/www.enerjigazetesi.ist\/en\/11-yesil-ekonomi-konferansi-26-kasim-2021-saat-13-00de-basliyor\/","title":{"rendered":"(Turkish) 11&#8217;inci Ye\u015fil Ekonomi Konferans\u0131 26 Kas\u0131m 2021 Saat: 13.00&#8217;de Ba\u015fl\u0131yor!"},"content":{"rendered":"<p class=\"qtranxs-available-languages-message qtranxs-available-languages-message-en\">Sorry, this entry is only available in <a href=\"https:\/\/www.enerjigazetesi.ist\/tr\/wp-json\/wp\/v2\/posts\/146319\" class=\"qtranxs-available-language-link qtranxs-available-language-link-tr\" title=\"Turkish\">Turkish<\/a>. For the sake of viewer convenience, the content is shown below in the alternative language. You may click the link to switch the active language.<\/p><p><\/p>\n<h2><strong>26 Kas\u0131m Cuma 13.00 &#8211; 18.10<\/strong> saatleri aras\u0131nda ger\u00e7ekle\u015fecek olan<strong> Ye\u015fil D\u00f6n\u00fc\u015f\u00fcm: Gezegen, Toplum, Ekonomi i\u00e7in Son \u015eans <\/strong>temal\u0131 <strong>11. Ye\u015fil Ekonomi Konferans\u0131<\/strong> d\u00fczenlenecektir.<\/h2>\n<p><strong><img loading=\"lazy\" class=\"alignright wp-image-146326\" src=\"https:\/\/www.enerjigazetesi.ist\/wp-content\/uploads\/2021\/11\/11-yesil-ekonomi-konferansi-26-kasim-2021-saat-13-00de-basliyor-1.jpg\" alt=\"\" width=\"320\" height=\"200\" srcset=\"https:\/\/www.enerjigazetesi.ist\/wp-content\/uploads\/2021\/11\/11-yesil-ekonomi-konferansi-26-kasim-2021-saat-13-00de-basliyor-1.jpg 550w, https:\/\/www.enerjigazetesi.ist\/wp-content\/uploads\/2021\/11\/11-yesil-ekonomi-konferansi-26-kasim-2021-saat-13-00de-basliyor-1-300x188.jpg 300w, https:\/\/www.enerjigazetesi.ist\/wp-content\/uploads\/2021\/11\/11-yesil-ekonomi-konferansi-26-kasim-2021-saat-13-00de-basliyor-1-500x313.jpg 500w, https:\/\/www.enerjigazetesi.ist\/wp-content\/uploads\/2021\/11\/11-yesil-ekonomi-konferansi-26-kasim-2021-saat-13-00de-basliyor-1-80x50.jpg 80w\" sizes=\"(max-width: 320px) 100vw, 320px\" \/>Ye\u015fil Ekonomi Program\u0131m\u0131z*<\/strong> kapsam\u0131nda <strong>Ye\u015fil D\u00fc\u015f\u00fcnce Derne\u011fi ve Heinrich B\u00f6ll Stiftung T\u00fcrkiye<\/strong> <strong>Temsilcili\u011fi<\/strong> olarak birlikte organize edilen bu etkinlik <strong>Zoom uygulamas\u0131<\/strong> arac\u0131l\u0131\u011f\u0131yla ger\u00e7ekle\u015ftirilecek olup <strong><em>etkinli\u011fe <a href=\"https:\/\/us06web.zoom.us\/meeting\/register\/tZEscO-prTsjH9VoO7ZaoAkvmJKD8tLGth-a?utm_source=Zoom&amp;utm_medium=register&amp;utm_campaign=Ye%C5%9Fil+Ekonomi\" target=\"_blank\" rel=\"noopener\">bu linkten &gt;&gt;<\/a> kay\u0131t olunarak<\/em><\/strong> kay\u0131t sonras\u0131 kat\u0131l\u0131m linki taraf\u0131n\u0131za iletilecektir. A\u015fa\u011f\u0131da<strong> konferans program\u0131<\/strong> ve ilgili <strong>konsept notunu<\/strong> g\u00f6rebilirsiniz.<\/p>\n<h2><strong>PROGRAM<\/strong><\/h2>\n<h3><strong>1. OTURUM: \u201cYe\u015fil D\u00f6n\u00fc\u015f\u00fcm \/ Ye\u015fil \u0130yile\u015fme\u201d neden \u015fart?<\/strong><\/h3>\n<p>Moderat\u00f6r: <strong>Do\u00e7. Dr. Sevil Acar<\/strong><\/p>\n<p>13.00 &#8211; 13.05 &#8211; <strong>Heinrich B\u00f6ll Vakf\u0131 T\u00fcrkiye Temsilcili\u011fi<\/strong>\u2019nden A\u00e7\u0131l\u0131\u015f Konu\u015fmas\u0131<\/p>\n<p>13.05 &#8211; 13.10 &#8211; <strong>Ye\u015fil D\u00fc\u015f\u00fcnce Derne\u011fi<\/strong>\u2019nden A\u00e7\u0131l\u0131\u015f Konu\u015fmas\u0131<\/p>\n<p>13.10 &#8211; 13.40 &#8211; <strong>Sergey Lagodinsky<\/strong> (Avrupa Parlamentosu milletvekili) &#8211; Avrupa\u2019n\u0131n Ye\u015fil D\u00f6n\u00fc\u015f\u00fcm\u00fcne Dair Deneyimler ve T\u00fcrkiye \u0130\u00e7in Olas\u0131 \u00d6neriler<\/p>\n<p>13.40 &#8211; 14.10 &#8211; <strong>G\u00fcven Sak<\/strong> (TEPAV) &#8211; T\u00fcrkiye\u2019de Ye\u015fil Yeni D\u00fczenin \u00c7er\u00e7evesi ve Sunaca\u011f\u0131 F\u0131rsatlar<\/p>\n<p>14.10 &#8211; 14.40 Soru &#8211; Cevap<\/p>\n<p>ARA: 14.40 &#8211; 14.55<\/p>\n<h3><strong>2. OTURUM: \u201cNas\u0131l Bir D\u00f6n\u00fc\u015f\u00fcm?\u201d<\/strong><\/h3>\n<p>Moderat\u00f6r: <strong>Do\u00e7. Dr. Ahmet At\u0131l A\u015f\u0131c\u0131<\/strong><\/p>\n<p>14.55 &#8211; 15.00 A\u00e7\u0131l\u0131\u015f<\/p>\n<p>15.00 &#8211; 15.20 &#8211; <strong>Corinna Zierold <\/strong>(Industriall European Trade Union) &#8211; Uluslararas\u0131 Emek Hareketi Perspektifinden Adil D\u00f6n\u00fc\u015f\u00fcm<\/p>\n<p>15.20 &#8211; 15.40 &#8211; <strong>\u00d6zlem Kat\u0131s\u00f6z<\/strong> (\u0130klim Eylem A\u011f\u0131) &#8211; \u0130klim Hareketi Perspektifinden Adil D\u00f6n\u00fc\u015f\u00fcm<\/p>\n<p>15.40 &#8211; 16.00 &#8211; <strong>Ey\u00fcp \u00d6zer<\/strong> (Birle\u015fik Metal-\u0130\u015f Sendikas\u0131) &#8211; T\u00fcrkiye \u00d6zelinde Emek Hareketi A\u00e7\u0131s\u0131ndan Adil D\u00f6n\u00fc\u015f\u00fcm<\/p>\n<p>16.00 &#8211; 16.30 &#8211; Soru &#8211; Cevap<\/p>\n<p>ARA: 16.30 &#8211; 16.40<\/p>\n<h3><strong>3. OTURUM: Bildiri Sunumlar\u0131<\/strong><\/h3>\n<p>Moderat\u00f6r: <strong>Prof. Dr. Beg\u00fcm \u00d6zkaynak<\/strong><\/p>\n<p>16.40 &#8211; 17.00 &#8211; <strong>Mehpare Toprak Korkmaz <\/strong>&#8211; Avrupa Ye\u015fil Mutabakat\u0131 Ve T\u00fcrkiye Ekonomisine Etkileri<\/p>\n<p>17.00 &#8211; 17.10 &#8211; Soru &#8211; Cevap<\/p>\n<p>17.10 &#8211; 17.30 &#8211; <strong>Emine Akyel<\/strong> &#8211; \u0130klim Krizinin \u00c7al\u0131\u015fma Ya\u015fam\u0131na Etkileri: Zonguldak Maden \u0130\u015f\u00e7ileri G\u00f6z\u00fcnden Adil Ge\u00e7i\u015f<\/p>\n<p>17.30 &#8211; 17.40 &#8211; Soru &#8211; Cevap<\/p>\n<p>17.40 &#8211; 18.00 &#8211; <strong>G\u00f6k\u00e7en Bayram<\/strong> &#8211; D\u00fcnya\u2019da ve T\u00fcrkiye\u2019de Ye\u015fil Ekonomi Ba\u011flam\u0131nda G\u0131da \u00dcretiminin De\u011ferlendirilmesi ve G\u0131da Kay\u0131plar\u0131n\u0131n Belirlenmesi<\/p>\n<p>18.00 &#8211; 18.10 &#8211; Soru &#8211; Cevap<\/p>\n<p><strong>Detayl\u0131 Bilgi \u0130\u00e7in: <\/strong><a href=\"https:\/\/www.yesildusunce.org\/11-yesil-ekonomi-konferansi-yesil-donusum-gezegen-toplum-ekonomi-icin-son-sans\/\" target=\"_blank\" rel=\"noopener\">https:\/\/www.yesildusunce.org\/11-yesil-ekonomi-konferansi-yesil-donusum-gezegen-toplum-ekonomi-icin-son-sans\/<\/a>\u00a0adresini ziyaret edebilirsiniz.<\/p>","protected":false},"excerpt":{"rendered":"<p>Sorry, this entry is only available in Turkish. For the sake of viewer convenience, the content is shown below in the alternative language. You may click the link to switch the active language. 26 Kas\u0131m Cuma 13.00 &#8211; 18.10 saatleri aras\u0131nda ger\u00e7ekle\u015fecek olan Ye\u015fil D\u00f6n\u00fc\u015f\u00fcm: Gezegen, Toplum, Ekonomi i\u00e7in Son \u015eans temal\u0131 11. Ye\u015fil Ekonomi [&hellip;]<\/p>\n","protected":false},"author":1,"featured_media":146326,"comment_status":"open","ping_status":"open","sticky":false,"template":"","format":"standard","meta":[],"categories":[51,53],"tags":[98738,98739,2482,39015,98740],"views":148,"_links":{"self":[{"href":"https:\/\/www.enerjigazetesi.ist\/en\/wp-json\/wp\/v2\/posts\/146319"}],"collection":[{"href":"https:\/\/www.enerjigazetesi.ist\/en\/wp-json\/wp\/v2\/posts"}],"about":[{"href":"https:\/\/www.enerjigazetesi.ist\/en\/wp-json\/wp\/v2\/types\/post"}],"author":[{"embeddable":true,"href":"https:\/\/www.enerjigazetesi.ist\/en\/wp-json\/wp\/v2\/users\/1"}],"replies":[{"embeddable":true,"href":"https:\/\/www.enerjigazetesi.ist\/en\/wp-json\/wp\/v2\/comments?post=146319"}],"version-history":[{"count":0,"href":"https:\/\/www.enerjigazetesi.ist\/en\/wp-json\/wp\/v2\/posts\/146319\/revisions"}],"wp:featuredmedia":[{"embeddable":true,"href":"https:\/\/www.enerjigazetesi.ist\/en\/wp-json\/wp\/v2\/media\/146326"}],"wp:attachment":[{"href":"https:\/\/www.enerjigazetesi.ist\/en\/wp-json\/wp\/v2\/media?parent=146319"}],"wp:term":[{"taxonomy":"category","embeddable":true,"href":"https:\/\/www.enerjigazetesi.ist\/en\/wp-json\/wp\/v2\/categories?post=146319"},{"taxonomy":"post_tag","embeddable":true,"href":"https:\/\/www.enerjigazetesi.ist\/en\/wp-json\/wp\/v2\/tags?post=146319"}],"curies":[{"name":"wp","href":"https:\/\/api.w.org\/{rel}","templated":true}]}}