{"id":146308,"date":"2021-11-22T21:47:10","date_gmt":"2021-11-22T18:47:10","guid":{"rendered":"https:\/\/www.enerjigazetesi.ist\/?p=146308"},"modified":"2021-11-22T21:57:00","modified_gmt":"2021-11-22T18:57:00","slug":"sivas-ta-yeni-topraksiz-cam-sera-yatiriminin-temeli-atildi","status":"publish","type":"post","link":"https:\/\/www.enerjigazetesi.ist\/en\/sivas-ta-yeni-topraksiz-cam-sera-yatiriminin-temeli-atildi\/","title":{"rendered":"(Turkish) Sivas\u2019ta Yeni Topraks\u0131z Cam Sera Yat\u0131r\u0131m\u0131n\u0131n Temeli At\u0131ld\u0131"},"content":{"rendered":"<p class=\"qtranxs-available-languages-message qtranxs-available-languages-message-en\">Sorry, this entry is only available in <a href=\"https:\/\/www.enerjigazetesi.ist\/tr\/wp-json\/wp\/v2\/posts\/146308\" class=\"qtranxs-available-language-link qtranxs-available-language-link-tr\" title=\"Turkish\">Turkish<\/a>. For the sake of viewer convenience, the content is shown below in the alternative language. You may click the link to switch the active language.<\/p><p><\/p>\n<h2>Global D\u00fcnya&#8217;n\u0131n gelecekteki ticari faaliyet alanlar\u0131n\u0131n <strong>enerji, geri d\u00f6n\u00fc\u015f\u00fcm, bili\u015fim<\/strong> ve <strong>tar\u0131m<\/strong> olaca\u011f\u0131ndan hareketle, bu sekt\u00f6rlerin tamam\u0131n\u0131 kapsayan bir proje olarak topraks\u0131z 55 d\u00f6n\u00fcml\u00fck cam sera yat\u0131r\u0131m\u0131na imza at\u0131ld\u0131.<\/h2>\n<p><em>Biotrend Enerji Y\u00f6netim kurulu Ba\u015fkan Yard\u0131mc\u0131s\u0131 <strong>Osman Nuri Vard\u0131:<\/strong> \u201cD\u00fcnya&#8217;daki en son \u00fcretim teknolojisinin kullan\u0131laca\u011f\u0131 bu<strong> sera, yenilenebilir enerji kayna\u011f\u0131<\/strong> olarak; <strong>evsel at\u0131klardan<\/strong> <img loading=\"lazy\" class=\"alignright wp-image-146310\" src=\"https:\/\/www.enerjigazetesi.ist\/wp-content\/uploads\/2021\/11\/sivas-ta-yeni-topraksiz-cam-sera-yatiriminin-ilk-temeli-atildi-2.jpg\" alt=\"\" width=\"320\" height=\"191\" srcset=\"https:\/\/www.enerjigazetesi.ist\/wp-content\/uploads\/2021\/11\/sivas-ta-yeni-topraksiz-cam-sera-yatiriminin-ilk-temeli-atildi-2.jpg 550w, https:\/\/www.enerjigazetesi.ist\/wp-content\/uploads\/2021\/11\/sivas-ta-yeni-topraksiz-cam-sera-yatiriminin-ilk-temeli-atildi-2-300x179.jpg 300w, https:\/\/www.enerjigazetesi.ist\/wp-content\/uploads\/2021\/11\/sivas-ta-yeni-topraksiz-cam-sera-yatiriminin-ilk-temeli-atildi-2-500x299.jpg 500w, https:\/\/www.enerjigazetesi.ist\/wp-content\/uploads\/2021\/11\/sivas-ta-yeni-topraksiz-cam-sera-yatiriminin-ilk-temeli-atildi-2-80x48.jpg 80w\" sizes=\"(max-width: 320px) 100vw, 320px\" \/>\u00e7\u0131kan <strong>metan gaz\u0131n\u0131<\/strong> kullanarak, <strong>elektrik \u00fcreten motorlardaki ceket suyu s\u0131cakl\u0131\u011f\u0131<\/strong>n\u0131n, bacas\u0131ndan \u00e7\u0131kan <strong>at\u0131k \u0131s\u0131n\u0131n<\/strong> ve<strong> karbondioksitin<\/strong> bir arada kullan\u0131ld\u0131\u011f\u0131 T\u00fcrkiye\u2019nin ilk modern<strong> sera projesidir<\/strong>.\u201d dedi.<\/em><\/p>\n<p>Temel atma t\u00f6reninde konu\u015fan <em>Biotrend Enerji Y\u00f6netim kurulu Ba\u015fkan Yard\u0131mc\u0131s\u0131<\/em> <strong>Osman Nuri Vard\u0131<\/strong>, di\u011fer<strong> kat\u0131 at\u0131k sahalar\u0131nda<\/strong> da ayn\u0131 anlay\u0131\u015fta yat\u0131r\u0131m yapmaya devam edeceklerine i\u015faret etti. Yeni <strong>topraks\u0131z cam sera yat\u0131r\u0131m\u0131nda<\/strong> en son \u00fcretim teknolojisinin kullan\u0131ld\u0131\u011f\u0131na dikkat \u00e7eken Vard\u0131, d\u00fcnya n\u00fcfusunun h\u0131zla artmas\u0131 sebebiyle <strong>tar\u0131m<\/strong> ve <strong>g\u0131daya<\/strong> olan ihtiyac\u0131n giderek art\u0131\u015f g\u00f6sterece\u011fini, Biotrend\u2019in bu alandaki yerini h\u0131zla ald\u0131\u011f\u0131n\u0131 ifade etti. Cam sera yat\u0131r\u0131m\u0131yla <strong>100 ki\u015fiye de istihdam<\/strong> sa\u011flayaca\u011f\u0131n\u0131n alt\u0131n\u0131 \u00e7izen Vard\u0131, \u201c<strong>55 milyon TL<\/strong>&#8216;ye mal olacak proje ile <strong>toprak<\/strong> ve<strong> ila\u00e7<\/strong> kullan\u0131lmadan y\u0131lda yakla\u015f\u0131k <strong>2.500 ton<\/strong> salk\u0131m domates yeti\u015ftirilmesi ama\u00e7lan\u0131yor.\u201d ifadelerini kulland\u0131.<\/p>\n<p>Temel atma t\u00f6renine Sivas Valisi<strong> Salih Ayhan<\/strong>, Sivas Belediye Ba\u015fkan\u0131 <strong>Hilmi Bilgin<\/strong>, \u00f6nceki d\u00f6nem belediye ba\u015fkan\u0131 ve i\u015f insan\u0131 <strong>Sami Ayd\u0131n<\/strong>, Sivas Cumhuriyet \u00dcniversitesi Rekt\u00f6r\u00fc <strong>Prof. Dr. Alim Y\u0131ld\u0131z<\/strong>, Sivas Bilim ve Teknoloji \u00dcniversitesi Rekt\u00f6r\u00fc<strong> Prof. Dr. Mehmet Kul<\/strong> da kat\u0131ld\u0131.<\/p>","protected":false},"excerpt":{"rendered":"<p>Sorry, this entry is only available in Turkish. For the sake of viewer convenience, the content is shown below in the alternative language. You may click the link to switch the active language. Global D\u00fcnya&#8217;n\u0131n gelecekteki ticari faaliyet alanlar\u0131n\u0131n enerji, geri d\u00f6n\u00fc\u015f\u00fcm, bili\u015fim ve tar\u0131m olaca\u011f\u0131ndan hareketle, bu sekt\u00f6rlerin tamam\u0131n\u0131 kapsayan bir proje olarak topraks\u0131z [&hellip;]<\/p>\n","protected":false},"author":1,"featured_media":146311,"comment_status":"open","ping_status":"open","sticky":false,"template":"","format":"standard","meta":[],"categories":[22893,51,53],"tags":[87594,98735,63,2529,98736,2437,98737],"views":608,"_links":{"self":[{"href":"https:\/\/www.enerjigazetesi.ist\/en\/wp-json\/wp\/v2\/posts\/146308"}],"collection":[{"href":"https:\/\/www.enerjigazetesi.ist\/en\/wp-json\/wp\/v2\/posts"}],"about":[{"href":"https:\/\/www.enerjigazetesi.ist\/en\/wp-json\/wp\/v2\/types\/post"}],"author":[{"embeddable":true,"href":"https:\/\/www.enerjigazetesi.ist\/en\/wp-json\/wp\/v2\/users\/1"}],"replies":[{"embeddable":true,"href":"https:\/\/www.enerjigazetesi.ist\/en\/wp-json\/wp\/v2\/comments?post=146308"}],"version-history":[{"count":0,"href":"https:\/\/www.enerjigazetesi.ist\/en\/wp-json\/wp\/v2\/posts\/146308\/revisions"}],"wp:featuredmedia":[{"embeddable":true,"href":"https:\/\/www.enerjigazetesi.ist\/en\/wp-json\/wp\/v2\/media\/146311"}],"wp:attachment":[{"href":"https:\/\/www.enerjigazetesi.ist\/en\/wp-json\/wp\/v2\/media?parent=146308"}],"wp:term":[{"taxonomy":"category","embeddable":true,"href":"https:\/\/www.enerjigazetesi.ist\/en\/wp-json\/wp\/v2\/categories?post=146308"},{"taxonomy":"post_tag","embeddable":true,"href":"https:\/\/www.enerjigazetesi.ist\/en\/wp-json\/wp\/v2\/tags?post=146308"}],"curies":[{"name":"wp","href":"https:\/\/api.w.org\/{rel}","templated":true}]}}