{"id":146303,"date":"2021-11-22T21:33:13","date_gmt":"2021-11-22T18:33:13","guid":{"rendered":"https:\/\/www.enerjigazetesi.ist\/?p=146303"},"modified":"2021-11-22T21:33:28","modified_gmt":"2021-11-22T18:33:28","slug":"tusiad-buyuk-enerji-tuketicisi-anketi-sonuclarini-acikladi","status":"publish","type":"post","link":"https:\/\/www.enerjigazetesi.ist\/en\/tusiad-buyuk-enerji-tuketicisi-anketi-sonuclarini-acikladi\/","title":{"rendered":"(Turkish) T\u00dcS\u0130AD &#8216;B\u00fcy\u00fck Enerji T\u00fcketicisi&#8217; Anketi Sonu\u00e7lar\u0131n\u0131 A\u00e7\u0131klad\u0131"},"content":{"rendered":"<p class=\"qtranxs-available-languages-message qtranxs-available-languages-message-en\">Sorry, this entry is only available in <a href=\"https:\/\/www.enerjigazetesi.ist\/tr\/wp-json\/wp\/v2\/posts\/146303\" class=\"qtranxs-available-language-link qtranxs-available-language-link-tr\" title=\"Turkish\">Turkish<\/a>. For the sake of viewer convenience, the content is shown below in the alternative language. You may click the link to switch the active language.<\/p><p><\/p>\n<h2>T.C Enerji ve Tabii Kaynaklar Bakanl\u0131\u011f\u0131 himayelerinde, Enerji Piyasas\u0131 D\u00fczenleme Kurumu\u2019nun (EPDK) destekleriyle d\u00fczenlenen 11. T\u00fcrkiye Enerji Zirvesi, enerji piyasalar\u0131na y\u00f6n verecek farkl\u0131 konuda yap\u0131lan oturumlar\u0131yla da ad\u0131ndan s\u00f6z ettirmeyi s\u00fcrd\u00fcr\u00fcyor.<\/h2>\n<p>Zirve\u2019nin ilk g\u00fcn\u00fcnde <strong>T\u00dcS\u0130AD Sanayi, Hizmetler ve Tar\u0131m Komisyonu<\/strong> b\u00fcnyesinde faaliyet <img loading=\"lazy\" class=\"alignright wp-image-146305\" src=\"https:\/\/www.enerjigazetesi.ist\/wp-content\/uploads\/2021\/11\/tusiad-buyuk-enerji-tuketicisi-anketi-sonuclarini-acikladi-2.jpg\" alt=\"\" width=\"320\" height=\"214\" srcset=\"https:\/\/www.enerjigazetesi.ist\/wp-content\/uploads\/2021\/11\/tusiad-buyuk-enerji-tuketicisi-anketi-sonuclarini-acikladi-2.jpg 550w, https:\/\/www.enerjigazetesi.ist\/wp-content\/uploads\/2021\/11\/tusiad-buyuk-enerji-tuketicisi-anketi-sonuclarini-acikladi-2-300x200.jpg 300w, https:\/\/www.enerjigazetesi.ist\/wp-content\/uploads\/2021\/11\/tusiad-buyuk-enerji-tuketicisi-anketi-sonuclarini-acikladi-2-500x334.jpg 500w, https:\/\/www.enerjigazetesi.ist\/wp-content\/uploads\/2021\/11\/tusiad-buyuk-enerji-tuketicisi-anketi-sonuclarini-acikladi-2-75x50.jpg 75w, https:\/\/www.enerjigazetesi.ist\/wp-content\/uploads\/2021\/11\/tusiad-buyuk-enerji-tuketicisi-anketi-sonuclarini-acikladi-2-450x300.jpg 450w\" sizes=\"(max-width: 320px) 100vw, 320px\" \/>g\u00f6steren Enerji \u00c7al\u0131\u015fma Grubu taraf\u0131ndan organize edilen <strong>\u201cT\u00fcketici Oda\u011f\u0131yla Enerjinin D\u00f6n\u00fc\u015f\u00fcm\u00fc\u201d<\/strong> oturumu kat\u0131l\u0131mc\u0131lardan yo\u011fun ilgi g\u00f6rd\u00fc. T\u00dcS\u0130AD Enerji \u00c7al\u0131\u015fma Grubu Ba\u015fkan\u0131 K\u0131van\u00e7 Zaimler\u2019in moderat\u00f6rl\u00fc\u011f\u00fcn\u00fc \u00fcstlendi\u011fi oturum; T\u00dcS\u0130AD Enerji \u00c7al\u0131\u015fma Grubu Ba\u015fkan Yard\u0131mc\u0131lar\u0131 <strong>Ark\u0131n Akbay, Bilal Tu\u011frul Kaya, Elif D\u00fc\u015fmez Tek<\/strong> ve <strong>Mehmet Acarla<\/strong> konu\u015fmac\u0131 olarak kat\u0131ld\u0131.<strong> Elektrik<\/strong> ve <strong>do\u011fal gaz sekt\u00f6rlerine<\/strong> ili\u015fkin mevcut durumun, kazan\u0131mlar\u0131n ve tespitlerin ele al\u0131nd\u0131\u011f\u0131 oturumda, <strong>finansal s\u00fcrd\u00fcr\u00fclebilirlik, \u00f6ng\u00f6r\u00fclebilirlik, rekabet\u00e7ilik<\/strong> ve <strong>verimlilik unsurlar\u0131<\/strong> \u00e7er\u00e7evesinde iyile\u015ftirme alanlar\u0131na ili\u015fkin \u00f6neriler payla\u015f\u0131ld\u0131.<\/p>\n<h3><strong>\u2018B\u00dcY\u00dcK ENERJ\u0130 T\u00dcKET\u0130C\u0130S\u0130 ANKET\u0130\u2019 SONU\u00c7LARI PAYLA\u015eILDI<\/strong><\/h3>\n<p><strong>T\u00dcS\u0130AD Enerji \u00c7al\u0131\u015fma Grubu Ba\u015fkan\u0131 K\u0131van\u00e7 Zaimler<\/strong>\u00a0oturumda <em>\u201c\u00d6ng\u00f6r\u00fclebilirli\u011fi daha da g\u00fc\u00e7lendirilmi\u015f ve s\u00fcrd\u00fcr\u00fclebilir enerji piyasalar\u0131n\u0131n hem sekt\u00f6r\u00fcn bug\u00fcn\u00fcn\u00fcn ve mevcut zorluklar\u0131n\u0131n y\u00f6netilmesi, hem de gelecekteki potansiyelin ekonomimize ve t\u00fcm payda\u015flara en y\u00fcksek seviyede de\u011fer katacak \u015fekilde de\u011ferlendirilebilmesi a\u00e7\u0131s\u0131ndan \u00f6nemli oldu\u011funu\u201d vurgulad\u0131. T\u00fcrkiye\u2019nin enerji ihtiyac\u0131 ve enerji kaynaklar\u0131na dair k\u00fcresel geli\u015fmelerin, \u00fclkemizin geli\u015ftirmesi ve uygulamas\u0131 gereken enerji politika ve stratejilerinin konu\u015fuldu\u011fu \u00f6zel oturumda <strong>T\u00dcS\u0130AD Enerji \u00c7al\u0131\u015fma Grubu<\/strong> b\u00fcnyesinde ger\u00e7ekle\u015ftirilen <strong>\u201cT\u00fcketici Oda\u011f\u0131yla Enerji D\u00f6n\u00fc\u015f\u00fcm\u00fc\u201d<\/strong> oturumunda; <strong>enerji piyasalar\u0131, yenilenebilir d\u00f6n\u00fc\u015f\u00fcm<\/strong> ve <strong>enerji teknolojileri<\/strong> konular\u0131nda haz\u0131rlanan \u00e7al\u0131\u015fmalar\u0131n politika \u00f6nerileri de payla\u015f\u0131ld\u0131. Ayr\u0131ca T\u00dcS\u0130AD\u2019\u0131n enerji ba\u015fta olmak \u00fczere farkl\u0131 sekt\u00f6rlerden enerji t\u00fcketimleri y\u00fcksek olan <strong>53 b\u00fcy\u00fck t\u00fcketici<\/strong> ile yapt\u0131\u011f\u0131\u00a0 <strong>\u2018B\u00fcy\u00fck Enerji T\u00fcketicisi Anketi\u2019<\/strong>nin sonu\u00e7lar\u0131 da bu \u00f6zel oturumda sekt\u00f6r payda\u015flar\u0131yla ilk kez payla\u015f\u0131ld\u0131. \u00a0Anket \u00e7al\u0131\u015fmas\u0131; <strong>\u201cEnerji yat\u0131r\u0131mlar\u0131 ve verimlilik\u201d, \u201cPiyasa mekanizmalar\u0131\u201d <\/strong>ve<strong> \u201cKarbonsuzla\u015fma\u201d<\/strong> ba\u015fl\u0131klar\u0131ndan olu\u015ftu. Ye\u015fil ve dijital d\u00f6n\u00fc\u015f\u00fcm\u00fcn T\u00fcrkiye enerji sekt\u00f6r\u00fcne etkisinin analizi, enerji t\u00fcketicisi taraf\u0131ndaki <strong>risklerin, f\u0131rsatlar\u0131n<\/strong> ve<strong> fark\u0131ndal\u0131\u011f\u0131n tespiti<\/strong> amac\u0131yla haz\u0131rlanan <strong>\u201cB\u00fcy\u00fck Enerji T\u00fcketicisi Anketi\u201d<\/strong> ile <strong>s\u00fcrd\u00fcr\u00fclebilir<\/strong> ve<strong> etkin piyasa<\/strong> ko\u015fullar\u0131n\u0131n sa\u011flanmas\u0131 i\u00e7in, enerji t\u00fcketicisinin ve \u00fcreticisinin beklentilerinin ortak paydada bulu\u015fturulmas\u0131 hedeflediklerini belirten K\u0131van\u00e7 Zaimler, anketin en dikkat \u00e7ekici cevab\u0131n\u0131n <strong>\u2018Te\u015fvik mi? S\u00fcbvansiyon mu?\u2019<\/strong> sorusuna verildi\u011fini belirterek; \u201cB\u00fcy\u00fck enerji t\u00fcketicileri, enerji fiyatlar\u0131n\u0131n s\u00fcbvansiyonu yerine rekabet avantaj\u0131n\u0131 do\u011frudan etkileyecek <strong>verimlilik\/ \u00f6z t\u00fcketim yat\u0131r\u0131mlar\u0131n\u0131n<\/strong> kamu taraf\u0131ndan daha fazla te\u015fvik edilmesini \u00e7ok b\u00fcy\u00fck bir oranda \u00e7\u0131kt\u0131\u201d dedi.<\/em><\/p>\n<h3><strong>SEKT\u00d6R, ARZ G\u00dcVENL\u0130\u011e\u0130 VE MAL\u0130YET\u0130 EN B\u00dcY\u00dcK R\u0130SK OLARAK G\u00d6R\u00dcYOR<\/strong><\/h3>\n<p><strong>\u2018B\u00fcy\u00fck Enerji T\u00fcketicisi Anketini\u2019<\/strong> haz\u0131rlarken sekt\u00f6rdeki b\u00fct\u00fcn b\u00fcy\u00fck oyuncular\u0131n taleplerini toplamaya b\u00fcy\u00fck \u00f6nem verdiklerini belirten <em>T\u00dcS\u0130AD Enerji \u00c7al\u0131\u015fma Grubu Ba\u015fkan Yard\u0131mc\u0131s\u0131<\/em> <strong>Ark\u0131n Akbay<\/strong>, b\u00fcy\u00fck t\u00fcketicilerin <strong>enerji tedari\u011finde frekans dalgalanmalar\u0131<\/strong> ve <strong>kesinti sorunlar\u0131yla<\/strong> kar\u015f\u0131la\u015ft\u0131klar\u0131n\u0131 belirtti. Anket sonu\u00e7lar\u0131na g\u00f6re<strong> enerji tedari\u011finde<\/strong> \u00f6ne \u00e7\u0131kan riskler ise; <strong>arz g\u00fcvenli\u011fini, maliyetlerini<\/strong> ve<strong> enerji kalitesini<\/strong> en kritik riskler olarak s\u0131raland\u0131. B\u00fcy\u00fck enerji t\u00fcketicilerinin \u00f6ncelikli beklentileri ise <strong>maliyet \u00f6ng\u00f6r\u00fclebilirli\u011fi<\/strong> ve<strong> \u015feffafl\u0131k<\/strong> olarak \u00f6ne \u00e7\u0131kt\u0131.<\/p>\n<h3><strong>YETA\u2019LARIN \u00d6N\u00dcN\u00dcN A\u00c7ILMASI GEREK<\/strong><\/h3>\n<p>Oturumda s\u00f6z olan <em>T\u00dcS\u0130AD Enerji \u00c7al\u0131\u015fma Grubu<\/em> <strong>Ba\u015fkan Yrd. Bilal Tu\u011frul Kaya<\/strong> ise enerji piyasalar\u0131nda uzun d\u00f6nemli yenilenebilir <strong>enerji tedarik anla\u015fmalar\u0131<\/strong>n\u0131n (YETA) T\u00fcrkiye\u2019nin <strong>ye\u015fil d\u00f6n\u00fc\u015f\u00fcm<\/strong> yolculu\u011funda \u00f6n\u00fcn\u00fcn a\u00e7\u0131lmas\u0131 konusunun da anketlerine yans\u0131d\u0131\u011f\u0131n\u0131 belirterek, <em>\u201c<strong>YETA<\/strong>\u2019lar\u0131n \u00f6n\u00fcn\u00fcn a\u00e7\u0131lmas\u0131 gerek enerji \u00fcreticileri gerekse de enerji t\u00fcketicileri as\u0131ndan kritik \u00f6nem ta\u015f\u0131maktad\u0131r\u201d\u00a0<\/em>dedi.<\/p>\n<p><strong>Paris Anla\u015fmas\u0131<\/strong> gere\u011fince <strong>2053 y\u0131l\u0131 s\u0131f\u0131r karbon hedefi<\/strong> i\u00e7in <strong>detayl\u0131 bir yol haritas\u0131n\u0131n \u00e7izilmesi<\/strong> gerekti\u011fini belirten T\u00dcS\u0130AD Enerji \u00c7al\u0131\u015fma Grubu Ba\u015fkan Yrd. Mehmet Acarla, oturumculara yapt\u0131\u011f\u0131 konu\u015fmada; <em>\u201cT\u00fcrkiye\u2019nin <strong>Paris Anla\u015fmas\u0131<\/strong>\u2019n\u0131 onaylamas\u0131 \u00e7ok \u00f6nemli bir geli\u015fme, yapt\u0131\u011f\u0131m\u0131z ankette da bu anla\u015fman\u0131n gerekliliklerine uyma noktas\u0131nda neredeyse t\u00fcm firmalar \u00e7al\u0131\u015fmaya ba\u015flayacaklar\u0131n\u0131 ifade ettiler. Ama as\u0131l h\u00fck\u00fcmet ve devlet nezdinde y\u0131l y\u0131l nas\u0131l bir plan yap\u0131laca\u011f\u0131 belirlenmeli, <strong>yol haritam\u0131z<\/strong> \u015fimdiden haz\u0131rlanmal\u0131\u201d<\/em> dedi.<\/p>\n<h3><strong>ENERJ\u0130 VER\u0130ML\u0130L\u0130\u011e\u0130 EN B\u00dcY\u00dcK \u00d6NCEL\u0130\u011e\u0130M\u0130Z OLMALI<\/strong><\/h3>\n<p>Oturumda son olarak s\u00f6z olan T\u00dcS\u0130AD Enerji \u00c7al\u0131\u015fma Grubu Ba\u015fkan Yrd. Elif D\u00fc\u015fmez Tek, <strong>enerji verimlili\u011fi<\/strong> konusu ve <strong>hidrojen<\/strong> hakk\u0131nda \u00f6nemli payla\u015f\u0131mlarda bulundu. Tek, <em>\u201cT\u00dcS\u0130AD olarak enerji verimlili\u011fi konusunu \u00e7ok ama \u00e7ok \u00f6nemsiyoruz. \u00a0Enerji verimlili\u011fine yap\u0131lan yat\u0131r\u0131mlar\u0131n yayg\u0131nla\u015ft\u0131r\u0131lmas\u0131n\u0131 h\u0131zland\u0131rmak,<strong> uygun finansman \u00e7\u00f6z\u00fcmlerinin<\/strong> i\u015flerli\u011finin kolayla\u015ft\u0131r\u0131lmas\u0131 ve \u00e7e\u015fitli destek programlar\u0131n\u0131n etkili kullan\u0131lmas\u0131 <strong>enerji verimlili\u011fi potansiyelimize<\/strong> b\u00fcy\u00fck katk\u0131 sa\u011flayacakt\u0131r\u201d<\/em> dedi. \u00c7ok \u00fcst\u00fcne d\u00fc\u015f\u00fclmeyen ya da g\u00f6z ard\u0131 edilen <strong>Hidrojen kaynakl\u0131 enerjinin<\/strong> asl\u0131nda T\u00fcrkiye i\u00e7in ciddi ve \u00e7ok y\u00fcksek bir potansiyel bar\u0131nd\u0131rd\u0131\u011f\u0131na dikkat \u00e7eken Elif D\u00fc\u015fmez Tek, <em>\u201cEn k\u0131sa zamanda <strong>orta<\/strong> ve <strong>uzun vadeye<\/strong> y\u00f6nelik bir <strong>hidrojen stratejisi<\/strong> haz\u0131rlanmal\u0131, T\u00fcrkiye\u2019nin \u00f6zellikle ye\u015fil hidrojene y\u00f6nelik<strong> \u00fcretim<\/strong> ve <strong>ihracat potansiyelini<\/strong> ortaya koyacak detayl\u0131 \u00e7al\u0131\u015fmalar yap\u0131larak hidrojen de\u011fer zincirinde T\u00fcrkiye\u2019nin odaklanaca\u011f\u0131 alanlar belirlenmeli\u201d\u00a0<\/em>dedi.<\/p>","protected":false},"excerpt":{"rendered":"<p>Sorry, this entry is only available in Turkish. For the sake of viewer convenience, the content is shown below in the alternative language. You may click the link to switch the active language. T.C Enerji ve Tabii Kaynaklar Bakanl\u0131\u011f\u0131 himayelerinde, Enerji Piyasas\u0131 D\u00fczenleme Kurumu\u2019nun (EPDK) destekleriyle d\u00fczenlenen 11. T\u00fcrkiye Enerji Zirvesi, enerji piyasalar\u0131na y\u00f6n verecek [&hellip;]<\/p>\n","protected":false},"author":1,"featured_media":146306,"comment_status":"open","ping_status":"open","sticky":false,"template":"","format":"standard","meta":[],"categories":[46,51,53,52],"tags":[94668,4567,98733,19208,75216,98734,2482],"views":488,"_links":{"self":[{"href":"https:\/\/www.enerjigazetesi.ist\/en\/wp-json\/wp\/v2\/posts\/146303"}],"collection":[{"href":"https:\/\/www.enerjigazetesi.ist\/en\/wp-json\/wp\/v2\/posts"}],"about":[{"href":"https:\/\/www.enerjigazetesi.ist\/en\/wp-json\/wp\/v2\/types\/post"}],"author":[{"embeddable":true,"href":"https:\/\/www.enerjigazetesi.ist\/en\/wp-json\/wp\/v2\/users\/1"}],"replies":[{"embeddable":true,"href":"https:\/\/www.enerjigazetesi.ist\/en\/wp-json\/wp\/v2\/comments?post=146303"}],"version-history":[{"count":0,"href":"https:\/\/www.enerjigazetesi.ist\/en\/wp-json\/wp\/v2\/posts\/146303\/revisions"}],"wp:featuredmedia":[{"embeddable":true,"href":"https:\/\/www.enerjigazetesi.ist\/en\/wp-json\/wp\/v2\/media\/146306"}],"wp:attachment":[{"href":"https:\/\/www.enerjigazetesi.ist\/en\/wp-json\/wp\/v2\/media?parent=146303"}],"wp:term":[{"taxonomy":"category","embeddable":true,"href":"https:\/\/www.enerjigazetesi.ist\/en\/wp-json\/wp\/v2\/categories?post=146303"},{"taxonomy":"post_tag","embeddable":true,"href":"https:\/\/www.enerjigazetesi.ist\/en\/wp-json\/wp\/v2\/tags?post=146303"}],"curies":[{"name":"wp","href":"https:\/\/api.w.org\/{rel}","templated":true}]}}