{"id":146288,"date":"2021-11-22T13:34:31","date_gmt":"2021-11-22T10:34:31","guid":{"rendered":"https:\/\/www.enerjigazetesi.ist\/?p=146288"},"modified":"2021-11-22T13:35:40","modified_gmt":"2021-11-22T10:35:40","slug":"bu-son-sansimiz-mi-konusma-programi-20-27-kasim-2021-de-duzenleniyor","status":"publish","type":"post","link":"https:\/\/www.enerjigazetesi.ist\/en\/bu-son-sansimiz-mi-konusma-programi-20-27-kasim-2021-de-duzenleniyor\/","title":{"rendered":"(Turkish) Bu Son \u015eans\u0131m\u0131z m\u0131? Konu\u015fma Program\u0131 20-27 Kas\u0131m&#8217;da D\u00fczenleniyor"},"content":{"rendered":"<p class=\"qtranxs-available-languages-message qtranxs-available-languages-message-en\">Sorry, this entry is only available in <a href=\"https:\/\/www.enerjigazetesi.ist\/tr\/wp-json\/wp\/v2\/posts\/146288\" class=\"qtranxs-available-language-link qtranxs-available-language-link-tr\" title=\"Turkish\">Turkish<\/a>. For the sake of viewer convenience, the content is shown below in the alternative language. You may click the link to switch the active language.<\/p><p><\/p>\n<h2>SALT\u2019\u0131n 2015\u2019ten bu yana iklim ve ekolojik kriz \u00fczerine d\u00fc\u015f\u00fcnmeyi ve tart\u0131\u015fmay\u0131 te\u015fvik eden <em><strong>Bu son \u015fans\u0131m\u0131z m\u0131?\u00a0<\/strong><\/em>g\u00f6sterimlerine bu y\u0131l \u00e7evrimi\u00e7i bir konu\u015fma serisi e\u015flik ediyor. Garanti BBVA deste\u011fiyle 20 ile 27 Kas\u0131m 2021 tarihleri aras\u0131nda ger\u00e7ekle\u015ftirilecek program, <strong>Prof. Dr. Burcu \u00d6zsoy, Prof. Karen O\u2019Brien, Dr. Abdullah Kahraman<\/strong> ve<strong>\u00a0Dr. Derya Akkaynak<\/strong>\u2019\u0131n sunumlar\u0131ndan meydana geliyor.<\/h2>\n<p><strong>Bu son \u015fans\u0131m\u0131z m\u0131?<\/strong>\u00a0konu\u015fma program\u0131, <strong>SALT Online YouTube<\/strong> kanal\u0131ndan \u00fccretsiz ve herkesin eri\u015fimine a\u00e7\u0131k \u015fekilde yay\u0131nlan\u0131yor. Program, <strong>20 Kas\u0131m 2021<\/strong> Cumartesi g\u00fcn\u00fc Garanti<strong>\u00a0BBVA Genel M\u00fcd\u00fcr Yard\u0131mc\u0131s\u0131 Ebru Dildar Edin<\/strong>\u2019in a\u00e7\u0131l\u0131\u015f konu\u015fmas\u0131 ile ba\u015flad\u0131. Son y\u0131llarda ya\u015fad\u0131\u011f\u0131m\u0131z \u00e7evre <img loading=\"lazy\" class=\"alignright wp-image-146290\" src=\"https:\/\/www.enerjigazetesi.ist\/wp-content\/uploads\/2021\/11\/bu-son-sansimiz-mi-konusma-programi-20-27-kasim-2021-de-duzenleniyor-2.jpg\" alt=\"\" width=\"320\" height=\"213\" srcset=\"https:\/\/www.enerjigazetesi.ist\/wp-content\/uploads\/2021\/11\/bu-son-sansimiz-mi-konusma-programi-20-27-kasim-2021-de-duzenleniyor-2.jpg 780w, https:\/\/www.enerjigazetesi.ist\/wp-content\/uploads\/2021\/11\/bu-son-sansimiz-mi-konusma-programi-20-27-kasim-2021-de-duzenleniyor-2-300x200.jpg 300w, https:\/\/www.enerjigazetesi.ist\/wp-content\/uploads\/2021\/11\/bu-son-sansimiz-mi-konusma-programi-20-27-kasim-2021-de-duzenleniyor-2-768x512.jpg 768w, https:\/\/www.enerjigazetesi.ist\/wp-content\/uploads\/2021\/11\/bu-son-sansimiz-mi-konusma-programi-20-27-kasim-2021-de-duzenleniyor-2-500x333.jpg 500w, https:\/\/www.enerjigazetesi.ist\/wp-content\/uploads\/2021\/11\/bu-son-sansimiz-mi-konusma-programi-20-27-kasim-2021-de-duzenleniyor-2-75x50.jpg 75w, https:\/\/www.enerjigazetesi.ist\/wp-content\/uploads\/2021\/11\/bu-son-sansimiz-mi-konusma-programi-20-27-kasim-2021-de-duzenleniyor-2-450x300.jpg 450w\" sizes=\"(max-width: 320px) 100vw, 320px\" \/>felaketlerinin ve y\u0131k\u0131c\u0131 kay\u0131plar\u0131n hepimizi derinden etkiledi\u011fine de\u011finen Edin, Kas\u0131m ba\u015f\u0131nda <strong>Glasgow<\/strong>\u2019da d\u00fczenlenen, <strong>Birle\u015fmi\u015f Milletler \u0130klim De\u011fi\u015fikli\u011fi Konferans\u0131<\/strong>\u2019n\u0131n da ana oda\u011f\u0131 olan <strong>\u201charekete ge\u00e7mek\u201d<\/strong> i\u00e7in son \u015fans\u0131m\u0131z\u0131 de\u011ferlendirmenin \u00f6neminin alt\u0131n\u0131 \u00e7izdi. Edin; <em>\u201cGezegenimizin bize verdi\u011fi uyar\u0131lar\u0131 dikkate alarak bireyler, kurumlar ve toplum olarak h\u0131zla \u00f6nlem almak, s\u00fcrd\u00fcr\u00fclebilir bir d\u00fcnya i\u00e7in harekete ge\u00e7mek zorunday\u0131z. Yakla\u015f\u0131k <strong>15 y\u0131ld\u0131r iklim de\u011fi\u015fikli\u011fiyle<\/strong> m\u00fccadeleye ve kapsay\u0131c\u0131 b\u00fcy\u00fcmeye odaklanarak \u00fclkemizin<strong> s\u00fcrd\u00fcr\u00fclebilir kalk\u0131nma ama\u00e7lar\u0131na<\/strong> ula\u015fmas\u0131 i\u00e7in bir\u00e7ok alanda \u00e7al\u0131\u015fmalar\u0131m\u0131z\u0131 s\u00fcrd\u00fcr\u00fcyoruz. K\u00fclt\u00fcr sanat d\u00fcnyas\u0131n\u0131n da kitleleri ayd\u0131nlatma ve diyalog kurmada \u00e7ok etkili oldu\u011funa inan\u0131yoruz. <strong>10 y\u0131l<\/strong> \u00f6nce<strong> bilgi, k\u00fclt\u00fcr<\/strong> ve <strong>sanat \u00fcretimini desteklemek<\/strong> amac\u0131yla kurdu\u011fumuz <strong>SALT<\/strong> ile ortakla\u015fa ger\u00e7ekle\u015ftirdi\u011fimiz projelerle toplumun g\u00fcndemine <strong>\u201cs\u00fcrd\u00fcr\u00fclebilirlik\u201d<\/strong> kavram\u0131n\u0131, sanat\u0131n g\u00fc\u00e7l\u00fc dili arac\u0131l\u0131\u011f\u0131yla ta\u015f\u0131maya \u00e7al\u0131\u015f\u0131yoruz. Garanti BBVA olarak do\u011frudan destek verdi\u011fimiz <strong>\u201cBu son \u015fans\u0131m\u0131z m\u0131?\u201d<\/strong> ba\u015fl\u0131kl\u0131 \u00e7evrimi\u00e7i g\u00f6sterim ve konu\u015fma program\u0131 ile toplumun t\u00fcm kesimlerini <strong>iklim<\/strong> ve <strong>ekolojik kriz<\/strong><\/em> \u00fczerine<em>\u00a0d\u00fc\u015f\u00fcnmeye ve tart\u0131\u015fmaya davet ediyoruz.\u201d<\/em> dedi.<\/p>\n<p><strong>Prof. Dr. Burcu \u00d6zsoy<\/strong>&#8216;un Arktik ve Antarktik b\u00f6lgelerde g\u00f6zlenen <strong>iklim de\u011fi\u015fikli\u011fine<\/strong> de\u011findi\u011fi ilk bulu\u015fmada <strong>\u201cD\u00fcnya\u2019da \u0130klim, Kutuplarda \u0130klim\u201d\u00a0<\/strong>ba\u015fl\u0131kl\u0131 sunum ger\u00e7ekle\u015ftirildi. \u00d6zsoy, de\u011fi\u015fen iklimin D\u00fcnya\u2019ya ve kutup b\u00f6lgelerine etkileri ile T\u00fcrkiye\u2019nin kutuplarda s\u00fcrd\u00fcrd\u00fc\u011f\u00fc<strong> bilimsel \u00e7al\u0131\u015fmalardan<\/strong> bahsetti. <strong>\u0130stanbul Teknik \u00dcniversitesi<\/strong> b\u00fcnyesindeki <strong>Polar Ara\u015ft\u0131rma Merkezi<\/strong>&#8216;nin (PolReC) kurucu direkt\u00f6r\u00fc olan \u00d6zsoy, Cumhurba\u015fkanl\u0131\u011f\u0131 himayesi ve Sanayi ve Teknoloji Bakanl\u0131\u011f\u0131 sorumlulu\u011funda y\u00fcr\u00fct\u00fclen birinci, ikinci ve \u00fc\u00e7\u00fcnc\u00fc <strong>Ulusal T\u00fcrk Antarktika Seferlerinin<\/strong> koordinat\u00f6rl\u00fck ve seferi liderlik g\u00f6revlerini \u00fcstlendi.<\/p>\n<p>Program, <strong>22 Kas\u0131m Pazartesi g\u00fcn\u00fc saat 19.00\u2019da<\/strong>, \u0130spanya merkezli sosyal sorumluluk ve geni\u015f \u00e7apta ara\u015ft\u0131rmalar\u0131 destekleyen BBVA Vakf\u0131\u2019n\u0131n 2020\u2019de <strong>13&#8217;\u00fcnc\u00fc kez<\/strong> d\u00fczenledi\u011fi \u201c<u><a href=\"https:\/\/www.frontiersofknowledgeawards-fbbva.es\/\">Frontiers of Knowledge Awards<\/a><\/u>\u201d [Bilginin \u00d6nc\u00fcleri \u00d6d\u00fcl\u00fc]\u00a0kapsam\u0131nda, \u0130klim De\u011fi\u015fikli\u011fi alan\u0131nda \u00f6d\u00fcl alan Prof. Karen O\u2019Brien\u2019\u0131n <strong>\u201cClimate Change: We Matter More Than We Think\u201d [\u0130klim De\u011fi\u015fikli\u011fi: D\u00fc\u015f\u00fcnd\u00fc\u011f\u00fcm\u00fczden Daha \u00d6nemliyiz ]\u00a0<\/strong>adl\u0131 konu\u015fmas\u0131 ile devam edecek. \u0130klim krizi gidi\u015fat\u0131na bireysel ve toplumsal inisiyatiflerle m\u00fcdahil olunabilece\u011fini savunan cCHANGE platformunun kurucular\u0131ndan, Oslo \u00dcniversitesi\u2019nde Sociology and Human Geography [Sosyoloji ve \u0130nsan Co\u011frafyas\u0131] \u00f6\u011fretim \u00fcyesi O\u2019Brien, iklim de\u011fi\u015fikli\u011fi ba\u011flam\u0131nda insan davran\u0131\u015f\u0131 ile <strong>ki\u015fisel, k\u00fclt\u00fcrel<\/strong> ve <strong>sistemsel<\/strong> d\u00f6n\u00fc\u015f\u00fcmler \u00fczerine \u00e7al\u0131\u015f\u0131yor.<\/p>\n<p><strong>A\u011fustos 2021\u2019de<\/strong> yay\u0131mlanan <strong>H\u00fck\u00fcmetleraras\u0131 \u0130klim De\u011fi\u015fikli\u011fi Paneli (IPCC)<\/strong> 6. De\u011ferlendirme Raporu&#8217;nda ilk defa ekstrem hava olaylar\u0131na dair bir b\u00f6l\u00fcm yer ald\u0131. Atmosfer bilimci Dr. Abdullah Kahraman, <strong>24 Kas\u0131m \u00c7ar\u015famba saat 19.00<\/strong>\u2019<strong>da<\/strong> <strong>\u201c\u0130klim De\u011fi\u015fikli\u011fi ve Ekstrem Hava Olaylar\u0131\u201d<\/strong>\u00a0ba\u015fl\u0131kl\u0131\u00a0sunumunda bu rapordan yola \u00e7\u0131karak <strong>ekstrem hava<\/strong> ve<strong> iklim olaylar\u0131n\u0131n<\/strong> iklim de\u011fi\u015fikli\u011finden nas\u0131l etkiledi\u011fine dair son bilimsel verileri aktaracak. <strong>T\u00fcrkiye, Finlandiya<\/strong> ve <strong>ABD<\/strong>\u2019de a\u011f\u0131rl\u0131kl\u0131 olarak <strong>hortumlar, dolu f\u0131rt\u0131nalar\u0131 ve \u015fiddetli g\u00f6k g\u00fcr\u00fclt\u00fcl\u00fc f\u0131rt\u0131nalar<\/strong> konular\u0131nda ara\u015ft\u0131rma yapan Kahraman, Newcastle \u00dcniversitesi ve Birle\u015fik Krall\u0131k Meteoroloji Ofisi\u2019nde, Avrupa\u2019da g\u00f6zlenen ekstrem hava olaylar\u0131 \u00fczerine \u00e7al\u0131\u015f\u0131yor.<\/p>\n<p><strong><em>Bu son \u015fans\u0131m\u0131z m\u0131?\u00a0<\/em><\/strong>konu\u015fma program\u0131, ABD\u2019deki Florida Harbor Branch O\u015finografi Enstit\u00fcs\u00fc\u2019nden Dr. Derya Akkaynak&#8217;\u0131n<strong>\u00a027 Kas\u0131m Cumartesi saat 17.00\u2019de<\/strong> <strong>&#8220;De\u011fi\u015fen \u0130klim, Is\u0131nan Okyanuslar<\/strong>&#8221; sunumu ile sonlanacak. Akkaynak iklim krizinin okyanuslar \u00fczerindeki etkisini irdeleyecek. Orta Do\u011fu Teknik \u00dcniversitesi Havac\u0131l\u0131k ve Uzay M\u00fchendisli\u011fi B\u00f6l\u00fcm\u00fc mezunu Akkaynak, lisans e\u011fitimini tamamlad\u0131ktan sonra Massachusetts Institute of Technology\u2019de (MIT) y\u00fcksek lisans yapt\u0131. En k\u00f6kl\u00fc o\u015finografi (okyanus bilimleri) enstit\u00fclerinden olan Woods Hole Oceanographic Institution ve MIT ortak program\u0131n\u0131 bitirerek makina m\u00fchendisli\u011fi ve o\u015finografi alan\u0131nda doktoras\u0131n\u0131 ald\u0131. Princeton \u00dcniversitesi\u2019nde doktora sonras\u0131 \u00e7al\u0131\u015fmalar\u0131 yapan makine m\u00fchendisi ve o\u015finograf (okyanus bilimcisi) Akkaynak, 2019\u2019da Dr. Tali Treibitz ile birlikte geli\u015ftirdikleri, su alt\u0131nda kaydedilen g\u00f6r\u00fcnt\u00fclerdeki renk bozulmas\u0131n\u0131 d\u00fczelten \u201csea-thru\u201d adl\u0131 algoritmayla 2019\u2019da fizik ve m\u00fchendislik alan\u0131nda &#8220;Blavatnik Gen\u00e7 Bilim \u0130nsan\u0131&#8221; \u00f6d\u00fcl\u00fcn\u00fc ald\u0131.<\/p>\n<p>Kas\u0131m ay\u0131 ba\u015f\u0131nda \u0130sko\u00e7ya\u2019n\u0131n Glasgow \u015fehrinde toplanan Birle\u015fmi\u015f Milletler \u0130klim De\u011fi\u015fikli\u011fi Konferans\u0131\u2019n\u0131n (COP26) ard\u0131ndan ger\u00e7ekle\u015ftirilen ve <strong>27 Kas\u0131m 2021&#8217;e<\/strong> kadar devam edecek <em><strong>Bu son \u015fans\u0131m\u0131z m\u0131?\u00a0<\/strong><\/em>konu\u015fma<em><strong>\u00a0<\/strong><\/em>program\u0131, <strong>Garanti BBVA deste\u011fi\u00a0<\/strong>ve <strong>WWF-T\u00fcrkiye (Do\u011fal Hayat\u0131 Koruma Vakf\u0131) i\u015f birli\u011fiyle,\u00a0SALT Online YouTube<\/strong> kanal\u0131nda canl\u0131 yay\u0131nlan\u0131yor.<\/p>\n<p><strong><u>PROGRAM\u00a0<\/u><\/strong><\/p>\n<p><strong><u><a href=\"https:\/\/www.youtube.com\/c\/SaltonlineOrg\">SALT Online YouTube Kanal\u0131 &gt;&gt;&gt;\u00a0<\/a><\/u><\/strong><\/p>\n<p><strong>\u00a0<\/strong><strong><u>20 Kas\u0131m Cumartesi, 15.00<\/u><\/strong><\/p>\n<p>A\u00e7\u0131l\u0131\u015f Konu\u015fmas\u0131: <strong>Ebru Dildar Edin<\/strong>, Garanti BBVA Genel M\u00fcd\u00fcr Yard\u0131mc\u0131s\u0131<\/p>\n<p><strong>Prof. Dr. Burcu \u00d6zsoy\u00a0<\/strong>\u201cD\u00fcnya\u2019da \u0130klim, Kutuplarda \u0130klim\u201d<\/p>\n<p>Moderat\u00f6r: Dr. Neyran Aky\u0131ld\u0131z, WWF-T\u00fcrkiye \u0130leti\u015fim Grup M\u00fcd\u00fcr\u00fc<\/p>\n<p><strong><u>22 Kas\u0131m Pazartesi, 19.00<\/u><\/strong><\/p>\n<p><strong>Prof. Karen O\u2019Brien\u00a0<\/strong>\u201cClimate Change: We Matter More Than We Think\u201d [\u0130klim De\u011fi\u015fikli\u011fi: D\u00fc\u015f\u00fcnd\u00fc\u011f\u00fcm\u00fczden Daha \u00d6nemliyiz ]<\/p>\n<p>Moderat\u00f6r: Fatma \u00c7olako\u011flu, SALT Ara\u015ft\u0131rma ve Programlar Yard\u0131mc\u0131 Direkt\u00f6r\u00fc<\/p>\n<p>\u0130ngilizce; T\u00fcrk\u00e7e&#8217;ye simultane \u00e7eviriyle<\/p>\n<p><strong><u>24 Kas\u0131m \u00c7ar\u015famba, 19.00<\/u><\/strong><\/p>\n<p><strong>Dr. Abdullah Kahraman\u00a0<\/strong>\u201c\u0130klim De\u011fi\u015fikli\u011fi ve Ekstrem Hava Olaylar\u0131\u201d<\/p>\n<p>Moderat\u00f6r: Tanyeli Sabuncu, WWF-T\u00fcrkiye \u0130klim ve Enerji Program\u0131 K\u0131demli Uzman\u0131<\/p>\n<p><strong><u>27 Kas\u0131m Cumartesi, 17.00<\/u><\/strong><\/p>\n<p><strong>Dr. Derya Akkaynak \u00a0<\/strong>&#8220;De\u011fi\u015fen \u0130klim, Is\u0131nan Okyanuslar&#8221;<\/p>\n<p>Moderat\u00f6r: Ay\u015fe Oru\u00e7, WWF-T\u00fcrkiye\u00a0Denizler ve Yaban Hayat\u0131 Program M\u00fcd\u00fcr\u00fc<\/p>\n<p><strong><u>Prof. Dr. Burcu \u00d6zsoy<\/u><\/strong><strong>,\u00a0<\/strong>Y\u0131ld\u0131z Teknik \u00dcniversitesi Jeodezi ve Fotogrametri M\u00fchendisli\u011fi B\u00f6l\u00fcm\u00fc&#8217;nde tamamlad\u0131\u011f\u0131 lisans ve y\u00fcksek lisans e\u011fitiminin ard\u0131ndan 2001\u2019de \u0130stanbul Teknik \u00dcniversitesi (\u0130T\u00dc) Denizcilik Fak\u00fcltesi\u2019nde \u00f6\u011fretim eleman\u0131 olarak g\u00f6rev yapt\u0131. ABD\u2019deki Texas \u00dcniversitesi&#8217;nde 2005&#8217;te ba\u015flad\u0131\u011f\u0131 doktora \u00e7al\u0131\u015fmalar\u0131 kapsam\u0131nda yapt\u0131\u011f\u0131 ilk Antarktika bilim ke\u015ffine Amerikal\u0131 ve \u0130sve\u00e7li bilim insanlar\u0131 ile birlikte kat\u0131ld\u0131. 2015\u2019te Arktik ve Antarktika b\u00f6lgeleri ara\u015ft\u0131rmalar\u0131n\u0131 kapsayan Avrupa ortak projesi &#8220;Horizon 2020&#8243;de T\u00fcrkiye&#8217;nin proje koordinat\u00f6r\u00fc olarak g\u00f6rev ald\u0131. \u0130T\u00dc b\u00fcnyesindeki Polar Ara\u015ft\u0131rma Merkezi&#8217;nin (PolReC) kurucu direkt\u00f6r\u00fc olan \u00d6zsoy, Cumhurba\u015fkanl\u0131\u011f\u0131 himayesi ve Sanayi ve Teknoloji Bakanl\u0131\u011f\u0131 sorumlulu\u011funda y\u00fcr\u00fct\u00fclen birinci, ikinci ve \u00fc\u00e7\u00fcnc\u00fc Ulusal T\u00fcrk Antarktika Seferlerinin koordinat\u00f6rl\u00fck ve seferi liderlik g\u00f6revlerini \u00fcstlendi. 2020&#8217;de \u201cT\u00dcBA-GEB\u0130P Kutup \u00c7al\u0131\u015fmalar\u0131 \u00d6d\u00fcl\u00fc\u201dn\u00fc alan \u00d6zsoy, halen T\u00dcB\u0130TAK Marmara Ara\u015ft\u0131rma Merkezi&#8217;nde (MAM) ba\u015fkan yard\u0131mc\u0131l\u0131\u011f\u0131 ile MAM Kutup Ara\u015ft\u0131rmalar\u0131 Enstit\u00fcs\u00fc m\u00fcd\u00fcr vekilli\u011fi g\u00f6revlerini y\u00fcr\u00fct\u00fcyor.<\/p>\n<p><strong><u>Prof. Karen O\u2019Brien<\/u><\/strong><strong>,\u00a0<\/strong>\u0130spanya merkezli sosyal sorumluluk ve geni\u015f \u00e7apta ara\u015ft\u0131rmalar\u0131 destekleyen BBVA Vakf\u0131\u2019n\u0131n 2020\u2019de on \u00fc\u00e7\u00fcnc\u00fc kez d\u00fczenledi\u011fi \u201cFrontiers of Knowledge Awards\u201d [Bilginin \u00d6nc\u00fcleri \u00d6d\u00fcl\u00fc]\u00a0kapsam\u0131nda, \u0130klim De\u011fi\u015fikli\u011fi alan\u0131nda \u00f6d\u00fcl ald\u0131. \u0130klim krizi gidi\u015fat\u0131na bireysel ve toplumsal inisiyatiflerle m\u00fcdahil olunabilece\u011fini savunan <u><a href=\"https:\/\/cchange.no\/\">cCHANGE\u00a0<\/a><\/u>platformunun kurucular\u0131ndan, Oslo \u00dcniversitesi\u2019nde Human Geography [\u0130nsan Co\u011frafyas\u0131] \u00f6\u011fretim \u00fcyesi O\u2019Brien, iklim de\u011fi\u015fikli\u011fi ba\u011flam\u0131nda insan davran\u0131\u015f\u0131 ile ki\u015fisel, k\u00fclt\u00fcrel ve sistemsel d\u00f6n\u00fc\u015f\u00fcmler \u00fczerine \u00e7al\u0131\u015f\u0131yor; alan\u0131nda ara\u015ft\u0131rmalar y\u00fcr\u00fct\u00fcyor.<\/p>\n<p><strong><u>Dr. Abdullah Kahraman<\/u><\/strong><strong>,\u00a0<\/strong>ara\u015ft\u0131rmac\u0131, atmosfer bilimci. T\u00fcrkiye, Finlandiya ve ABD\u2019de a\u011f\u0131rl\u0131kl\u0131 olarak hortumlar, dolu f\u0131rt\u0131nalar\u0131, \u015fiddetli g\u00f6k g\u00fcr\u00fclt\u00fcl\u00fc f\u0131rt\u0131nalar \u00fczerine \u00e7al\u0131\u015fan Kahraman, akademik \u00e7al\u0131\u015fmalar\u0131 \u00f6ncesinde on y\u0131ldan fazla s\u00fcre operasyonel hava tahmini yapt\u0131. Newcastle \u00dcniversitesi ve Birle\u015fik Krall\u0131k Meteoroloji Ofisi\u2019nde Avrupa\u2019da iklim de\u011fi\u015fikli\u011fine ba\u011fl\u0131 ekstrem hava olaylar\u0131n\u0131n de\u011fi\u015fimi \u00fczerine ara\u015ft\u0131rmalar\u0131n\u0131 s\u00fcrd\u00fcr\u00fcyor.<\/p>\n<p><strong><u>Dr. Derya Akkaynak<\/u><\/strong>, Orta Do\u011fu Teknik \u00dcniversitesi Havac\u0131l\u0131k ve Uzay M\u00fchendisli\u011fi B\u00f6l\u00fcm\u00fc&#8217;nde birincilikle tamamlad\u0131\u011f\u0131 lisans e\u011fitiminden sonra Massachusetts Institute of Technology\u2019de y\u00fcksek lisans ve doktora yapt\u0131. Princeton \u00dcniversitesi\u2019nde, Panama&#8217;da, \u0130srail\u2019de ve Almanya\u2019da doktora sonras\u0131 \u00e7al\u0131\u015fmalar\u0131 yapan makine m\u00fchendisi ve o\u015finograf (deniz bilimci) Akkaynak, geli\u015ftirdi\u011fi, su alt\u0131nda kaydedilen g\u00f6r\u00fcnt\u00fclerdeki renk bozulmas\u0131n\u0131 d\u00fczelten \u201csea-thru\u201d adl\u0131 algoritmayla 2019\u2019da fizik ve m\u00fchendislik alan\u0131nda &#8220;Blavatnik Gen\u00e7 Bilim \u0130nsan\u0131&#8221; \u00f6d\u00fcllerinden birini ald\u0131. Halen ABD\u2019deki Florida Harbor Branch O\u015finografi Enstit\u00fcs\u00fc\u2019nde g\u00f6rev yap\u0131yor.<\/p>\n<p><strong><u>Dr. Neyran Aky\u0131ld\u0131z<\/u><\/strong>,\u00a0<strong>\u00a0<\/strong>WWF-T\u00fcrkiye (Do\u011fal Hayat\u0131 Koruma Vakf\u0131)\u00a0\u0130leti\u015fim Grup M\u00fcd\u00fcr\u00fc<\/p>\n<p><strong><u>Tanyeli Sabuncu,<\/u><\/strong><strong>\u00a0<\/strong>WWF-T\u00fcrkiye (Do\u011fal Hayat\u0131 Koruma Vakf\u0131) \u0130klim ve Enerji Program\u0131 K\u0131demli Uzman\u0131<\/p>\n<p><strong><u>Ay\u015fe Oru\u00e7,<\/u><\/strong><strong>\u00a0\u00a0<\/strong>WWF-T\u00fcrkiye (Do\u011fal Hayat\u0131 Koruma Vakf\u0131) Denizler ve Yaban Hayat\u0131 Program M\u00fcd\u00fcr\u00fc<\/p>","protected":false},"excerpt":{"rendered":"<p>Sorry, this entry is only available in Turkish. For the sake of viewer convenience, the content is shown below in the alternative language. You may click the link to switch the active language. SALT\u2019\u0131n 2015\u2019ten bu yana iklim ve ekolojik kriz \u00fczerine d\u00fc\u015f\u00fcnmeyi ve tart\u0131\u015fmay\u0131 te\u015fvik eden Bu son \u015fans\u0131m\u0131z m\u0131?\u00a0g\u00f6sterimlerine bu y\u0131l \u00e7evrimi\u00e7i bir [&hellip;]<\/p>\n","protected":false},"author":1,"featured_media":146291,"comment_status":"open","ping_status":"open","sticky":false,"template":"","format":"standard","meta":[],"categories":[53,52],"tags":[98723,1827,1999,98724,1471,687],"views":172,"_links":{"self":[{"href":"https:\/\/www.enerjigazetesi.ist\/en\/wp-json\/wp\/v2\/posts\/146288"}],"collection":[{"href":"https:\/\/www.enerjigazetesi.ist\/en\/wp-json\/wp\/v2\/posts"}],"about":[{"href":"https:\/\/www.enerjigazetesi.ist\/en\/wp-json\/wp\/v2\/types\/post"}],"author":[{"embeddable":true,"href":"https:\/\/www.enerjigazetesi.ist\/en\/wp-json\/wp\/v2\/users\/1"}],"replies":[{"embeddable":true,"href":"https:\/\/www.enerjigazetesi.ist\/en\/wp-json\/wp\/v2\/comments?post=146288"}],"version-history":[{"count":0,"href":"https:\/\/www.enerjigazetesi.ist\/en\/wp-json\/wp\/v2\/posts\/146288\/revisions"}],"wp:featuredmedia":[{"embeddable":true,"href":"https:\/\/www.enerjigazetesi.ist\/en\/wp-json\/wp\/v2\/media\/146291"}],"wp:attachment":[{"href":"https:\/\/www.enerjigazetesi.ist\/en\/wp-json\/wp\/v2\/media?parent=146288"}],"wp:term":[{"taxonomy":"category","embeddable":true,"href":"https:\/\/www.enerjigazetesi.ist\/en\/wp-json\/wp\/v2\/categories?post=146288"},{"taxonomy":"post_tag","embeddable":true,"href":"https:\/\/www.enerjigazetesi.ist\/en\/wp-json\/wp\/v2\/tags?post=146288"}],"curies":[{"name":"wp","href":"https:\/\/api.w.org\/{rel}","templated":true}]}}