{"id":146119,"date":"2021-11-19T13:03:37","date_gmt":"2021-11-19T10:03:37","guid":{"rendered":"https:\/\/www.enerjigazetesi.ist\/?p=146119"},"modified":"2021-11-19T13:03:57","modified_gmt":"2021-11-19T10:03:57","slug":"avrupa-tasimaciligi-nda-hidrojen-ekosistemini-gelistirme-isbirligi","status":"publish","type":"post","link":"https:\/\/www.enerjigazetesi.ist\/en\/avrupa-tasimaciligi-nda-hidrojen-ekosistemini-gelistirme-isbirligi\/","title":{"rendered":"(Turkish) Avrupa Ta\u015f\u0131mac\u0131l\u0131\u011f\u0131&#8217;nda Hidrojen Ekosistemini Geli\u015ftirme \u0130\u015fbirli\u011fi&#8230;"},"content":{"rendered":"<p class=\"qtranxs-available-languages-message qtranxs-available-languages-message-en\">Sorry, this entry is only available in <a href=\"https:\/\/www.enerjigazetesi.ist\/tr\/wp-json\/wp\/v2\/posts\/146119\" class=\"qtranxs-available-language-link qtranxs-available-language-link-tr\" title=\"Turkish\">Turkish<\/a>. For the sake of viewer convenience, the content is shown below in the alternative language. You may click the link to switch the active language.<\/p><p><\/p>\n<h2>TotalEnergies ve Daimler Truck AG, Avrupa Birli\u011fi&#8217;nde karayolu ta\u015f\u0131mac\u0131l\u0131\u011f\u0131n\u0131 karbondan ar\u0131nd\u0131rmaya y\u00f6nelik ortak taahh\u00fctleri hakk\u0131nda bir anla\u015fma imzalad\u0131.<\/h2>\n<p><strong>\u0130\u015f birli\u011fi<\/strong> kapsam\u0131nda di\u011ferlerinin yan\u0131 s\u0131ra <strong>hidrojen tedari\u011fi<\/strong> ve <strong>lojisti\u011fi<\/strong>, hidrojenin <strong>servis istasyonlar\u0131na da\u011f\u0131t\u0131m\u0131, hidrojen yak\u0131tl\u0131 kamyonlar\u0131n geli\u015ftirilmesi<\/strong>, <strong>m\u00fc\u015fteri kitlesinin olu\u015fturulmas\u0131<\/strong> bulunuyor.<\/p>\n<p><img loading=\"lazy\" class=\"alignright wp-image-146123\" src=\"https:\/\/www.enerjigazetesi.ist\/wp-content\/uploads\/2021\/11\/avrupa-tasimaciligi-nda-hidrojen-ekosistemini-gelistirme-isbirligi.jpg\" alt=\"\" width=\"320\" height=\"226\" srcset=\"https:\/\/www.enerjigazetesi.ist\/wp-content\/uploads\/2021\/11\/avrupa-tasimaciligi-nda-hidrojen-ekosistemini-gelistirme-isbirligi.jpg 550w, https:\/\/www.enerjigazetesi.ist\/wp-content\/uploads\/2021\/11\/avrupa-tasimaciligi-nda-hidrojen-ekosistemini-gelistirme-isbirligi-300x212.jpg 300w, https:\/\/www.enerjigazetesi.ist\/wp-content\/uploads\/2021\/11\/avrupa-tasimaciligi-nda-hidrojen-ekosistemini-gelistirme-isbirligi-500x354.jpg 500w, https:\/\/www.enerjigazetesi.ist\/wp-content\/uploads\/2021\/11\/avrupa-tasimaciligi-nda-hidrojen-ekosistemini-gelistirme-isbirligi-71x50.jpg 71w\" sizes=\"(max-width: 320px) 100vw, 320px\" \/>TotalEnergies, 2030 y\u0131l\u0131na kadar <strong>Almanya, Hollanda, Bel\u00e7ika, L\u00fcksemburg ve Fransa&#8217;da<\/strong> do\u011frudan veya dolayl\u0131 olarak yakla\u015f\u0131k <strong>150 hidrojen yak\u0131t istasyonu<\/strong> i\u015fletmeyi hedefliyor. \u0130\u015f birli\u011finin bir par\u00e7as\u0131 olarak <strong>Daimler Truck AG<\/strong> de 2025 y\u0131l\u0131na kadar <strong>Hollanda, Bel\u00e7ika, L\u00fcksemburg ve Fransa&#8217;daki<\/strong> m\u00fc\u015fterilerine hidrojenle \u00e7al\u0131\u015fan<strong> yak\u0131t h\u00fccreli kamyonlar<\/strong> tedarik edecek. Kamyon \u00fcreticisi,<strong> kolay kullan\u0131m, i\u015fletilebilirlik ve rekabet g\u00fcc\u00fc<\/strong> <strong>y\u00fcksek<\/strong> bir menzil sunmak i\u00e7in m\u00fc\u015fterilerini destekleyecek.<\/p>\n<p><strong>TotalEnergies Marketing &amp; Services Ba\u015fkan\u0131 ve \u0130cra Kurulu \u00dcyesi Alexis Vovk<\/strong> ise:<em> \u201cHidrojen, TotalEnergies&#8217;in mobiliteyi, \u00f6zellikle de <strong>Avrupa uzun mesafe ta\u015f\u0131mac\u0131l\u0131\u011f\u0131n\u0131<\/strong> karbondan ar\u0131nd\u0131rma yolculu\u011funda rol oynayacak. \u015eirketimiz, <strong>\u00fcretimden tedarik<\/strong> ve <strong>da\u011f\u0131t\u0131ma<\/strong> kadar mobilitede hidrojen de\u011fer zincirinin t\u00fcm y\u00f6nlerini aktif \u015fekilde ara\u015ft\u0131r\u0131yor ve bu ama\u00e7la \u00f6nemli ortakl\u0131klar kuruyor. Toplumla birlikte 2050 y\u0131l\u0131na kadar<strong> Net S\u0131f\u0131r Karbon Emisyonu<\/strong> hedefine ula\u015fma arzusuyla birden fazla enerji alan\u0131nda faaliyet g\u00f6steren bir \u015firket in\u015fa etmek istiyoruz. Bu nedenle, mobilite alan\u0131nda Avrupa\u2019da hidrojen bazl\u0131 kamyon istasyonlar\u0131 a\u011f\u0131n\u0131n olu\u015fturulmas\u0131, ele almay\u0131 d\u00fc\u015f\u00fcnd\u00fc\u011f\u00fcm\u00fcz temel zorluklardan biri. Entegre bir yakla\u015f\u0131mla <strong>CO2 n\u00f6tr kamyon ta\u015f\u0131mac\u0131l\u0131\u011f\u0131<\/strong>n\u0131 geli\u015ftirmek i\u00e7in<strong> Daimler Truck AG<\/strong> gibi motive bir akt\u00f6rle ortakl\u0131k yapmaktan gurur duyuyoruz.&#8221; ifadelerini kulland\u0131.<\/em><\/p>\n<p><strong>Mercedes-Benz Trucks CEO&#8217;su ve Daimler Truck AG Y\u00f6netim Kurulu \u00dcyesi Karin R\u00e5dstr\u00f6m<\/strong> de \u015fu a\u00e7\u0131klamas\u0131nda: <em>\u201cParis \u0130klim Anla\u015fmas\u0131\u2019na tamamen ba\u011fl\u0131y\u0131z ve Avrupa Birli\u011fi&#8217;nde karayolu ta\u015f\u0131mac\u0131l\u0131\u011f\u0131n\u0131n <strong>karbondan ar\u0131nd\u0131r\u0131lmas\u0131na<\/strong> aktif katk\u0131da bulunmak istiyoruz. Uzun yol ta\u015f\u0131mac\u0131l\u0131\u011f\u0131 segmentiyle ilgili olarak, gelecekte<strong> hidrojen bazl\u0131 yak\u0131t h\u00fccreli kamyonlar\u0131n<\/strong> yan\u0131 s\u0131ra tamamen batarya ile \u00e7al\u0131\u015fan kamyonlar\u0131n <strong>CO2 n\u00f6tr ta\u015f\u0131mac\u0131l\u0131\u011f\u0131<\/strong> m\u00fcmk\u00fcn k\u0131laca\u011f\u0131na inan\u0131yoruz. Bu ama\u00e7la TotalEnergies gibi g\u00fc\u00e7l\u00fc ortaklarla birlikte Avrupa \u00e7ap\u0131nda bir hidrojen ekosistemi kurmak istiyoruz. Bu i\u015f birli\u011finin <strong>hidrojen bazl\u0131 kamyon ta\u015f\u0131mac\u0131l\u0131\u011f\u0131<\/strong>na giden yoldaki yo\u011fun faaliyetlerimizde kilit bir rol\u00fc olaca\u011f\u0131na inanc\u0131m tam.\u201d dedi.<\/em><\/p>\n<p>\u0130ki \u015firket, <strong>bu projeleri geli\u015ftirmek<\/strong> ve<strong> hidrojen bazl\u0131 ta\u015f\u0131mac\u0131l\u0131\u011f\u0131<\/strong> uygulanabilir bir se\u00e7enek k\u0131lmak i\u00e7in, Avrupa Birli\u011fi&#8217;ndeki d\u00fczenleyici \u00e7er\u00e7eve \u00fczerinde yetkililerle birlikte \u00e7al\u0131\u015fma ortak yakla\u015f\u0131mlar\u0131 do\u011frultusunda, hidrojen bazl\u0131 kamyon operasyonlar\u0131nda <strong>Toplam Sahip Olma Maliyetini (TCO)<\/strong> azaltman\u0131n yollar\u0131n\u0131 birlikte ara\u015ft\u0131rmak istiyor.<\/p>","protected":false},"excerpt":{"rendered":"<p>Sorry, this entry is only available in Turkish. For the sake of viewer convenience, the content is shown below in the alternative language. You may click the link to switch the active language. TotalEnergies ve Daimler Truck AG, Avrupa Birli\u011fi&#8217;nde karayolu ta\u015f\u0131mac\u0131l\u0131\u011f\u0131n\u0131 karbondan ar\u0131nd\u0131rmaya y\u00f6nelik ortak taahh\u00fctleri hakk\u0131nda bir anla\u015fma imzalad\u0131. \u0130\u015f birli\u011fi kapsam\u0131nda di\u011ferlerinin [&hellip;]<\/p>\n","protected":false},"author":1,"featured_media":146123,"comment_status":"open","ping_status":"open","sticky":false,"template":"","format":"standard","meta":[],"categories":[53,44],"tags":[98652,98649,98651,98650,89462,73259,39607,91401],"views":213,"_links":{"self":[{"href":"https:\/\/www.enerjigazetesi.ist\/en\/wp-json\/wp\/v2\/posts\/146119"}],"collection":[{"href":"https:\/\/www.enerjigazetesi.ist\/en\/wp-json\/wp\/v2\/posts"}],"about":[{"href":"https:\/\/www.enerjigazetesi.ist\/en\/wp-json\/wp\/v2\/types\/post"}],"author":[{"embeddable":true,"href":"https:\/\/www.enerjigazetesi.ist\/en\/wp-json\/wp\/v2\/users\/1"}],"replies":[{"embeddable":true,"href":"https:\/\/www.enerjigazetesi.ist\/en\/wp-json\/wp\/v2\/comments?post=146119"}],"version-history":[{"count":0,"href":"https:\/\/www.enerjigazetesi.ist\/en\/wp-json\/wp\/v2\/posts\/146119\/revisions"}],"wp:featuredmedia":[{"embeddable":true,"href":"https:\/\/www.enerjigazetesi.ist\/en\/wp-json\/wp\/v2\/media\/146123"}],"wp:attachment":[{"href":"https:\/\/www.enerjigazetesi.ist\/en\/wp-json\/wp\/v2\/media?parent=146119"}],"wp:term":[{"taxonomy":"category","embeddable":true,"href":"https:\/\/www.enerjigazetesi.ist\/en\/wp-json\/wp\/v2\/categories?post=146119"},{"taxonomy":"post_tag","embeddable":true,"href":"https:\/\/www.enerjigazetesi.ist\/en\/wp-json\/wp\/v2\/tags?post=146119"}],"curies":[{"name":"wp","href":"https:\/\/api.w.org\/{rel}","templated":true}]}}