{"id":146072,"date":"2021-11-18T12:40:41","date_gmt":"2021-11-18T09:40:41","guid":{"rendered":"https:\/\/www.enerjigazetesi.ist\/?p=146072"},"modified":"2021-11-18T12:40:41","modified_gmt":"2021-11-18T09:40:41","slug":"yilbasi-ndan-gunumuze-lpg-yuzde-72-benzin-fiyatlari-ise-yuzde-17-artti","status":"publish","type":"post","link":"https:\/\/www.enerjigazetesi.ist\/en\/yilbasi-ndan-gunumuze-lpg-yuzde-72-benzin-fiyatlari-ise-yuzde-17-artti\/","title":{"rendered":"(Turkish) Y\u0131lba\u015f\u0131ndan G\u00fcn\u00fcm\u00fcze LPG % 72, Benzin Fiyatlar\u0131 ise % 17 Artt\u0131"},"content":{"rendered":"<p class=\"qtranxs-available-languages-message qtranxs-available-languages-message-en\">Sorry, this entry is only available in <a href=\"https:\/\/www.enerjigazetesi.ist\/tr\/wp-json\/wp\/v2\/posts\/146072\" class=\"qtranxs-available-language-link qtranxs-available-language-link-tr\" title=\"Turkish\">Turkish<\/a>. For the sake of viewer convenience, the content is shown below in the alternative language. You may click the link to switch the active language.<\/p><p><\/p>\n<h2><strong>Gerek yurt d\u0131\u015f\u0131ndaki \u00fcr\u00fcn fiyatlar\u0131nda, gerekse d\u00f6vizdeki art\u0131\u015flar LPG\u2019de \u00fcst \u00fcste zamlara neden oluyor. \u00d6TV pay\u0131n\u0131n s\u0131f\u0131rlanmas\u0131 nedeniyle fiyatlardaki dalgalanmalar art\u0131k e\u015fel mobil sistemiyle dengelenemiyor ve zamlar do\u011frudan pompa fiyatlar\u0131na yans\u0131yor. <\/strong><\/h2>\n<p>Artan <strong>do\u011falgaz fiyatlar\u0131na<\/strong> paralel olarak <strong>LPG fiyatlar\u0131<\/strong> g\u00f6r\u00fclmemi\u015f \u015fekilde artt\u0131. D\u00fcnya&#8217;da enerji fiyatlar\u0131nda ya\u015fanan art\u0131\u015flar\u0131n \u00fclkemize yans\u0131mas\u0131 ise daha farkl\u0131 oldu. \u00dclkemizde otogaz fiyatlar\u0131<strong> 0,60 Euro\/Lt<\/strong> ve benzin fiyatlar\u0131 <strong>0,75 Euro\/Lt<\/strong> civar\u0131nda. Y\u0131lba\u015f\u0131ndan bu yana LPG fiyatlar\u0131 <strong>% 72<\/strong>, benzin fiyatlar\u0131 ise sadece <strong>% 17<\/strong> artt\u0131. Bu nedenle aradaki <strong>makas h\u0131zl\u0131ca kapand\u0131.<\/strong><\/p>\n<p><img loading=\"lazy\" class=\"alignright wp-image-146074\" src=\"https:\/\/www.enerjigazetesi.ist\/wp-content\/uploads\/2021\/11\/yilbasi-ndan-gunumuze-lpg-yuzde-72-benzin-fiyatlari-ise-yuzde-17-artti.jpg\" alt=\"\" width=\"320\" height=\"214\" srcset=\"https:\/\/www.enerjigazetesi.ist\/wp-content\/uploads\/2021\/11\/yilbasi-ndan-gunumuze-lpg-yuzde-72-benzin-fiyatlari-ise-yuzde-17-artti.jpg 550w, https:\/\/www.enerjigazetesi.ist\/wp-content\/uploads\/2021\/11\/yilbasi-ndan-gunumuze-lpg-yuzde-72-benzin-fiyatlari-ise-yuzde-17-artti-300x200.jpg 300w, https:\/\/www.enerjigazetesi.ist\/wp-content\/uploads\/2021\/11\/yilbasi-ndan-gunumuze-lpg-yuzde-72-benzin-fiyatlari-ise-yuzde-17-artti-500x334.jpg 500w, https:\/\/www.enerjigazetesi.ist\/wp-content\/uploads\/2021\/11\/yilbasi-ndan-gunumuze-lpg-yuzde-72-benzin-fiyatlari-ise-yuzde-17-artti-75x50.jpg 75w, https:\/\/www.enerjigazetesi.ist\/wp-content\/uploads\/2021\/11\/yilbasi-ndan-gunumuze-lpg-yuzde-72-benzin-fiyatlari-ise-yuzde-17-artti-450x300.jpg 450w\" sizes=\"(max-width: 320px) 100vw, 320px\" \/>D\u00fcnya&#8217;n\u0131n en b\u00fcy\u00fck <strong>otogaz t\u00fcketicisi<\/strong> ve <strong>4,5 milyonu a\u015fan LPG\u2019li ara\u00e7 say\u0131s\u0131yla<\/strong> d\u00fcnyada en \u00e7ok LPG\u2019li arac\u0131n bulundu\u011fu \u00fclke konumdaki T\u00fcrkiye\u2019de son gelen zamlarla <strong>LPG<\/strong> ile<strong> benzin<\/strong> aras\u0131ndaki<strong> fiyat fark\u0131 kapand\u0131.<\/strong><\/p>\n<p>Artan<strong> LPG fiyatlar\u0131yla<\/strong> ilgili a\u00e7\u0131klamalarda bulunan BRC T\u00fcrkiye CEO\u2019su Kadir \u00d6r\u00fcc\u00fc,<em> &#8220;Artan do\u011falgaz fiyatlar\u0131na paralel olarak <strong>LPG fiyatlar\u0131<\/strong> g\u00f6r\u00fclmemi\u015f \u015fekilde artt\u0131. Her ayba\u015f\u0131nda a\u00e7\u0131klanan <strong>Cezayir FOB LPG fiyatlar\u0131 y\u0131lba\u015f\u0131ndan bu yana % 68 oran\u0131nda art\u0131\u015f g\u00f6sterdi.<\/strong><\/em><\/p>\n<p>T\u00fcrkiye\u2019 de kullan\u0131lan LPG\u2019nin b\u00fcy\u00fck k\u0131sm\u0131 Cezayir\u2019 den ithal ediliyor ve bu LPG do\u011falgazdan elde ediliyor. D\u00fcnya\u2019 da enerji fiyatlar\u0131nda ya\u015fanan art\u0131\u015flar\u0131n \u00fclkemize yans\u0131mas\u0131 ise biraz daha farkl\u0131 oldu. \u00dclkemizde otogaz fiyatlar\u0131 <strong>0,60 Euro\/Lt<\/strong> ve benzin fiyatlar\u0131 <strong>0,75 Euro\/Lt<\/strong> civar\u0131nda. Avrupa\u2019da otogaz fiyatlar\u0131 <strong>0,80 Euro\/Lt<\/strong>, benzin fiyatlar\u0131 <strong>1,50 Euro\/Lt<\/strong> olarak de\u011fi\u015fiklik g\u00f6steriyor. Bu fiyatlara g\u00f6re Avrupa \u00fclkelerinde LPG, benzin makas\u0131 <strong>y\u00fczde 56<\/strong> yak\u0131t ekonomisi sa\u011flarken \u00fclkemizde bu oran <strong>% 4<\/strong> gibi \u00f6l\u00e7\u00fclemeyecek bir seviyeye geldi.&#8221; ifadelerini kulland\u0131.<\/p>\n<h3><strong>\u201cLPG TE\u015eV\u0130K ED\u0130LMEL\u0130\u201d<\/strong><\/h3>\n<p><strong>En \u00e7evreci fosil yak\u0131t LPG<\/strong>, <em>\u0130talya, \u0130spanya, Fransa ve \u0130ngiltere\u2019de<\/em> d\u00f6n\u00fc\u015f\u00fcmde ve <strong>vergide te\u015fvik<\/strong> al\u0131yor. Taahh\u00fct etti\u011fimiz <strong>karbon sal\u0131m\u0131 hedeflerini<\/strong> h\u0131zl\u0131ca ve kolayca tutturmak isteniyorsa t\u00fcm d\u00fcnyaya \u00f6rnek olan alt yap\u0131s\u0131yla <strong>LPG sekt\u00f6r\u00fcn<\/strong>e deste\u011fi s\u00fcrd\u00fcrmeli ve gerekli te\u015fvikleri uygulamal\u0131d\u0131r.<\/p>\n<h3><strong>\u201c4 M\u0130LYON TON LPG T\u00dcKET\u0130YORUZ\u201d<\/strong><\/h3>\n<p>T\u00fcrkiye y\u0131ll\u0131k <strong>4 milyon tonluk<\/strong> otogaz t\u00fcketimiyle <strong>G\u00fcney Kore\u2019yi<\/strong> ge\u00e7erek d\u00fcnya 1&#8217;incili\u011fine y\u00fckseldi. T\u00fcrkiye\u2019de <strong>10 y\u0131lda<\/strong> otogaza olan talep <strong>y\u00fczde 46<\/strong> oran\u0131nda artt\u0131. 2020 y\u0131l\u0131nda s\u0131f\u0131r kilometre <strong>LPG\u2019li ara\u00e7 sat\u0131\u015flar\u0131<\/strong> bir \u00f6nceki y\u0131la nazaran <strong>3 kat<\/strong> artarak rekor k\u0131rd\u0131. <strong>1000&#8217;lerce<\/strong> d\u00f6n\u00fc\u015f\u00fcm firmas\u0131, <strong>10.000&#8217;leri ge\u00e7en<\/strong> istasyon say\u0131s\u0131yla <strong>otogaz sekt\u00f6r\u00fcnde<\/strong> \u00fclke liderli\u011fimiz devam ediyor.<\/p>\n<h3><strong>T\u00dcRK\u0130YE OTOGAZI \u0130THAL ED\u0130YOR<\/strong><\/h3>\n<p>T\u00fcrkiye\u2019de t\u00fcketilen otogaz\u0131n tamam\u0131na yak\u0131n\u0131n\u0131n ithal edildi\u011fini ancak benzinin, petrolden rafine edilerek \u00fclkemizde \u00fcretiliyor.<\/p>\n<h3><strong>LPG\u2019DE ARZ-TALEP DENGELENECEK<\/strong><\/h3>\n<p>Son d\u00f6nemde d\u00fcnyada ya\u015fanan <strong>politik gerginlikler<\/strong> ve <strong>pandemi<\/strong> nedeniyle <strong>LPG<\/strong> ve <strong>do\u011falgaz arz\u0131nda<\/strong> sorunlar ya\u015fan\u0131rken \u00fcretimde ya\u015fanan sorunlar\u0131n \u00f6n\u00fcne ge\u00e7ilmeye ba\u015fland\u0131. <strong>Aral\u0131k ay\u0131nda global fiyatlar\u0131n d\u00fc\u015fmesini beklenirken bu do\u011frudan i\u00e7 piyasaya da yans\u0131yacakt\u0131r.<\/strong> T\u00fcrk Liras\u0131\u2019n\u0131n gelece\u011fini \u00f6ng\u00f6remesek de <strong>LPG piyasas\u0131<\/strong>nda fiyatlar da gerileyecektir.<\/p>","protected":false},"excerpt":{"rendered":"<p>Sorry, this entry is only available in Turkish. For the sake of viewer convenience, the content is shown below in the alternative language. You may click the link to switch the active language. Gerek yurt d\u0131\u015f\u0131ndaki \u00fcr\u00fcn fiyatlar\u0131nda, gerekse d\u00f6vizdeki art\u0131\u015flar LPG\u2019de \u00fcst \u00fcste zamlara neden oluyor. \u00d6TV pay\u0131n\u0131n s\u0131f\u0131rlanmas\u0131 nedeniyle fiyatlardaki dalgalanmalar art\u0131k e\u015fel [&hellip;]<\/p>\n","protected":false},"author":1,"featured_media":146074,"comment_status":"open","ping_status":"open","sticky":false,"template":"","format":"standard","meta":[],"categories":[53,45,44],"tags":[734,40859,16305,6826,98627],"views":178,"_links":{"self":[{"href":"https:\/\/www.enerjigazetesi.ist\/en\/wp-json\/wp\/v2\/posts\/146072"}],"collection":[{"href":"https:\/\/www.enerjigazetesi.ist\/en\/wp-json\/wp\/v2\/posts"}],"about":[{"href":"https:\/\/www.enerjigazetesi.ist\/en\/wp-json\/wp\/v2\/types\/post"}],"author":[{"embeddable":true,"href":"https:\/\/www.enerjigazetesi.ist\/en\/wp-json\/wp\/v2\/users\/1"}],"replies":[{"embeddable":true,"href":"https:\/\/www.enerjigazetesi.ist\/en\/wp-json\/wp\/v2\/comments?post=146072"}],"version-history":[{"count":0,"href":"https:\/\/www.enerjigazetesi.ist\/en\/wp-json\/wp\/v2\/posts\/146072\/revisions"}],"wp:featuredmedia":[{"embeddable":true,"href":"https:\/\/www.enerjigazetesi.ist\/en\/wp-json\/wp\/v2\/media\/146074"}],"wp:attachment":[{"href":"https:\/\/www.enerjigazetesi.ist\/en\/wp-json\/wp\/v2\/media?parent=146072"}],"wp:term":[{"taxonomy":"category","embeddable":true,"href":"https:\/\/www.enerjigazetesi.ist\/en\/wp-json\/wp\/v2\/categories?post=146072"},{"taxonomy":"post_tag","embeddable":true,"href":"https:\/\/www.enerjigazetesi.ist\/en\/wp-json\/wp\/v2\/tags?post=146072"}],"curies":[{"name":"wp","href":"https:\/\/api.w.org\/{rel}","templated":true}]}}