{"id":146061,"date":"2021-11-18T11:59:22","date_gmt":"2021-11-18T08:59:22","guid":{"rendered":"https:\/\/www.enerjigazetesi.ist\/?p=146061"},"modified":"2021-11-18T11:59:22","modified_gmt":"2021-11-18T08:59:22","slug":"akfen-holding-in-sanat-alani-loft-art-humano-sergisi-ile-kapilarini-aciyor","status":"publish","type":"post","link":"https:\/\/www.enerjigazetesi.ist\/en\/akfen-holding-in-sanat-alani-loft-art-humano-sergisi-ile-kapilarini-aciyor\/","title":{"rendered":"(Turkish) &#8217;Akfen Holding&#8217;in Sanat Alan\u0131 Loft Art, Humano Sergisi \u0130le Kap\u0131lar\u0131n\u0131 A\u00e7\u0131yor"},"content":{"rendered":"<p class=\"qtranxs-available-languages-message qtranxs-available-languages-message-en\">Sorry, this entry is only available in <a href=\"https:\/\/www.enerjigazetesi.ist\/tr\/wp-json\/wp\/v2\/posts\/146061\" class=\"qtranxs-available-language-link qtranxs-available-language-link-tr\" title=\"Turkish\">Turkish<\/a>. For the sake of viewer convenience, the content is shown below in the alternative language. You may click the link to switch the active language.<\/p><p><\/p>\n<h2>45\u2019nci kurulu\u015f y\u0131l\u0131n\u0131 kutlayan T\u00fcrkiye\u2019nin \u00f6nde gelen yat\u0131r\u0131m gruplar\u0131ndan Akfen Holding, sanat alan\u0131nda bir sosyal sorumluluk projesi olarak geli\u015ftirdi\u011fi \u00f6nemli bir ad\u0131m\u0131 hayata ge\u00e7iriyor.<\/h2>\n<p><img loading=\"lazy\" class=\"alignright wp-image-146063\" src=\"https:\/\/www.enerjigazetesi.ist\/wp-content\/uploads\/2021\/11\/akfen-holding-in-sanat-alani-loft-art-humano-sergisi-ile-kapilarini-aciyor-2.jpg\" alt=\"\" width=\"300\" height=\"387\" srcset=\"https:\/\/www.enerjigazetesi.ist\/wp-content\/uploads\/2021\/11\/akfen-holding-in-sanat-alani-loft-art-humano-sergisi-ile-kapilarini-aciyor-2.jpg 550w, https:\/\/www.enerjigazetesi.ist\/wp-content\/uploads\/2021\/11\/akfen-holding-in-sanat-alani-loft-art-humano-sergisi-ile-kapilarini-aciyor-2-232x300.jpg 232w, https:\/\/www.enerjigazetesi.ist\/wp-content\/uploads\/2021\/11\/akfen-holding-in-sanat-alani-loft-art-humano-sergisi-ile-kapilarini-aciyor-2-310x400.jpg 310w, https:\/\/www.enerjigazetesi.ist\/wp-content\/uploads\/2021\/11\/akfen-holding-in-sanat-alani-loft-art-humano-sergisi-ile-kapilarini-aciyor-2-39x50.jpg 39w, https:\/\/www.enerjigazetesi.ist\/wp-content\/uploads\/2021\/11\/akfen-holding-in-sanat-alani-loft-art-humano-sergisi-ile-kapilarini-aciyor-2-500x645.jpg 500w\" sizes=\"(max-width: 300px) 100vw, 300px\" \/>Daha \u00f6nce farkl\u0131 i\u015fbirlikleri ile 2020 y\u0131l\u0131nda yap\u0131m\u0131n\u0131 tamamlad\u0131\u011f\u0131 modern k\u00f6y\u00fc projesi Bodrum Loft projesinde \u00e7ok\u00e7a ses getiren <em><strong>Bodrum Loft\u2019da Sanat<\/strong><\/em> ile <em><strong>Sculptville<\/strong><\/em> sergilerini ger\u00e7ekle\u015ftiren Akfen, \u0130stanbul Levent\u2019teki Nisbetiye On adresinde <em><strong>Loft Art\u00a0<\/strong><\/em>isimli bir sanat alan\u0131 a\u00e7\u0131yor.<\/p>\n<p>Loft Art\u2019\u0131n ilk sergisi olacak <em><strong>Humano (\u0130nsan ve Ke\u015fif)<\/strong><\/em>, <strong>23 Kas\u0131m 2021<\/strong>&#8216;deki \u00f6n g\u00f6sterimde davetli toplulu\u011fu ile bulu\u015facak. Sergi <strong>02 Ocak 2022<\/strong> tarihine kadar <strong>\u0130stanbul Nisbetiye On<\/strong>\u2019daki <strong>Loft Art<\/strong> alan\u0131nda gezilebilecek.<\/p>\n<h3><strong>GEN\u00c7 SANAT\u00c7ILARA DA <\/strong><strong>FIRSAT ALANI A\u00c7ACAK<\/strong><\/h3>\n<p><strong>Loft Art,<\/strong> gen\u00e7 sanat\u00e7\u0131lar\u0131 destekleyerek, sanat\u0131n t\u00fcm disiplinlerinde eser \u00fcreten ba\u011f\u0131ms\u0131z sanat\u00e7\u0131lara alan sa\u011flamay\u0131 ve bu sanat\u00e7\u0131lardan temsiliyet almadan onlar\u0131 g\u00f6r\u00fcn\u00fcr k\u0131lmay\u0131 hedefliyor.<\/p>\n<p>Bu kapsamda Loft Art\u2019\u0131n ilk sergisinde <strong>Arif Akdenizli, Bahad\u0131r H\u0131zol, \u00c7a\u011fr\u0131 G\u00f6zkonan, Dilan Tanburo\u011flu, Do\u011fukan \u00c7i\u011fdem, Duygu Aydo\u011fan, Emre Evcimen, Furkan Depeli, K\u00fcbra \u0130nan\u00e7, Nil B\u00fcy\u00fckbayraktar, O\u011fuz Ye\u015filay, Orhan Gazi Keskin ve Ozan Dursun<\/strong> olmak \u00fczere <strong>13 ba\u011f\u0131ms\u0131z sanat\u00e7\u0131<\/strong>n\u0131n eserleri yer alacak.<\/p>\n<p>Sanat alan\u0131nda sat\u0131\u015f\u0131 ger\u00e7ekle\u015ftirilen eserler, Akfen Holding\u2019in kad\u0131n, <strong>gen\u00e7 ve \u00e7ocuklar\u0131<\/strong> merkezine alarak <strong>ulusal<\/strong> ve <strong>uluslararas\u0131 sosyal sorumluluk projeleri<\/strong> hayata ge\u00e7iren <strong>T\u00fcrkiye \u0130nsan Kaynaklar\u0131 E\u011fitim ve Sa\u011fl\u0131k Vakf\u0131 (T\u0130KAV)<\/strong> \u00e7al\u0131\u015fmalar\u0131na da kaynak olacak.<\/p>\n<p><strong>T\u0130KAV Y\u00f6netim Kurulu \u00dcyesi Dilara Ak\u0131n<\/strong>\u2019\u0131n sorumlulu\u011funda olacak Loft Art alan\u0131n\u0131n <strong>Sanat Direkt\u00f6rl\u00fc\u011f\u00fc\u2019n\u00fc de Ay\u015fe Jaber<\/strong> \u00fcstleniyor.<\/p>","protected":false},"excerpt":{"rendered":"<p>Sorry, this entry is only available in Turkish. For the sake of viewer convenience, the content is shown below in the alternative language. You may click the link to switch the active language. 45\u2019nci kurulu\u015f y\u0131l\u0131n\u0131 kutlayan T\u00fcrkiye\u2019nin \u00f6nde gelen yat\u0131r\u0131m gruplar\u0131ndan Akfen Holding, sanat alan\u0131nda bir sosyal sorumluluk projesi olarak geli\u015ftirdi\u011fi \u00f6nemli bir ad\u0131m\u0131 [&hellip;]<\/p>\n","protected":false},"author":1,"featured_media":146064,"comment_status":"open","ping_status":"open","sticky":false,"template":"","format":"standard","meta":[],"categories":[53],"tags":[1207,98619,98618,71740,1884,58557],"views":86,"_links":{"self":[{"href":"https:\/\/www.enerjigazetesi.ist\/en\/wp-json\/wp\/v2\/posts\/146061"}],"collection":[{"href":"https:\/\/www.enerjigazetesi.ist\/en\/wp-json\/wp\/v2\/posts"}],"about":[{"href":"https:\/\/www.enerjigazetesi.ist\/en\/wp-json\/wp\/v2\/types\/post"}],"author":[{"embeddable":true,"href":"https:\/\/www.enerjigazetesi.ist\/en\/wp-json\/wp\/v2\/users\/1"}],"replies":[{"embeddable":true,"href":"https:\/\/www.enerjigazetesi.ist\/en\/wp-json\/wp\/v2\/comments?post=146061"}],"version-history":[{"count":0,"href":"https:\/\/www.enerjigazetesi.ist\/en\/wp-json\/wp\/v2\/posts\/146061\/revisions"}],"wp:featuredmedia":[{"embeddable":true,"href":"https:\/\/www.enerjigazetesi.ist\/en\/wp-json\/wp\/v2\/media\/146064"}],"wp:attachment":[{"href":"https:\/\/www.enerjigazetesi.ist\/en\/wp-json\/wp\/v2\/media?parent=146061"}],"wp:term":[{"taxonomy":"category","embeddable":true,"href":"https:\/\/www.enerjigazetesi.ist\/en\/wp-json\/wp\/v2\/categories?post=146061"},{"taxonomy":"post_tag","embeddable":true,"href":"https:\/\/www.enerjigazetesi.ist\/en\/wp-json\/wp\/v2\/tags?post=146061"}],"curies":[{"name":"wp","href":"https:\/\/api.w.org\/{rel}","templated":true}]}}