{"id":145929,"date":"2021-11-16T13:32:59","date_gmt":"2021-11-16T10:32:59","guid":{"rendered":"https:\/\/www.enerjigazetesi.ist\/?p=145929"},"modified":"2021-11-16T13:33:27","modified_gmt":"2021-11-16T10:33:27","slug":"2021-yili-gayrimenkulun-enerjisi-raporunun-9-aylik-sonuclari-aciklandi","status":"publish","type":"post","link":"https:\/\/www.enerjigazetesi.ist\/en\/2021-yili-gayrimenkulun-enerjisi-raporunun-9-aylik-sonuclari-aciklandi\/","title":{"rendered":"(Turkish) 2021 Y\u0131l\u0131 Gayrimenkul\u00fcn Enerjisi Raporu&#8217;nun 9 Ayl\u0131k Sonu\u00e7lar\u0131 A\u00e7\u0131kland\u0131"},"content":{"rendered":"<p class=\"qtranxs-available-languages-message qtranxs-available-languages-message-en\">Sorry, this entry is only available in <a href=\"https:\/\/www.enerjigazetesi.ist\/tr\/wp-json\/wp\/v2\/posts\/145929\" class=\"qtranxs-available-language-link qtranxs-available-language-link-tr\" title=\"Turkish\">Turkish<\/a>. For the sake of viewer convenience, the content is shown below in the alternative language. You may click the link to switch the active language.<\/p><p><\/p>\n<h2>CK Enerji Bo\u011fazi\u00e7i Elektrik\u2019in 2016 y\u0131l\u0131ndan bu yana d\u00fczenli olarak haz\u0131rlad\u0131\u011f\u0131 Gayrimenkul\u00fcn Enerjisi Raporu\u2019nun 2021 y\u0131l\u0131 9 ayl\u0131k sonu\u00e7lar\u0131 a\u00e7\u0131kland\u0131. Rapora g\u00f6re y\u0131l\u0131n ilk 9 ay\u0131nda pandemiyle m\u00fccadele kapsam\u0131nda s\u0131n\u0131rlamalar\u0131n devam etmesine ra\u011fmen \u0130stanbul Avrupa Yakas\u0131\u2019nda ta\u015f\u0131nma say\u0131s\u0131 ge\u00e7en y\u0131l\u0131n ayn\u0131 d\u00f6nemine g\u00f6re y\u00fczde 16 artarak 426 bin 408\u2019e ula\u015ft\u0131. Elektri\u011fe olan talebin de y\u00fckseldi\u011fi bu d\u00f6nemde okullarda y\u00fcz y\u00fcze e\u011fitime ge\u00e7ilmesinin de etkisi ile 24 ya\u015f alt\u0131 yeni aboneliklerdeki art\u0131\u015f dikkat \u00e7ekti.<\/h2>\n<p><strong>\u0130stanbul Avrupa Yakas\u0131<\/strong>\u2019ndaki ta\u015f\u0131nma hareketi, <strong>t\u00fcketim rakamlar\u0131<\/strong> ve <strong>\u015fehirdeki doluluk oran\u0131<\/strong> gibi pek \u00e7ok de\u011ferli veriyi kapsayan <strong>Gayrimenkul\u00fcn Enerjisi Raporu<\/strong>\u2019nu de\u011ferlendiren <strong>CK Enerji <img loading=\"lazy\" class=\"alignright wp-image-145931\" src=\"https:\/\/www.enerjigazetesi.ist\/wp-content\/uploads\/2021\/11\/2021-yili-gayrimenkulun-enerjisi-raporunun-9-aylik-sonuclari-aciklandi-2.jpg\" alt=\"\" width=\"320\" height=\"246\" srcset=\"https:\/\/www.enerjigazetesi.ist\/wp-content\/uploads\/2021\/11\/2021-yili-gayrimenkulun-enerjisi-raporunun-9-aylik-sonuclari-aciklandi-2.jpg 773w, https:\/\/www.enerjigazetesi.ist\/wp-content\/uploads\/2021\/11\/2021-yili-gayrimenkulun-enerjisi-raporunun-9-aylik-sonuclari-aciklandi-2-300x231.jpg 300w, https:\/\/www.enerjigazetesi.ist\/wp-content\/uploads\/2021\/11\/2021-yili-gayrimenkulun-enerjisi-raporunun-9-aylik-sonuclari-aciklandi-2-768x590.jpg 768w, https:\/\/www.enerjigazetesi.ist\/wp-content\/uploads\/2021\/11\/2021-yili-gayrimenkulun-enerjisi-raporunun-9-aylik-sonuclari-aciklandi-2-500x384.jpg 500w, https:\/\/www.enerjigazetesi.ist\/wp-content\/uploads\/2021\/11\/2021-yili-gayrimenkulun-enerjisi-raporunun-9-aylik-sonuclari-aciklandi-2-65x50.jpg 65w, https:\/\/www.enerjigazetesi.ist\/wp-content\/uploads\/2021\/11\/2021-yili-gayrimenkulun-enerjisi-raporunun-9-aylik-sonuclari-aciklandi-2-260x200.jpg 260w\" sizes=\"(max-width: 320px) 100vw, 320px\" \/>Bo\u011fazi\u00e7i Elektrik Genel M\u00fcd\u00fcr\u00fc Halit Bakal<\/strong>, <em>\u201cTeknolojiye yapt\u0131\u011f\u0131m\u0131z yat\u0131r\u0131mla abonelerimizin ta\u015f\u0131nma hareketlerini yak\u0131ndan takip ederek onlar\u0131n<strong> talep<\/strong> ve <strong>\u015fikayetlerine<\/strong> h\u0131zla yan\u0131t veriyoruz. Gayrimenkul\u00fcn Enerjisi Raporumuz, bu y\u0131l\u0131n ilk dokuz ay\u0131nda pandemiye ra\u011fmen ta\u015f\u0131nma hareketinin yeniden canlan\u0131rken elektrik t\u00fcketim rakamlar\u0131nda da art\u0131\u015flar g\u00f6zlendi. <strong>Avc\u0131lar, Ba\u011fc\u0131lar<\/strong> d\u0131\u015f\u0131nda <strong>Avrupa Yakas\u0131\u2019ndaki<\/strong> t\u00fcm il\u00e7elerde <strong>elektrik t\u00fcketimi<\/strong> y\u00fckseldi. Bu raporumuzda ilk kez yeni abonelerimiz i\u00e7inde yer alan <strong>gen\u00e7lerin ev sahipli\u011fi<\/strong> ve<strong> kirac\u0131l\u0131k durumlar\u0131<\/strong> ile en \u00e7ok hangi il\u00e7eleri tercih etti\u011fini g\u00f6steren veriler de yer verdik. <strong>24 ya\u015f alt\u0131<\/strong> abonelerimizin say\u0131s\u0131nda bu y\u0131l\u0131n ilk dokuz ay\u0131nda ge\u00e7en y\u0131la g\u00f6re hem ev sahipli\u011fi hem de kiralamada <strong>b\u00fcy\u00fck bir art\u0131\u015f ya\u015fand\u0131\u011f\u0131n\u0131<\/strong> g\u00f6rd\u00fck. Bu geli\u015fmede okullarda <strong>yeniden y\u00fcz y\u00fcze e\u011fitime ge\u00e7ilmesi<\/strong> ve<strong> pandemi s\u00fcrecinde memleketlerine giden<\/strong> gen\u00e7lerimizin geri d\u00f6n\u00fc\u015f\u00fcn\u00fcn etkili oldu\u011funu d\u00fc\u015f\u00fcn\u00fcyoruz\u201d<\/em> diye konu\u015ftu.<\/p>\n<h3><strong>\u0130K\u0130NC\u0130 EL GAYR\u0130MENKULDE TA\u015eINMA SAYISI % 21 Y\u00dcKSELD\u0130<\/strong><\/h3>\n<p>CK Enerji Bo\u011fazi\u00e7i Elektrik\u2019in <strong>Gayrimenkul\u00fcn Enerjisi Raporu<\/strong>\u2019nda ge\u00e7en y\u0131l ciddi oranda gerileyen ta\u015f\u0131nma say\u0131lar\u0131n\u0131n yeniden art\u0131\u015fa ge\u00e7ti\u011fi g\u00f6zlendi. Rapora g\u00f6re <strong>\u0130stanbul Avrupa Yakas\u0131<\/strong>\u2019nda 2020 y\u0131l\u0131n\u0131n ilk dokuz ay\u0131nda<strong> 367 bin 408<\/strong> olan toplam ta\u015f\u0131nma hareketi <strong>% 16<\/strong> artarak<strong> 426 bin 408<\/strong>\u2019e \u00e7\u0131kt\u0131. Y\u0131l\u0131n ilk dokuz ay\u0131nda ikinci el gayrimenkulde yo\u011fun bir hareket ya\u015fand\u0131. 2020 y\u0131l\u0131n\u0131n ilk dokuz ay\u0131nda pandeminin etkisiyle<strong> 274 bin 580<\/strong>\u2019de kalan ikinci el gayrimenkuldeki ta\u015f\u0131nma say\u0131s\u0131 <strong>y\u00fczde 21<\/strong> art\u0131\u015fla <strong>332 bin 267<\/strong>\u2019ye ula\u015ft\u0131. Yeni konuta ge\u00e7i\u015fte ise 2020 y\u0131l\u0131n\u0131n ilk dokuz ay\u0131na g\u00f6re<strong> y\u00fczde 1,3<\/strong>\u2019l\u00fck bir art\u0131\u015f g\u00f6zlenirken <strong>94 bin 141 konutun<\/strong> kap\u0131s\u0131 ilk kez a\u00e7\u0131ld\u0131. \u0130stanbul Avrupa Yakas\u0131\u2019n\u0131n son y\u0131llarda h\u0131zla b\u00fcy\u00fcyen il\u00e7elerinden olan <strong>Esenyurt<\/strong> ta\u015f\u0131nma hareketinde yine birincili\u011fi kimseye kapt\u0131rmazken raporda \u00f6ne \u00e7\u0131kan di\u011fer <span style=\"text-decoration: underline;\">ba\u015fl\u0131klar \u015f\u00f6yle:<\/span><\/p>\n<h3><strong>ESENYURT B\u0130R\u0130NC\u0130L\u0130\u011e\u0130 KAPTIRMIYOR<\/strong><\/h3>\n<p>&#8211; Y\u0131l\u0131n ilk dokuz ay\u0131nda ta\u015f\u0131nmalarda en hareketli il\u00e7e Esenyurt oldu. 40 bin 242\u2019si ikinci el olmak \u00fczere toplam ta\u015f\u0131nma hareketi 54 bin 599\u2019u buldu.<strong> Esenyurt\u2019u K\u00fc\u00e7\u00fck\u00e7ekmece<\/strong> ve<strong> Ba\u011fc\u0131lar<\/strong> izlerken en az ta\u015f\u0131nma hareketi \u00c7atalca\u2019da g\u00f6zlendi.<\/p>\n<p>&#8211; Meskenlerde doluluk oran\u0131 en \u00e7ok artan il\u00e7eler<strong> y\u00fczde 3,10<\/strong> ile \u015ei\u015fli,<strong> y\u00fczde 2.28<\/strong> ile <strong>Arnavutk\u00f6y<\/strong> ve 1,59 ile <strong>Ka\u011f\u0131thane<\/strong> oldu. Bu d\u00f6nemde doluluk oran\u0131nda en b\u00fcy\u00fck d\u00fc\u015f\u00fc\u015f y\u00fczde 5,63\u2019l\u00fck gerileme ile G\u00fcng\u00f6ren\u2019de ya\u015fand\u0131. Onu y\u00fczde 4,34 gerileme ile <strong>K\u00fc\u00e7\u00fck\u00e7ekmece<\/strong>, y\u00fczde 3,32 ile <strong>Be\u015fikta\u015f<\/strong> takip etti.<\/p>\n<h3><strong>\u015eUBAT AYINDAN \u0130T\u0130BAREN T\u00dcKET\u0130MDE ARTI\u015eLAR BA\u015eLADI<\/strong><\/h3>\n<p>&#8211; <strong>Pandemi ile m\u00fccadele<\/strong> kapsam\u0131nda getirilen k\u0131s\u0131tlamalar \u015eubat ay\u0131ndan itibaren mesken abonelerinde elektrik t\u00fcketimine yans\u0131maya ba\u015flad\u0131. 2021\u2019de bir \u00f6nceki y\u0131l\u0131n ayn\u0131 d\u00f6nemine g\u00f6re <strong>Avc\u0131lar<\/strong> ve <strong>Ba\u011fc\u0131lar<\/strong> d\u0131\u015f\u0131nda t\u00fcm il\u00e7elerde<strong> elektrik t\u00fcketimi<\/strong> y\u00fckseldi.<\/p>\n<p>&#8211; Y\u0131l\u0131n ilk dokuz ay\u0131nda elektrik t\u00fcketiminin oransal olarak en \u00e7ok artt\u0131\u011f\u0131 il\u00e7e <strong>y\u00fczde 19<\/strong>\u2019luk y\u00fckseli\u015f ile <strong>Beylikd\u00fcz\u00fc<\/strong> oldu. Onu y\u00fczde 15 ile <strong>B\u00fcy\u00fck\u00e7ekmece<\/strong> izledi.<\/p>\n<p><strong>ABONELER\u0130N Y\u00dcZDE 36\u2019SI 35-49 YA\u015e ARALI\u011eINDA<\/strong><\/p>\n<p>&#8211; Avrupa Yakas\u0131\u2019nda elektrik abonelerinin ya\u015f da\u011f\u0131l\u0131m\u0131na bak\u0131ld\u0131\u011f\u0131nda en y\u00fcksek oran\u0131n y\u00fczde 36 ile 35-49 ya\u015f aral\u0131\u011f\u0131na ait oldu\u011fu g\u00f6r\u00fcld\u00fc. <strong>64 ya\u015f ve \u00fcst\u00fc<\/strong> abone say\u0131s\u0131 y\u00fczde 6 iken 18 ve 24 ya\u015f aras\u0131 abone say\u0131s\u0131 ise y\u00fczde 10\u2019luk bir orana sahip.<strong> 64 ya\u015f abonenin<\/strong> en \u00e7ok ikamet etti\u011fi il\u00e7e <strong>y\u00fczde 27,8<\/strong>\u2019lik oranla Bak\u0131rk\u00f6y, <strong>30 ya\u015f alt\u0131<\/strong> aboneler ise<strong> y\u00fczde 29<\/strong> gibi olduk\u00e7a y\u00fcksek bir oranda <strong>Esenyurt\u2019ta<\/strong> ya\u015f\u0131yor.<\/p>\n<p>&#8211; 164 \u00fclkeden abonesi bulunan CK Enerji Bo\u011fazi\u00e7i Elektrik\u2019in y\u0131l\u0131n ilk dokuz ay\u0131nda yabanc\u0131 abone say\u0131s\u0131 ge\u00e7en y\u0131la g\u00f6re <strong>y\u00fczde 16,30<\/strong> artarak<strong> 159 bin 914<\/strong>\u2019ten<strong> 185 bin 989<\/strong>\u2019a ula\u015ft\u0131.<\/p>\n<p><strong>24 YA\u015e ALTI YEN\u0130 ABONELER \u015eEH\u0130R MERKEZLER\u0130N\u0130 TERC\u0130H ETT\u0130<\/strong><\/p>\n<p>&#8211; CK Enerji Bo\u011fazi\u00e7i Elektrik, Gayrimenkul\u00fcn Enerjisi Raporu\u2019na bu kez yeni bir veri daha ekledi. Buna g\u00f6re 2021 y\u0131l\u0131n\u0131n ilk dokuz ay\u0131nda, ge\u00e7en y\u0131l\u0131n ayn\u0131 d\u00f6nemine g\u00f6re 24 ya\u015f alt\u0131 yeni abone say\u0131s\u0131nda y\u00fczde 45\u2019lik bir art\u0131\u015f ya\u015fand\u0131. 2020 y\u0131l\u0131n\u0131n ilk dokuz ay\u0131nda 24 ya\u015f alt\u0131 yeni abone say\u0131s\u0131 26 bin 474 iken, bu y\u0131l\u0131n ilk dokuz ay\u0131nda y\u00fczde 45,2 art\u0131\u015fla bu say\u0131 38 bin 449\u2019u ula\u015ft\u0131.<\/p>\n<p>&#8211; 2020 y\u0131l\u0131n\u0131n ilk dokuz ay\u0131nda 24 ya\u015f alt\u0131 26 bin 474 yeni abonenin 1.910\u2019u ev sahibi 24 bin 564\u2019\u00fc kirac\u0131 idi. Bu y\u0131l\u0131n ayn\u0131 d\u00f6neminde 24 ya\u015f alt\u0131 yeni abonelerin 3 bin 268\u2019i ev sahibi 35 bin 181\u2019i ise kirac\u0131 olarak kay\u0131t yapt\u0131rd\u0131.<\/p>\n<p>&#8211; Gen\u00e7lerin kirac\u0131 olarak en \u00e7ok tercih etti\u011fi il\u00e7e 5 bin 831 ile Esenyurt olurken onu 2 bin 840 ile Ka\u011f\u0131thane, 2 bin 435 ile de \u015ei\u015fli izledi. Bir \u00f6nceki y\u0131la g\u00f6re oransal olarak en y\u00fcksek art\u0131\u015flar ise <strong>Beyo\u011flu, Bayrampa\u015fa <\/strong>ve <strong>Be\u015fikta\u015f\u2019ta<\/strong> ya\u015fand\u0131.<\/p>\n<p>&#8211; Ev sahibi olarak kay\u0131t yapt\u0131ran<strong> 24 ya\u015f alt\u0131<\/strong> yeni abonelerde ilk s\u0131ray\u0131 566 ile <strong>Esenyurt<\/strong> ald\u0131. Onu 277 ile <strong>Sar\u0131yer,<\/strong> 197 ile <strong>Ba\u015fak\u015fehir <\/strong>izledi.<\/p>\n<p><strong>24 B\u0130N 260 ABONE KENTSEL D\u00d6N\u00dc\u015e\u00dcM \u0130\u00c7\u0130N TAHL\u0130YE TALEB\u0130NDE BULUNDU<\/strong><\/p>\n<p>&#8211; <strong>Kentsel d\u00f6n\u00fc\u015f\u00fcm<\/strong> rakamlar\u0131na da \u0131\u015f\u0131k tutan rapora g\u00f6re, bu y\u0131l\u0131n ilk dokuz ay\u0131nda <strong>Avrupa Yakas\u0131<\/strong>\u2019nda 24 bin 260 abone <strong>kentsel d\u00f6n\u00fc\u015f\u00fcm<\/strong> i\u00e7in tahliye talebinde bulundu. En \u00e7ok tahliye talebi <strong>Avc\u0131lar, Bah\u00e7elievler<\/strong> ve <strong>K\u00fc\u00e7\u00fck\u00e7ekmece<\/strong>\u2019den geldi.<\/p>\n<p>&#8211; 2015 y\u0131l\u0131ndan bu Eyl\u00fcl 2021\u2019e kadar <strong>kentsel d\u00f6n\u00fc\u015f\u00fcm nedeniyle<\/strong> tahliye edilen abone say\u0131s\u0131 209 bin 65\u2019e ula\u015ft\u0131.<\/p>","protected":false},"excerpt":{"rendered":"<p>Sorry, this entry is only available in Turkish. For the sake of viewer convenience, the content is shown below in the alternative language. You may click the link to switch the active language. CK Enerji Bo\u011fazi\u00e7i Elektrik\u2019in 2016 y\u0131l\u0131ndan bu yana d\u00fczenli olarak haz\u0131rlad\u0131\u011f\u0131 Gayrimenkul\u00fcn Enerjisi Raporu\u2019nun 2021 y\u0131l\u0131 9 ayl\u0131k sonu\u00e7lar\u0131 a\u00e7\u0131kland\u0131. Rapora g\u00f6re [&hellip;]<\/p>\n","protected":false},"author":1,"featured_media":145932,"comment_status":"open","ping_status":"open","sticky":false,"template":"","format":"standard","meta":[],"categories":[51,53],"tags":[38110,26353,130,29314,14023],"views":95,"_links":{"self":[{"href":"https:\/\/www.enerjigazetesi.ist\/en\/wp-json\/wp\/v2\/posts\/145929"}],"collection":[{"href":"https:\/\/www.enerjigazetesi.ist\/en\/wp-json\/wp\/v2\/posts"}],"about":[{"href":"https:\/\/www.enerjigazetesi.ist\/en\/wp-json\/wp\/v2\/types\/post"}],"author":[{"embeddable":true,"href":"https:\/\/www.enerjigazetesi.ist\/en\/wp-json\/wp\/v2\/users\/1"}],"replies":[{"embeddable":true,"href":"https:\/\/www.enerjigazetesi.ist\/en\/wp-json\/wp\/v2\/comments?post=145929"}],"version-history":[{"count":0,"href":"https:\/\/www.enerjigazetesi.ist\/en\/wp-json\/wp\/v2\/posts\/145929\/revisions"}],"wp:featuredmedia":[{"embeddable":true,"href":"https:\/\/www.enerjigazetesi.ist\/en\/wp-json\/wp\/v2\/media\/145932"}],"wp:attachment":[{"href":"https:\/\/www.enerjigazetesi.ist\/en\/wp-json\/wp\/v2\/media?parent=145929"}],"wp:term":[{"taxonomy":"category","embeddable":true,"href":"https:\/\/www.enerjigazetesi.ist\/en\/wp-json\/wp\/v2\/categories?post=145929"},{"taxonomy":"post_tag","embeddable":true,"href":"https:\/\/www.enerjigazetesi.ist\/en\/wp-json\/wp\/v2\/tags?post=145929"}],"curies":[{"name":"wp","href":"https:\/\/api.w.org\/{rel}","templated":true}]}}