{"id":145902,"date":"2021-11-16T07:30:24","date_gmt":"2021-11-16T04:30:24","guid":{"rendered":"https:\/\/www.enerjigazetesi.ist\/?p=145902"},"modified":"2021-11-16T07:30:24","modified_gmt":"2021-11-16T04:30:24","slug":"milli-agaclandirma-gununde-sedas-tarafindan-dikim-yapildi","status":"publish","type":"post","link":"https:\/\/www.enerjigazetesi.ist\/en\/milli-agaclandirma-gununde-sedas-tarafindan-dikim-yapildi\/","title":{"rendered":"(Turkish) Milli A\u011fa\u00e7land\u0131rma G\u00fcn\u00fc\u2019nde &#8216;Seda\u015f&#8217; Taraf\u0131ndan Dikim Yap\u0131ld\u0131"},"content":{"rendered":"<p class=\"qtranxs-available-languages-message qtranxs-available-languages-message-en\">Sorry, this entry is only available in <a href=\"https:\/\/www.enerjigazetesi.ist\/tr\/wp-json\/wp\/v2\/posts\/145902\" class=\"qtranxs-available-language-link qtranxs-available-language-link-tr\" title=\"Turkish\">Turkish<\/a>. For the sake of viewer convenience, the content is shown below in the alternative language. You may click the link to switch the active language.<\/p><p><\/p>\n<h2><strong>SEDA\u015e, T.C. Tar\u0131m ve Orman Bakanl\u0131\u011f\u0131 taraf\u0131ndan d\u00fczenlenen Milli A\u011fa\u00e7land\u0131rma Seferberli\u011fi kapsam\u0131nda 4 \u015fehirde 5 b\u00f6lgede 750 adet fidan\u0131 toprakla bulu\u015fturdu. \u201cGelece\u011fe Nefes\u201d ad\u0131yla d\u00fczenlenen etkinli\u011fe SEDA\u015e\u2019\u0131n B\u00f6lge M\u00fcd\u00fcrleri ve Y\u00f6neticileri de kat\u0131ld\u0131.<\/strong><\/h2>\n<p><strong>Sakarya Elektrik Da\u011f\u0131t\u0131m A.\u015e. (SEDA\u015e)<\/strong>, bu y\u0131l <strong>3&#8217;\u00fcnc\u00fc<\/strong> kez d\u00fczenlenen <strong>Milli A\u011fa\u00e7land\u0131rma <img loading=\"lazy\" class=\"alignright wp-image-145904\" src=\"https:\/\/www.enerjigazetesi.ist\/wp-content\/uploads\/2021\/11\/milli-agaclandirma-gununde-sedas-tarafindan-dikim-yapildi-2.jpg\" alt=\"\" width=\"320\" height=\"206\" srcset=\"https:\/\/www.enerjigazetesi.ist\/wp-content\/uploads\/2021\/11\/milli-agaclandirma-gununde-sedas-tarafindan-dikim-yapildi-2.jpg 481w, https:\/\/www.enerjigazetesi.ist\/wp-content\/uploads\/2021\/11\/milli-agaclandirma-gununde-sedas-tarafindan-dikim-yapildi-2-300x193.jpg 300w, https:\/\/www.enerjigazetesi.ist\/wp-content\/uploads\/2021\/11\/milli-agaclandirma-gununde-sedas-tarafindan-dikim-yapildi-2-78x50.jpg 78w\" sizes=\"(max-width: 320px) 100vw, 320px\" \/><\/strong><strong>Seferberli\u011fi program\u0131na<\/strong> kat\u0131ld\u0131.<strong> T.C. Tar\u0131m ve Orman Bakanl\u0131\u011f\u0131<\/strong> koordinasyonunda T\u00fcrkiye genelindeki fidan dikme etkinlikleri kapsam\u0131nda SEDA\u015e,<strong> 4<\/strong> \u015fehirde<strong> 5<\/strong> b\u00f6lgede<strong> 750<\/strong> adet a\u011fa\u00e7 dikti. Kocaeli\u2019nde <strong>Umuttepe mevkii<\/strong> ve <strong>Gebze Bili\u015fim Vadisi<\/strong>, Sakarya\u2019da <strong>Kuzey Marmara otoyol \u015fantiyesi<\/strong>, Bolu\u2019da <strong>D\u00f6rtdivan il\u00e7esindeki yang\u0131n b\u00f6lgesi<\/strong> ve D\u00fczce\u2019de <strong>Musababa K\u00f6y\u00fc<\/strong>\u2019nde ger\u00e7ekle\u015fen fidan dikimlerine SEDA\u015e \u00e7al\u0131\u015fanlar\u0131na y\u00f6neticileri de e\u015flik etti.<\/p>\n<p>\u201cGelece\u011fe Nefes\u201d ad\u0131yla kutlanan Milli A\u011fa\u00e7land\u0131rma G\u00fcn\u00fc kapsam\u0131nda <strong>81<\/strong> ilde y\u0131l sonuna kadar, <strong>Orman Genel M\u00fcd\u00fcrl\u00fc\u011f\u00fc<\/strong> taraf\u0131ndan yeti\u015ftirilen <strong>252 milyon fidan<\/strong> dikilece\u011fi \u00f6\u011frenildi.<\/p>\n<h3><strong>40 binden fazla fidan\u0131n dikilmesini sa\u011flad\u0131<\/strong><\/h3>\n<p>D\u00fcnyan\u0131n en b\u00fcy\u00fck s\u00fcrd\u00fcr\u00fclebilirlik inisiyatifi Birle\u015fmi\u015f Milletler Global Compact \u00fcyesi SEDA\u015e, ge\u00e7en y\u0131lki etkinlikte toplamda<strong> 500 fidan\u0131<\/strong> toprakla bulu\u015fturmu\u015ftu. \u015eirket ayr\u0131ca, T.C. Enerji ve Tabii Kaynaklar Bakanl\u0131\u011f\u0131 taraf\u0131ndan y\u00fcr\u00fct\u00fclen <strong>\u201cBir Enerji Bir Nefes\u201d projesi<\/strong> kapsam\u0131nda da<strong> 40 bini a\u015fk\u0131n<\/strong> fidan\u0131n dikilmesine de arac\u0131l\u0131k etmi\u015fti.<\/p>","protected":false},"excerpt":{"rendered":"<p>Sorry, this entry is only available in Turkish. For the sake of viewer convenience, the content is shown below in the alternative language. You may click the link to switch the active language. SEDA\u015e, T.C. Tar\u0131m ve Orman Bakanl\u0131\u011f\u0131 taraf\u0131ndan d\u00fczenlenen Milli A\u011fa\u00e7land\u0131rma Seferberli\u011fi kapsam\u0131nda 4 \u015fehirde 5 b\u00f6lgede 750 adet fidan\u0131 toprakla bulu\u015fturdu. \u201cGelece\u011fe [&hellip;]<\/p>\n","protected":false},"author":1,"featured_media":145905,"comment_status":"open","ping_status":"open","sticky":false,"template":"","format":"standard","meta":[],"categories":[51,53],"tags":[98528,2873,98529,98527,2444],"views":131,"_links":{"self":[{"href":"https:\/\/www.enerjigazetesi.ist\/en\/wp-json\/wp\/v2\/posts\/145902"}],"collection":[{"href":"https:\/\/www.enerjigazetesi.ist\/en\/wp-json\/wp\/v2\/posts"}],"about":[{"href":"https:\/\/www.enerjigazetesi.ist\/en\/wp-json\/wp\/v2\/types\/post"}],"author":[{"embeddable":true,"href":"https:\/\/www.enerjigazetesi.ist\/en\/wp-json\/wp\/v2\/users\/1"}],"replies":[{"embeddable":true,"href":"https:\/\/www.enerjigazetesi.ist\/en\/wp-json\/wp\/v2\/comments?post=145902"}],"version-history":[{"count":0,"href":"https:\/\/www.enerjigazetesi.ist\/en\/wp-json\/wp\/v2\/posts\/145902\/revisions"}],"wp:featuredmedia":[{"embeddable":true,"href":"https:\/\/www.enerjigazetesi.ist\/en\/wp-json\/wp\/v2\/media\/145905"}],"wp:attachment":[{"href":"https:\/\/www.enerjigazetesi.ist\/en\/wp-json\/wp\/v2\/media?parent=145902"}],"wp:term":[{"taxonomy":"category","embeddable":true,"href":"https:\/\/www.enerjigazetesi.ist\/en\/wp-json\/wp\/v2\/categories?post=145902"},{"taxonomy":"post_tag","embeddable":true,"href":"https:\/\/www.enerjigazetesi.ist\/en\/wp-json\/wp\/v2\/tags?post=145902"}],"curies":[{"name":"wp","href":"https:\/\/api.w.org\/{rel}","templated":true}]}}