{"id":145890,"date":"2021-11-15T23:16:10","date_gmt":"2021-11-15T20:16:10","guid":{"rendered":"https:\/\/www.enerjigazetesi.ist\/?p=145890"},"modified":"2021-11-15T23:16:10","modified_gmt":"2021-11-15T20:16:10","slug":"turkiye-is-bankasi-ureticilerin-hayatini-kolaylastirmayi-hedefliyor","status":"publish","type":"post","link":"https:\/\/www.enerjigazetesi.ist\/en\/turkiye-is-bankasi-ureticilerin-hayatini-kolaylastirmayi-hedefliyor\/","title":{"rendered":"(Turkish) &#8217;T\u00fcrkiye \u0130\u015f Bankas\u0131&#8217; \u00dcreticilerin Hayat\u0131n\u0131 Kolayla\u015ft\u0131rmay\u0131 Hedefliyor!"},"content":{"rendered":"<p class=\"qtranxs-available-languages-message qtranxs-available-languages-message-en\">Sorry, this entry is only available in <a href=\"https:\/\/www.enerjigazetesi.ist\/tr\/wp-json\/wp\/v2\/posts\/145890\" class=\"qtranxs-available-language-link qtranxs-available-language-link-tr\" title=\"Turkish\">Turkish<\/a>. For the sake of viewer convenience, the content is shown below in the alternative language. You may click the link to switch the active language.<\/p><p><\/p>\n<h2>Tar\u0131m ve tar\u0131msal \u00fcretim, d\u00fcnyada oldu\u011fu gibi \u00fclkemizde de kritik ve en \u00f6nemli sekt\u00f6rlerden biri. Tar\u0131m bankac\u0131l\u0131\u011f\u0131n\u0131n ve tar\u0131msal \u00fcretim s\u00fcre\u00e7lerinin dijitalle\u015fmesine katk\u0131 sa\u011flamak, bu alandaki ihtiya\u00e7lara cevap vermek, sekt\u00f6re dair deste\u011fin \u00f6nemli bir par\u00e7as\u0131n\u0131<img loading=\"lazy\" class=\"alignright wp-image-145892\" src=\"https:\/\/www.enerjigazetesi.ist\/wp-content\/uploads\/2021\/11\/turkiye-is-bankasi-ureticilerin-hayatini-kolaylastirmayi-hedefliyor.jpg\" alt=\"\" width=\"320\" height=\"259\" srcset=\"https:\/\/www.enerjigazetesi.ist\/wp-content\/uploads\/2021\/11\/turkiye-is-bankasi-ureticilerin-hayatini-kolaylastirmayi-hedefliyor.jpg 550w, https:\/\/www.enerjigazetesi.ist\/wp-content\/uploads\/2021\/11\/turkiye-is-bankasi-ureticilerin-hayatini-kolaylastirmayi-hedefliyor-300x243.jpg 300w, https:\/\/www.enerjigazetesi.ist\/wp-content\/uploads\/2021\/11\/turkiye-is-bankasi-ureticilerin-hayatini-kolaylastirmayi-hedefliyor-493x400.jpg 493w, https:\/\/www.enerjigazetesi.ist\/wp-content\/uploads\/2021\/11\/turkiye-is-bankasi-ureticilerin-hayatini-kolaylastirmayi-hedefliyor-62x50.jpg 62w, https:\/\/www.enerjigazetesi.ist\/wp-content\/uploads\/2021\/11\/turkiye-is-bankasi-ureticilerin-hayatini-kolaylastirmayi-hedefliyor-500x405.jpg 500w\" sizes=\"(max-width: 320px) 100vw, 320px\" \/> olu\u015fturuyor.<\/h2>\n<p>Tar\u0131m\u0131 odakland\u0131\u011f\u0131 stratejik alanlardan biri olarak konumland\u0131ran <strong>T\u00fcrkiye \u0130\u015f Bankas\u0131<\/strong>, \u00e7ift\u00e7i m\u00fc\u015fterilerinin hayatlar\u0131n\u0131 kolayla\u015ft\u0131rmak i\u00e7in yeni bir <strong>kredi \u00fcr\u00fcn\u00fcn\u00fc<\/strong> kullan\u0131ma sundu. Bankan\u0131n <strong>\u0130\u015fCep<\/strong> veya <strong>\u0130nternet \u015eubesi\u2019nden<\/strong> yap\u0131lan <strong>\u201cAn\u0131nda Tar\u0131m Kredisi\u201d ba\u015fvuru<\/strong> talebi ba\u015fvuru s\u0131ras\u0131nda de\u011ferlendiriliyor ve onayland\u0131ktan hemen sonra hesaplar\u0131na ge\u00e7iyor. \u00c7ift\u00e7iler<strong> 50.000 TL<\/strong>\u2019ye ve <strong>36 ay<\/strong> <strong>vadeye<\/strong> kadar tar\u0131m kredilerini \u015fubeye gitmeden alabiliyor.<\/p>\n<h3><strong>\u201cTeknoloji ve tar\u0131m\u0131n birle\u015fti\u011fi noktada \u00e7ift\u00e7inin d\u00f6n\u00fc\u015f\u00fcm a\u015famalar\u0131n\u0131 finanse ediyoruz\u201d<\/strong><\/h3>\n<p><em>\u0130\u015f Bankas\u0131 Genel M\u00fcd\u00fcr Yard\u0131mc\u0131s\u0131<\/em> <strong>\u015eahismail \u015eim\u015fek<\/strong>, konuya ili\u015fkin a\u00e7\u0131klamas\u0131nda, tar\u0131m\u0131n, art\u0131k sadece tar\u0131msal \u00fcretimle ele al\u0131nabilecek bir konu olmaktan \u00e7\u0131kt\u0131\u011f\u0131n\u0131, <strong>ziraat<\/strong> ve <strong>hayvanc\u0131l\u0131\u011f\u0131n<\/strong> \u00e7ok \u00f6tesinde kompleks bir <strong>ekosistemi tan\u0131mlad\u0131\u011f\u0131n\u0131<\/strong> belirtti. <strong>\u00dcretimin, finansman\u0131n<\/strong> ve <strong>s\u00fcrd\u00fcr\u00fclebilirli\u011fin<\/strong> yan\u0131 s\u0131ra<strong> inovasyon, dijitalle\u015fme<\/strong> ve <strong>giri\u015fimcili\u011fin de<\/strong> tar\u0131m\u0131n yap\u0131 ta\u015flar\u0131 haline geldi\u011finin alt\u0131n\u0131 \u00e7izen \u015eim\u015fek, tar\u0131m\u0131n buralardan beslenerek kendine yeni alanlar yaratt\u0131\u011f\u0131n\u0131 vurgulad\u0131.<\/p>\n<p>Teknolojideki yeniliklerin tar\u0131mda gittik\u00e7e daha fazla uygulama zemini buldu\u011funu ifade eden \u015eim\u015fek, <em>\u201cBiz de teknoloji ve tar\u0131m\u0131n birle\u015fti\u011fi noktada \u00e7ift\u00e7inin d\u00f6n\u00fc\u015f\u00fcm a\u015famalar\u0131n\u0131 finanse ediyoruz. <strong>Kefilsiz<\/strong> ve <strong>teminats\u0131z<\/strong> olarak \u00e7ift\u00e7ilerin kullan\u0131m\u0131na sundu\u011fumuz <strong>\u2018An\u0131nda Tar\u0131m Kredisi\u2019 <\/strong>ile <strong>tar\u0131msal \u00fcretim s\u00fcre\u00e7lerinde<\/strong> ya\u015fanan <strong>h\u0131zl\u0131 d\u00f6n\u00fc\u015f\u00fcme finans<\/strong> taraf\u0131nda ayn\u0131 h\u0131zda kar\u015f\u0131l\u0131k vermek istiyoruz\u201d<\/em> dedi.<\/p>\n<p>Yo\u011fun emek gerektirmesinin yan\u0131nda <strong>tar\u0131msal \u00fcretimin<\/strong> en zorlu taraflar\u0131ndan birinin zaman y\u00f6netimi oldu\u011funa dikkat \u00e7eken \u015eahismail \u015eim\u015fek<strong> \u201cAn\u0131nda Tar\u0131m Kredisi\u201d<\/strong> \u00fcr\u00fcn\u00fcn\u00fcn ihtiyac\u0131 u\u00e7tan uca kar\u015f\u0131layan bir uygulama oldu\u011funu ve<strong> \u00e7ift\u00e7ilerin i\u015flerinin ba\u015f\u0131ndan<\/strong> ayr\u0131lmadan <strong>kredi imkan\u0131ndan<\/strong> faydalanabildi\u011fini belirtti.<\/p>","protected":false},"excerpt":{"rendered":"<p>Sorry, this entry is only available in Turkish. For the sake of viewer convenience, the content is shown below in the alternative language. You may click the link to switch the active language. Tar\u0131m ve tar\u0131msal \u00fcretim, d\u00fcnyada oldu\u011fu gibi \u00fclkemizde de kritik ve en \u00f6nemli sekt\u00f6rlerden biri. Tar\u0131m bankac\u0131l\u0131\u011f\u0131n\u0131n ve tar\u0131msal \u00fcretim s\u00fcre\u00e7lerinin dijitalle\u015fmesine [&hellip;]<\/p>\n","protected":false},"author":1,"featured_media":145892,"comment_status":"open","ping_status":"open","sticky":false,"template":"","format":"standard","meta":[],"categories":[53],"tags":[98523,57519,98524,98521,98522,70727,8813],"views":101,"_links":{"self":[{"href":"https:\/\/www.enerjigazetesi.ist\/en\/wp-json\/wp\/v2\/posts\/145890"}],"collection":[{"href":"https:\/\/www.enerjigazetesi.ist\/en\/wp-json\/wp\/v2\/posts"}],"about":[{"href":"https:\/\/www.enerjigazetesi.ist\/en\/wp-json\/wp\/v2\/types\/post"}],"author":[{"embeddable":true,"href":"https:\/\/www.enerjigazetesi.ist\/en\/wp-json\/wp\/v2\/users\/1"}],"replies":[{"embeddable":true,"href":"https:\/\/www.enerjigazetesi.ist\/en\/wp-json\/wp\/v2\/comments?post=145890"}],"version-history":[{"count":0,"href":"https:\/\/www.enerjigazetesi.ist\/en\/wp-json\/wp\/v2\/posts\/145890\/revisions"}],"wp:featuredmedia":[{"embeddable":true,"href":"https:\/\/www.enerjigazetesi.ist\/en\/wp-json\/wp\/v2\/media\/145892"}],"wp:attachment":[{"href":"https:\/\/www.enerjigazetesi.ist\/en\/wp-json\/wp\/v2\/media?parent=145890"}],"wp:term":[{"taxonomy":"category","embeddable":true,"href":"https:\/\/www.enerjigazetesi.ist\/en\/wp-json\/wp\/v2\/categories?post=145890"},{"taxonomy":"post_tag","embeddable":true,"href":"https:\/\/www.enerjigazetesi.ist\/en\/wp-json\/wp\/v2\/tags?post=145890"}],"curies":[{"name":"wp","href":"https:\/\/api.w.org\/{rel}","templated":true}]}}