{"id":145883,"date":"2021-11-15T23:01:46","date_gmt":"2021-11-15T20:01:46","guid":{"rendered":"https:\/\/www.enerjigazetesi.ist\/?p=145883"},"modified":"2021-11-15T23:05:41","modified_gmt":"2021-11-15T20:05:41","slug":"paris-iklim-anlasmasi-gayrimenkul-sektorunu-nasil-etkileyecek","status":"publish","type":"post","link":"https:\/\/www.enerjigazetesi.ist\/en\/paris-iklim-anlasmasi-gayrimenkul-sektorunu-nasil-etkileyecek\/","title":{"rendered":"(Turkish) Paris \u0130klim Anla\u015fmas\u0131 Gayrimenkul Sekt\u00f6r\u00fcn\u00fc Nas\u0131l Etkileyecek?"},"content":{"rendered":"<p class=\"qtranxs-available-languages-message qtranxs-available-languages-message-en\">Sorry, this entry is only available in <a href=\"https:\/\/www.enerjigazetesi.ist\/tr\/wp-json\/wp\/v2\/posts\/145883\" class=\"qtranxs-available-language-link qtranxs-available-language-link-tr\" title=\"Turkish\">Turkish<\/a>. For the sake of viewer convenience, the content is shown below in the alternative language. You may click the link to switch the active language.<\/p><p><\/p>\n<h2>T\u00fcrkiye\u2019nin 5 y\u0131l \u00f6nce imzalad\u0131\u011f\u0131 ama baz\u0131 \u00e7ekinceleri nedeniyle taraf olmad\u0131\u011f\u0131 Paris Anla\u015fmas\u0131, 10 Kas\u0131m 2021 tarihinde TBMM\u2019de onaylayarak y\u00fcr\u00fcrl\u00fc\u011fe girdi. S\u00fcrecin h\u0131zlanmas\u0131 ile birlikte; iklim de\u011fi\u015fikli\u011finin olumsuz etkilerinin en aza indirgenmesi konusunda al\u0131nmas\u0131 gereken tedbirler daha y\u00fcksek sesle dile getirilmeye ba\u015fland\u0131. D\u00fcnya \u00e7ap\u0131nda toplam karbon sal\u0131m\u0131n\u0131n yakla\u015f\u0131k % 30\u2019luk k\u0131sm\u0131n\u0131 binalar\u0131n olu\u015fturmas\u0131 ise dikkatleri in\u015faat ve gayrimenkul sekt\u00f6r\u00fcnde ya\u015fanmas\u0131 gereken d\u00f6n\u00fc\u015f\u00fcme \u00e7evirdi.<\/h2>\n<p>Gayrimenkuller ile alakal\u0131 her a\u015famada bu bilincin git gide artmakta oldu\u011funu belirten <em>Denge De\u011ferleme Y\u00f6netim Kurulu Ba\u015fkan\u0131<\/em> <strong>Baki Budako\u011flu<\/strong>, <em>\u201cGayrimenkul geli\u015ftirme, <strong>mimari tasar\u0131m, projelendirme,<\/strong> in\u015faat ve gayrimenkul y\u00f6netimi gibi konularda <strong>s\u00fcrd\u00fcr\u00fclebilirlik<\/strong> kavram\u0131 \u00f6nemli <img loading=\"lazy\" class=\"alignright wp-image-145887\" src=\"https:\/\/www.enerjigazetesi.ist\/wp-content\/uploads\/2021\/11\/paris-iklim-anlasmasi-gayrimenkul-sektorunu-nasil-etkileyecek-1.jpg\" alt=\"\" width=\"320\" height=\"214\" srcset=\"https:\/\/www.enerjigazetesi.ist\/wp-content\/uploads\/2021\/11\/paris-iklim-anlasmasi-gayrimenkul-sektorunu-nasil-etkileyecek-1.jpg 550w, https:\/\/www.enerjigazetesi.ist\/wp-content\/uploads\/2021\/11\/paris-iklim-anlasmasi-gayrimenkul-sektorunu-nasil-etkileyecek-1-300x200.jpg 300w, https:\/\/www.enerjigazetesi.ist\/wp-content\/uploads\/2021\/11\/paris-iklim-anlasmasi-gayrimenkul-sektorunu-nasil-etkileyecek-1-500x334.jpg 500w, https:\/\/www.enerjigazetesi.ist\/wp-content\/uploads\/2021\/11\/paris-iklim-anlasmasi-gayrimenkul-sektorunu-nasil-etkileyecek-1-75x50.jpg 75w, https:\/\/www.enerjigazetesi.ist\/wp-content\/uploads\/2021\/11\/paris-iklim-anlasmasi-gayrimenkul-sektorunu-nasil-etkileyecek-1-450x300.jpg 450w\" sizes=\"(max-width: 320px) 100vw, 320px\" \/>yer tutuyor. Geli\u015fmi\u015f \u00fclkelerin bir\u00e7o\u011funda 2030\u2019lu y\u0131llardan itibaren yap\u0131 stokunun<strong> ye\u015fil d\u00f6n\u00fc\u015f\u00fcm\u00fcn\u00fcn<\/strong> tamamlanmas\u0131 hedeflenirken, \u015firketler de s\u00fcrd\u00fcr\u00fclebilirlik politikalar\u0131 \u00e7er\u00e7evesinde bu <strong>sertifikalar<\/strong> ve <strong>sertifika sonucu<\/strong> ortaya \u00e7\u0131kan klasifikasyonlar\u0131 \u00f6nemli bir noktaya koymaya ba\u015flad\u0131.<\/em><\/p>\n<p><em>Bu durumun sonucu olarak da s\u00fcrd\u00fcr\u00fclebilirlik kavram\u0131 gayrimenkullere g\u00f6sterilen talebin yan\u0131 s\u0131ra gerek de\u011ferinde gerekse kira bedellerinde belirleyicili\u011fi olan \u00f6nemli bir parametre haline geldi.\u201d<\/em> dedi. T\u00fcrkiye\u2019nin Paris Anla\u015fmas\u0131\u2019n\u0131 y\u00fcr\u00fcrl\u00fc\u011fe sokmas\u0131n\u0131 \u00e7ok olumlu bulduklar\u0131n\u0131 belirten Budako\u011flu, \u00c7evre ve \u015eehircilik Bakanl\u0131\u011f\u0131\u2019n\u0131n isminin <strong>\u00c7evre, \u015eehircilik ve \u0130klim De\u011fi\u015fikli\u011fi Bakanl\u0131\u011f\u0131<\/strong> olarak de\u011fi\u015ftirilmesinin de bu y\u00f6nde ciddi ad\u0131mlar at\u0131laca\u011f\u0131na i\u015faret etti\u011fini s\u00f6yledi.<\/p>\n<h3><strong>\u0130\u015f d\u00fcnyas\u0131nda kal\u0131c\u0131 olmak isteyenlerin ESG\u2019ye k\u0131sa s\u00fcrede uyum sa\u011flamal\u0131<\/strong><\/h3>\n<p>Bug\u00fcn kurumsal yat\u0131r\u0131mc\u0131lar art\u0131k sadece \u015firketlerin ula\u015ft\u0131\u011f\u0131 finansal sonu\u00e7lar ile ilgilenmiyor, s\u00fcrd\u00fcr\u00fclebilir, \u00e7evreye duyarl\u0131 ve sorumlu yat\u0131r\u0131mlara referans vererek topluma fayda sa\u011flamalar\u0131n\u0131 bekliyor. \u0130\u015f d\u00fcnyas\u0131nda kal\u0131c\u0131 olmak isteyenlerin K\u0131saca <strong>ESG (Enviromental, Social, Governance)<\/strong> olarak adland\u0131r\u0131lan bu yeni anlay\u0131\u015fa \u00e7ok da uzun olmayan bir s\u00fcre\u00e7 i\u00e7erisinde mutlaka uyum sa\u011flamalar\u0131 gerekiyor. ESG, bir yat\u0131r\u0131m\u0131n performans\u0131 \u00fczerinde \u00f6nemli etkileri bulunabilecek <strong>\u00e7evresel, sosyal<\/strong> ve <strong>y\u00f6neti\u015fimsel uygulamalar\u0131<\/strong> ifade ediyor. <strong>Gayrimenkul\u00a0yat\u0131r\u0131mlar\u0131<\/strong> ve portf\u00f6ylerin de\u011feri de bu geli\u015fmelerden pay\u0131n\u0131 almaya ba\u015flam\u0131\u015f durumda. Son d\u00f6nemde d\u00fcnya genelinde gayrimenkul sekt\u00f6r\u00fcn\u00fcn<strong> iklim de\u011fi\u015fikli\u011fi<\/strong> i\u00e7erisindeki pay\u0131n\u0131n azalt\u0131lmas\u0131na y\u00f6nelik ad\u0131mlar at\u0131ld\u0131.<\/p>\n<h3><strong>Finans sistemi \u00e7evre dostu binalar\u0131 d\u00fc\u015f\u00fck faiz oran\u0131 ve te\u015fviklerle \u00f6d\u00fcllendiriyor<\/strong><\/h3>\n<p>Yeni d\u00f6nemde yap\u0131lar\u0131n maksimum seviyede <strong>enerji verimlili\u011fine<\/strong> sahip olmas\u0131 ve <strong>enerji \u00fcretimine<\/strong> katk\u0131da bulunmas\u0131 hedefleniyor. Binalar\u0131n kendi ihtiyac\u0131n\u0131 kar\u015f\u0131layabilmesi, hatta t\u00fcketti\u011finden fazla \u00fcreterek arta kalan k\u0131sm\u0131n\u0131n sat\u0131ld\u0131\u011f\u0131 uygulamalar g\u00f6ze \u00e7arp\u0131yor. Di\u011fer bir ad\u0131m olarak ise binalar\u0131n <strong>\u00e7evre dostu in\u015faat malzemeleri<\/strong> ile in\u015fa edilmesi. <strong>Geri d\u00f6n\u00fc\u015f\u00fcmle<\/strong> elde edilmi\u015f <strong>in\u015faat malzemeleri<\/strong>nin kullan\u0131m\u0131n\u0131n da git gide yayg\u0131nla\u015f\u0131yor. <strong>Ye\u015fil bina uygulamalar\u0131<\/strong> ve binalardaki biyolojik \u00e7e\u015fitlili\u011fin artt\u0131r\u0131lmas\u0131 da yayg\u0131n kabul g\u00f6ren uygulamalar aras\u0131nda yer al\u0131yor. <strong>Finans sistemi<\/strong> i\u00e7erisinde faiz oranlar\u0131 \u00fczerinde uygulanan te\u015fviklerde <strong>\u00e7evre dostu binalar\u0131n<\/strong> \u00f6d\u00fcllendirildi\u011fi, bu \u015fartlar\u0131 sa\u011flamayan binalar\u0131n ise dezavantajl\u0131 hale geldi\u011fi bir d\u00f6neme giriliyor.<\/p>\n<p>Kaynak: <a href=\"https:\/\/www.emlakdergisi.net\/paris-iklim-anlasmasi-gayrimenkul-sektorunu-nasil-etkileyecek.html\" target=\"_blank\" rel=\"noopener\">Emlak Dergisi<\/a><\/p>","protected":false},"excerpt":{"rendered":"<p>Sorry, this entry is only available in Turkish. For the sake of viewer convenience, the content is shown below in the alternative language. You may click the link to switch the active language. T\u00fcrkiye\u2019nin 5 y\u0131l \u00f6nce imzalad\u0131\u011f\u0131 ama baz\u0131 \u00e7ekinceleri nedeniyle taraf olmad\u0131\u011f\u0131 Paris Anla\u015fmas\u0131, 10 Kas\u0131m 2021 tarihinde TBMM\u2019de onaylayarak y\u00fcr\u00fcrl\u00fc\u011fe girdi. S\u00fcrecin [&hellip;]<\/p>\n","protected":false},"author":1,"featured_media":145887,"comment_status":"open","ping_status":"open","sticky":false,"template":"","format":"standard","meta":[],"categories":[53,52],"tags":[95337,1100,98520,98516,98519,1999,98518,10931,98517,4033,1296,87,13537,2482],"views":205,"_links":{"self":[{"href":"https:\/\/www.enerjigazetesi.ist\/en\/wp-json\/wp\/v2\/posts\/145883"}],"collection":[{"href":"https:\/\/www.enerjigazetesi.ist\/en\/wp-json\/wp\/v2\/posts"}],"about":[{"href":"https:\/\/www.enerjigazetesi.ist\/en\/wp-json\/wp\/v2\/types\/post"}],"author":[{"embeddable":true,"href":"https:\/\/www.enerjigazetesi.ist\/en\/wp-json\/wp\/v2\/users\/1"}],"replies":[{"embeddable":true,"href":"https:\/\/www.enerjigazetesi.ist\/en\/wp-json\/wp\/v2\/comments?post=145883"}],"version-history":[{"count":0,"href":"https:\/\/www.enerjigazetesi.ist\/en\/wp-json\/wp\/v2\/posts\/145883\/revisions"}],"wp:featuredmedia":[{"embeddable":true,"href":"https:\/\/www.enerjigazetesi.ist\/en\/wp-json\/wp\/v2\/media\/145887"}],"wp:attachment":[{"href":"https:\/\/www.enerjigazetesi.ist\/en\/wp-json\/wp\/v2\/media?parent=145883"}],"wp:term":[{"taxonomy":"category","embeddable":true,"href":"https:\/\/www.enerjigazetesi.ist\/en\/wp-json\/wp\/v2\/categories?post=145883"},{"taxonomy":"post_tag","embeddable":true,"href":"https:\/\/www.enerjigazetesi.ist\/en\/wp-json\/wp\/v2\/tags?post=145883"}],"curies":[{"name":"wp","href":"https:\/\/api.w.org\/{rel}","templated":true}]}}