{"id":145692,"date":"2021-11-12T14:15:18","date_gmt":"2021-11-12T11:15:18","guid":{"rendered":"https:\/\/www.enerjigazetesi.ist\/?p=145692"},"modified":"2021-11-12T14:25:30","modified_gmt":"2021-11-12T11:25:30","slug":"iklim-fonu-ndan-turkiye-ye-3-2-milyar-dolarlik-bir-kaynak-saglanacak","status":"publish","type":"post","link":"https:\/\/www.enerjigazetesi.ist\/en\/iklim-fonu-ndan-turkiye-ye-3-2-milyar-dolarlik-bir-kaynak-saglanacak\/","title":{"rendered":"(Turkish) \u0130klim Fonu&#8217;ndan T\u00fcrkiye&#8217;ye 3.2 Milyar Dolarl\u0131k Bir Kaynak Sa\u011flanacak"},"content":{"rendered":"<p class=\"qtranxs-available-languages-message qtranxs-available-languages-message-en\">Sorry, this entry is only available in <a href=\"https:\/\/www.enerjigazetesi.ist\/tr\/wp-json\/wp\/v2\/posts\/145692\" class=\"qtranxs-available-language-link qtranxs-available-language-link-tr\" title=\"Turkish\">Turkish<\/a>. For the sake of viewer convenience, the content is shown below in the alternative language. You may click the link to switch the active language.<\/p><p><\/p>\n<h2><strong>T\u00fcrkiye&#8217;ye 3.2 Milyar Dolarl\u0131k bir \u0130klim Fonu kayna\u011f\u0131 gelecektir.<\/strong><\/h2>\n<h3><strong><img loading=\"lazy\" class=\"alignright wp-image-145696\" src=\"https:\/\/www.enerjigazetesi.ist\/wp-content\/uploads\/2021\/11\/iklim-fonu-ndan-turkiye-ye-3-2-milyar-dolarlik-bir-kaynak-saglanacak.jpg\" alt=\"\" width=\"320\" height=\"213\" srcset=\"https:\/\/www.enerjigazetesi.ist\/wp-content\/uploads\/2021\/11\/iklim-fonu-ndan-turkiye-ye-3-2-milyar-dolarlik-bir-kaynak-saglanacak.jpg 550w, https:\/\/www.enerjigazetesi.ist\/wp-content\/uploads\/2021\/11\/iklim-fonu-ndan-turkiye-ye-3-2-milyar-dolarlik-bir-kaynak-saglanacak-300x200.jpg 300w, https:\/\/www.enerjigazetesi.ist\/wp-content\/uploads\/2021\/11\/iklim-fonu-ndan-turkiye-ye-3-2-milyar-dolarlik-bir-kaynak-saglanacak-500x333.jpg 500w, https:\/\/www.enerjigazetesi.ist\/wp-content\/uploads\/2021\/11\/iklim-fonu-ndan-turkiye-ye-3-2-milyar-dolarlik-bir-kaynak-saglanacak-75x50.jpg 75w, https:\/\/www.enerjigazetesi.ist\/wp-content\/uploads\/2021\/11\/iklim-fonu-ndan-turkiye-ye-3-2-milyar-dolarlik-bir-kaynak-saglanacak-450x300.jpg 450w\" sizes=\"(max-width: 320px) 100vw, 320px\" \/><\/strong><\/h3>\n<p>Bu fon <strong>iklim kriziyle m\u00fccadele <\/strong>edilerek bu <strong>krizin zararlar\u0131n\u0131 s\u00fcbvanse edilebilsin<\/strong> diye verilmekte ve bu ama\u00e7la kullan\u0131lmaktad\u0131r.<\/p>\n<h3><strong>K\u00f6m\u00fcrden \u00c7\u0131k\u0131\u015f Konusunda Sessiz Kal\u0131nmamal\u0131d\u0131r<\/strong><\/h3>\n<p><strong>Termik santraller <\/strong>ba\u015fta olmak \u00fczere;\u00a0gerekli \u00e7evreyi koruyucu \u00f6nlemler al\u0131nmaz ve <strong>gerekli yat\u0131r\u0131mlar yap\u0131lmaz<\/strong> ise <strong>2053\u2019te<\/strong> s\u0131f\u0131r emisyonu hedefleyen bir T\u00fcrkiye i\u00e7in <strong>iklim krizi \u00e7\u00f6z\u00fclmez<\/strong>, <strong>daha da karma\u015f\u0131k bir hale <\/strong>gelir.<\/p>\n<h3><strong>\u0130klim Fonu ve Yard\u0131mlar&#8230;<\/strong><\/h3>\n<p>Bu kaynak ile adil d\u00f6n\u00fc\u015f\u00fcm etkilenen <strong>i\u015f\u00e7ilere, sekt\u00f6rlere ve topluluklara, mali, teknik ve sosyal destekte<\/strong> bulunulmas\u0131 zorunlu olup <strong>iklim krizi nedeniyle<\/strong> zarara u\u011frayan, ma\u011fdur olan <strong>\u00e7if\u00e7iye <\/strong>de<strong> yard\u0131m <\/strong>sunulmaktad\u0131r ve<strong>\u00a0iklim fonu<\/strong> taraf\u0131ndan bu tarz \u00e7al\u0131\u015fmalar\u0131n y\u00fcr\u00fct\u00fclmesi i\u00e7in \u00fclkelere verilir.<\/p>","protected":false},"excerpt":{"rendered":"<p>Sorry, this entry is only available in Turkish. For the sake of viewer convenience, the content is shown below in the alternative language. You may click the link to switch the active language. T\u00fcrkiye&#8217;ye 3.2 Milyar Dolarl\u0131k bir \u0130klim Fonu kayna\u011f\u0131 gelecektir. Bu fon iklim kriziyle m\u00fccadele edilerek bu krizin zararlar\u0131n\u0131 s\u00fcbvanse edilebilsin diye verilmekte [&hellip;]<\/p>\n","protected":false},"author":1,"featured_media":145696,"comment_status":"open","ping_status":"open","sticky":false,"template":"","format":"standard","meta":[],"categories":[51,53,52,24649],"tags":[97608,98401,52510,53809,2246,98400],"views":169,"_links":{"self":[{"href":"https:\/\/www.enerjigazetesi.ist\/en\/wp-json\/wp\/v2\/posts\/145692"}],"collection":[{"href":"https:\/\/www.enerjigazetesi.ist\/en\/wp-json\/wp\/v2\/posts"}],"about":[{"href":"https:\/\/www.enerjigazetesi.ist\/en\/wp-json\/wp\/v2\/types\/post"}],"author":[{"embeddable":true,"href":"https:\/\/www.enerjigazetesi.ist\/en\/wp-json\/wp\/v2\/users\/1"}],"replies":[{"embeddable":true,"href":"https:\/\/www.enerjigazetesi.ist\/en\/wp-json\/wp\/v2\/comments?post=145692"}],"version-history":[{"count":0,"href":"https:\/\/www.enerjigazetesi.ist\/en\/wp-json\/wp\/v2\/posts\/145692\/revisions"}],"wp:featuredmedia":[{"embeddable":true,"href":"https:\/\/www.enerjigazetesi.ist\/en\/wp-json\/wp\/v2\/media\/145696"}],"wp:attachment":[{"href":"https:\/\/www.enerjigazetesi.ist\/en\/wp-json\/wp\/v2\/media?parent=145692"}],"wp:term":[{"taxonomy":"category","embeddable":true,"href":"https:\/\/www.enerjigazetesi.ist\/en\/wp-json\/wp\/v2\/categories?post=145692"},{"taxonomy":"post_tag","embeddable":true,"href":"https:\/\/www.enerjigazetesi.ist\/en\/wp-json\/wp\/v2\/tags?post=145692"}],"curies":[{"name":"wp","href":"https:\/\/api.w.org\/{rel}","templated":true}]}}