{"id":145667,"date":"2021-11-12T12:17:50","date_gmt":"2021-11-12T09:17:50","guid":{"rendered":"https:\/\/www.enerjigazetesi.ist\/?p=145667"},"modified":"2021-11-12T12:18:18","modified_gmt":"2021-11-12T09:18:18","slug":"eti-aluminyum-a-entegre-kirlilik-onleme-ve-kontrol-alaninda-odul","status":"publish","type":"post","link":"https:\/\/www.enerjigazetesi.ist\/en\/eti-aluminyum-a-entegre-kirlilik-onleme-ve-kontrol-alaninda-odul\/","title":{"rendered":"(Turkish) Eti Al\u00fcminyum&#8217;a \u2018Entegre Kirlilik \u00d6nleme ve Kontrol\u2019 Alan\u0131nda \u00d6d\u00fcl"},"content":{"rendered":"<p class=\"qtranxs-available-languages-message qtranxs-available-languages-message-en\">Sorry, this entry is only available in <a href=\"https:\/\/www.enerjigazetesi.ist\/tr\/wp-json\/wp\/v2\/posts\/145667\" class=\"qtranxs-available-language-link qtranxs-available-language-link-tr\" title=\"Turkish\">Turkish<\/a>. For the sake of viewer convenience, the content is shown below in the alternative language. You may click the link to switch the active language.<\/p><p><\/p>\n<h2>\u00c7evre, \u015eehircilik ve \u0130klim De\u011fi\u015fikli\u011fi Bakanl\u0131\u011f\u0131, \u00c7evre Y\u00f6netimi Genel M\u00fcd\u00fcrl\u00fc\u011f\u00fc ile Karab\u00fck \u00dcniversitesi taraf\u0131ndan 2018 y\u0131l\u0131ndan beri d\u00fczenlenen \u201cMetal \u00dcretim ve \u0130\u015fleme\u201d tesisleri (EK\u00d6K Metal) de\u011ferlendirmesinde Eti Al\u00fcminyum, en ba\u015far\u0131l\u0131 \u015firketler aras\u0131nda yerini ald\u0131.<\/h2>\n<p><strong>Eti Al\u00fcminyum Genel M\u00fcd\u00fcr\u00fc Mehmet Arkan<\/strong>, tesisin 2005 y\u0131l\u0131nda Cengiz Holding ailesine kat\u0131lmas\u0131n\u0131n ard\u0131ndan toplam <strong>600 milyon dolarl\u0131k<\/strong> yat\u0131r\u0131m yap\u0131ld\u0131\u011f\u0131n\u0131, \u00f6ncelikle \u00e7evreye etkisine odakland\u0131klar\u0131 tesisin neredeyse her b\u00f6l\u00fcm\u00fcn\u00fc yenilediklerini dile getirdi. Bu \u00f6d\u00fclden b\u00fcy\u00fck gurur <img loading=\"lazy\" class=\"alignright wp-image-145669\" src=\"https:\/\/www.enerjigazetesi.ist\/wp-content\/uploads\/2021\/11\/eti-aluminyum-a-entegre-kirlilik-onleme-ve-kontrol-alaninda-odul-2.jpg\" alt=\"\" width=\"320\" height=\"272\" srcset=\"https:\/\/www.enerjigazetesi.ist\/wp-content\/uploads\/2021\/11\/eti-aluminyum-a-entegre-kirlilik-onleme-ve-kontrol-alaninda-odul-2.jpg 550w, https:\/\/www.enerjigazetesi.ist\/wp-content\/uploads\/2021\/11\/eti-aluminyum-a-entegre-kirlilik-onleme-ve-kontrol-alaninda-odul-2-300x255.jpg 300w, https:\/\/www.enerjigazetesi.ist\/wp-content\/uploads\/2021\/11\/eti-aluminyum-a-entegre-kirlilik-onleme-ve-kontrol-alaninda-odul-2-470x400.jpg 470w, https:\/\/www.enerjigazetesi.ist\/wp-content\/uploads\/2021\/11\/eti-aluminyum-a-entegre-kirlilik-onleme-ve-kontrol-alaninda-odul-2-59x50.jpg 59w, https:\/\/www.enerjigazetesi.ist\/wp-content\/uploads\/2021\/11\/eti-aluminyum-a-entegre-kirlilik-onleme-ve-kontrol-alaninda-odul-2-500x425.jpg 500w\" sizes=\"(max-width: 320px) 100vw, 320px\" \/>duyduklar\u0131n\u0131 ifade eden Arkan,<em> \u201cBu s\u00fcre\u00e7te tesisin gaz sal\u0131m\u0131n\u0131 azaltabilmek i\u00e7in<strong> 15 milyon dolarl\u0131k<\/strong> ek yat\u0131r\u0131m yapt\u0131k. Bu sayede Avrupa Birli\u011fi normlar\u0131nda belirtilenden <strong>% 50<\/strong> daha <strong>d\u00fc\u015f\u00fck gaz sal\u0131m\u0131<\/strong> seviyesine ula\u015ft\u0131k. Yine <strong>5 milyon dolarl\u0131k<\/strong> yat\u0131r\u0131mla; tesisimizde \u00fcretim s\u00fcre\u00e7lerinin d\u00f6n\u00fc\u015f\u00fcm\u00fcn\u00fc ger\u00e7ekle\u015ftirdik ve daha \u00f6nce \u00fcretimde kullan\u0131lan <strong>k\u00fck\u00fcrt<\/strong> ve<strong> fueloil<\/strong> yerine <strong>do\u011fal gaz kullanmaya<\/strong> ba\u015flad\u0131k. Bu nedenle de bu \u00f6d\u00fcl bizim i\u00e7in b\u00fcy\u00fck \u00f6nem ta\u015f\u0131yor\u201d<\/em> diye konu\u015ftu.<\/p>\n<p>Eti Al\u00fcminyum\u2019un 2020 sonunda \u2018<strong>S\u0131f\u0131r At\u0131k Belgesi<\/strong>\u2019ni almaya hak kazand\u0131\u011f\u0131n\u0131 da an\u0131msatan Arkan, <strong>10<\/strong> ayda <strong>80 ton at\u0131\u011f\u0131<\/strong> geri kazand\u0131rarak<strong> 2,5 tondan fazla<\/strong> sera gaz\u0131 sal\u0131m\u0131n\u0131n \u00f6n\u00fcne ge\u00e7tiklerini s\u00f6yledi. <strong>12 milyon metrekarelik<\/strong> alanda, y\u0131ll\u0131k<strong> 80 bin tonluk<\/strong> al\u00fcminyum \u00fcretimiyle sekt\u00f6r\u00fcn \u00f6nc\u00fc \u015firketi olarak sorumluluklar\u0131n\u0131n fark\u0131nda olduklar\u0131n\u0131n alt\u0131n\u0131 \u00e7izen Arkan, \u015f\u00f6yle devam etti: <em>\u201cS\u0131f\u0131r at\u0131k y\u00f6netimi, kurumsal kimli\u011fimizin ayr\u0131lmaz bir par\u00e7as\u0131 haline geldi. Bu konuda g\u00f6sterdikleri hassasiyet nedeniyle \u00e7al\u0131\u015fma arkada\u015flar\u0131m\u0131za da \u00e7ok te\u015fekk\u00fcr ederim. \u00d6n\u00fcm\u00fczdeki d\u00f6nemde de \u00fcretimimizi en verimli \u015fekilde s\u00fcrd\u00fcr\u00fcrken<strong> geri d\u00f6n\u00fc\u015f\u00fcm, geri kazan\u0131m, at\u0131klar\u0131n bertaraf\u0131<\/strong> konular\u0131nda s\u00fcrd\u00fcr\u00fclebilir bir politika izleyerek, <strong>entegre kirlilik \u00f6nleme<\/strong> konusunda ba\u015far\u0131m\u0131z\u0131 s\u00fcrd\u00fcrece\u011fiz.\u201d<\/em><\/p>\n<h3><strong>EK\u00d6K NED\u0130R?<\/strong><\/h3>\n<p><strong>Entegre Kirlilik \u00d6nleme ve Kontrol (EK\u00d6K)<\/strong>, <em>\u00c7evre, \u015eehircilik ve \u0130klim De\u011fi\u015fikli\u011fi Bakanl\u0131\u011f\u0131<\/em> taraf\u0131ndan uzun y\u0131llard\u0131r \u00fczerinde \u00e7al\u0131\u015f\u0131lan bir konu. \u00c7evrenin bir b\u00fct\u00fcn olarak korunmas\u0131 amac\u0131yla, sanayi tesislerinden kaynaklanan <strong>emisyonlar\u0131<\/strong> ve <strong>at\u0131k olu\u015fumunu azaltmak<\/strong> i\u00e7in mevcut en iyi tekniklere dayal\u0131 <strong>entegre kirlilik \u00f6nleme yakla\u015f\u0131m\u0131n\u0131n<\/strong> benimsendi\u011fi <strong>EK\u00d6K<\/strong> kapsam\u0131nda ulusal b\u00fct\u00e7eli ve <strong>AB<\/strong> kaynakl\u0131<strong> sekt\u00f6rel projeler<\/strong> y\u00fcr\u00fct\u00fcl\u00fcyor.<\/p>","protected":false},"excerpt":{"rendered":"<p>Sorry, this entry is only available in Turkish. For the sake of viewer convenience, the content is shown below in the alternative language. You may click the link to switch the active language. \u00c7evre, \u015eehircilik ve \u0130klim De\u011fi\u015fikli\u011fi Bakanl\u0131\u011f\u0131, \u00c7evre Y\u00f6netimi Genel M\u00fcd\u00fcrl\u00fc\u011f\u00fc ile Karab\u00fck \u00dcniversitesi taraf\u0131ndan 2018 y\u0131l\u0131ndan beri d\u00fczenlenen \u201cMetal \u00dcretim ve \u0130\u015fleme\u201d [&hellip;]<\/p>\n","protected":false},"author":1,"featured_media":145670,"comment_status":"open","ping_status":"open","sticky":false,"template":"","format":"standard","meta":[],"categories":[46,53,52],"tags":[98376,80134,98377,98380,12502,98378,2529,3120,98379,53669],"views":314,"_links":{"self":[{"href":"https:\/\/www.enerjigazetesi.ist\/en\/wp-json\/wp\/v2\/posts\/145667"}],"collection":[{"href":"https:\/\/www.enerjigazetesi.ist\/en\/wp-json\/wp\/v2\/posts"}],"about":[{"href":"https:\/\/www.enerjigazetesi.ist\/en\/wp-json\/wp\/v2\/types\/post"}],"author":[{"embeddable":true,"href":"https:\/\/www.enerjigazetesi.ist\/en\/wp-json\/wp\/v2\/users\/1"}],"replies":[{"embeddable":true,"href":"https:\/\/www.enerjigazetesi.ist\/en\/wp-json\/wp\/v2\/comments?post=145667"}],"version-history":[{"count":0,"href":"https:\/\/www.enerjigazetesi.ist\/en\/wp-json\/wp\/v2\/posts\/145667\/revisions"}],"wp:featuredmedia":[{"embeddable":true,"href":"https:\/\/www.enerjigazetesi.ist\/en\/wp-json\/wp\/v2\/media\/145670"}],"wp:attachment":[{"href":"https:\/\/www.enerjigazetesi.ist\/en\/wp-json\/wp\/v2\/media?parent=145667"}],"wp:term":[{"taxonomy":"category","embeddable":true,"href":"https:\/\/www.enerjigazetesi.ist\/en\/wp-json\/wp\/v2\/categories?post=145667"},{"taxonomy":"post_tag","embeddable":true,"href":"https:\/\/www.enerjigazetesi.ist\/en\/wp-json\/wp\/v2\/tags?post=145667"}],"curies":[{"name":"wp","href":"https:\/\/api.w.org\/{rel}","templated":true}]}}