{"id":145525,"date":"2021-11-10T10:55:14","date_gmt":"2021-11-10T07:55:14","guid":{"rendered":"https:\/\/www.enerjigazetesi.ist\/?p=145525"},"modified":"2021-11-10T10:56:46","modified_gmt":"2021-11-10T07:56:46","slug":"avrupa-nin-en-buyuk-hibrit-enerji-santralindeki-ges-hizmete-girdi","status":"publish","type":"post","link":"https:\/\/www.enerjigazetesi.ist\/en\/avrupa-nin-en-buyuk-hibrit-enerji-santralindeki-ges-hizmete-girdi\/","title":{"rendered":"(Turkish) Avrupa\u2019n\u0131n En B\u00fcy\u00fck Hibrit Enerji Santralindeki GES Hizmete Girdi"},"content":{"rendered":"<p class=\"qtranxs-available-languages-message qtranxs-available-languages-message-en\">Sorry, this entry is only available in <a href=\"https:\/\/www.enerjigazetesi.ist\/tr\/wp-json\/wp\/v2\/posts\/145525\" class=\"qtranxs-available-language-link qtranxs-available-language-link-tr\" title=\"Turkish\">Turkish<\/a>. For the sake of viewer convenience, the content is shown below in the alternative language. You may click the link to switch the active language.<\/p><p><\/p>\n<h2>Cengiz Holding ve \u00d6zalt\u0131n Holding\u2019in ortak i\u015ftiraki Kalehan Enerji\u2019nin Bing\u00f6l\u2019de bulunan A\u015fa\u011f\u0131 Kalek\u00f6y Baraj\u0131 ve hidroelektrik santralinin (HES) kuyruk suyu b\u00f6lgesine eklenen g\u00fcne\u015f enerji santralinin (GES) a\u00e7\u0131l\u0131\u015f\u0131 Cumhurba\u015fkan\u0131 Recep Tayyip Erdo\u011fan taraf\u0131ndan yap\u0131ld\u0131. Santral, T\u00fcrkiye\u2019nin ilk, Avrupa\u2019n\u0131n en b\u00fcy\u00fck hibrit enerji santrali olma \u00f6zelli\u011fini ta\u015f\u0131yor.<\/h2>\n<h3><strong>&#8216;Yenilenebilir Enerji D\u00f6n\u00fc\u015f\u00fcm\u00fcne \u00d6nc\u00fcl\u00fck Ediyoruz&#8217;<span style=\"text-decoration: underline;\"><img loading=\"lazy\" class=\"alignright wp-image-145527\" src=\"https:\/\/www.enerjigazetesi.ist\/wp-content\/uploads\/2021\/11\/avrupa-nin-en-buyuk-hibrit-enerji-santralindeki-ges-hizmete-girdi-2.jpg\" alt=\"\" width=\"320\" height=\"242\" srcset=\"https:\/\/www.enerjigazetesi.ist\/wp-content\/uploads\/2021\/11\/avrupa-nin-en-buyuk-hibrit-enerji-santralindeki-ges-hizmete-girdi-2.jpg 550w, https:\/\/www.enerjigazetesi.ist\/wp-content\/uploads\/2021\/11\/avrupa-nin-en-buyuk-hibrit-enerji-santralindeki-ges-hizmete-girdi-2-300x227.jpg 300w, https:\/\/www.enerjigazetesi.ist\/wp-content\/uploads\/2021\/11\/avrupa-nin-en-buyuk-hibrit-enerji-santralindeki-ges-hizmete-girdi-2-500x378.jpg 500w, https:\/\/www.enerjigazetesi.ist\/wp-content\/uploads\/2021\/11\/avrupa-nin-en-buyuk-hibrit-enerji-santralindeki-ges-hizmete-girdi-2-66x50.jpg 66w\" sizes=\"(max-width: 320px) 100vw, 320px\" \/><\/span><\/strong><\/h3>\n<p>Hibrit santralle ilgili de\u011ferlendirmede bulunan Kalehan Enerji Genel M\u00fcd\u00fcr\u00fc <strong>G\u00fcltekin Kele\u015f<\/strong>, <span style=\"text-decoration: underline;\">\u015funlar\u0131 s\u00f6yledi:<\/span><em> \u2018\u2018Karbon emisyonu, t\u00fcm d\u00fcnyan\u0131n g\u00fcndeminde olan \u00f6nemli bir konu. Bu nedenle T\u00fcrkiye\u2019de \u00f6zel sekt\u00f6r taraf\u0131ndan hayata ge\u00e7irilen en b\u00fcy\u00fck <strong>6\u2019nc\u0131 baraj\u0131n\u0131n da<\/strong> bulundu\u011fu <strong>hibrit enerji santralimizle<\/strong> ba\u015fta <strong>g\u00fcne\u015f enerjisi<\/strong> olmak \u00fczere yenilenebilir enerji kaynaklar\u0131n\u0131n kullan\u0131m\u0131n\u0131 destekliyoruz. Gelece\u011fin d\u00fcnyas\u0131, yenilenebilir enerji kaynaklar\u0131na y\u00f6neliyor. Biz de bu d\u00f6n\u00fc\u015f\u00fcme \u00f6nc\u00fcl\u00fck etmek \u00fczere T\u00fcrkiye\u2019nin ilk, Avrupa\u2019n\u0131n en b\u00fcy\u00fck <strong>hibrit enerji santralini<\/strong> hayata ge\u00e7irmi\u015f olmaktan mutluluk duyuyoruz.\u201d<\/em><\/p>\n<h3><strong>200.000 G\u00fcne\u015f Panelinden Meydana Geliyor<\/strong><\/h3>\n<p><strong>Bing\u00f6l<\/strong>\u2019de enerji yat\u0131r\u0131mlar\u0131na 2011 y\u0131l\u0131nda; <strong>A\u015fa\u011f\u0131 Kalek\u00f6y Baraj\u0131 <\/strong>ve<strong> HES<\/strong> in\u015fas\u0131na ise <strong>2016 y\u0131l\u0131nda<\/strong> ba\u015flad\u0131klar\u0131n\u0131 ifade eden G\u00fcltekin Kele\u015f, <em>\u201c<strong>500 megavat kurulu g\u00fcc\u00fc<\/strong> bulunan <strong>A\u015fa\u011f\u0131 Kalek\u00f6y Baraj\u0131 ve hidroelektrik santraline<\/strong> ekledi\u011fimiz g\u00fcne\u015f enerji santrali, <strong>80 megavat kurulu g\u00fcce<\/strong> sahip ve <strong>200 bin g\u00fcne\u015f panelinden<\/strong> olu\u015fuyor. Bu \u00f6nemli yat\u0131r\u0131m\u0131 \u00e7ok k\u0131sa bir s\u00fcrede tamamlay\u0131p \u00fcretime ba\u015flayarak T\u00fcrkiye ekonomisine \u00f6nemli katk\u0131 sa\u011flad\u0131k. A\u00e7\u0131l\u0131\u015f t\u00f6reni yap\u0131lan g\u00fcne\u015f enerjisi santralinin de bulundu\u011fu hibrit santralimizin, <strong>T\u00fcrk m\u00fchendislerin imzas\u0131n\u0131<\/strong> ta\u015f\u0131yor olmas\u0131 da bizim i\u00e7in ayr\u0131 bir gurur kayna\u011f\u0131\u201d<\/em> dedi.<\/p>\n<p><strong>1 milyon metrekarelik<\/strong> arazi \u00fczerine kurulan GES\u2019te, <strong>44 bin kolon<\/strong> profili ve <strong>1 milyon metrenin \u00fczerinde kablo<\/strong> kullan\u0131ld\u0131. Hibrit enerji santralinde 450 bin hanenin y\u0131ll\u0131k t\u00fcketimini kar\u015f\u0131layabilecek enerji \u00fcretimi yap\u0131l\u0131yor.<\/p>","protected":false},"excerpt":{"rendered":"<p>Sorry, this entry is only available in Turkish. For the sake of viewer convenience, the content is shown below in the alternative language. You may click the link to switch the active language. Cengiz Holding ve \u00d6zalt\u0131n Holding\u2019in ortak i\u015ftiraki Kalehan Enerji\u2019nin Bing\u00f6l\u2019de bulunan A\u015fa\u011f\u0131 Kalek\u00f6y Baraj\u0131 ve hidroelektrik santralinin (HES) kuyruk suyu b\u00f6lgesine eklenen [&hellip;]<\/p>\n","protected":false},"author":1,"featured_media":145528,"comment_status":"open","ping_status":"open","sticky":false,"template":"","format":"standard","meta":[],"categories":[51,53,49],"tags":[94729,7355,47770,23720,7935],"views":217,"_links":{"self":[{"href":"https:\/\/www.enerjigazetesi.ist\/en\/wp-json\/wp\/v2\/posts\/145525"}],"collection":[{"href":"https:\/\/www.enerjigazetesi.ist\/en\/wp-json\/wp\/v2\/posts"}],"about":[{"href":"https:\/\/www.enerjigazetesi.ist\/en\/wp-json\/wp\/v2\/types\/post"}],"author":[{"embeddable":true,"href":"https:\/\/www.enerjigazetesi.ist\/en\/wp-json\/wp\/v2\/users\/1"}],"replies":[{"embeddable":true,"href":"https:\/\/www.enerjigazetesi.ist\/en\/wp-json\/wp\/v2\/comments?post=145525"}],"version-history":[{"count":0,"href":"https:\/\/www.enerjigazetesi.ist\/en\/wp-json\/wp\/v2\/posts\/145525\/revisions"}],"wp:featuredmedia":[{"embeddable":true,"href":"https:\/\/www.enerjigazetesi.ist\/en\/wp-json\/wp\/v2\/media\/145528"}],"wp:attachment":[{"href":"https:\/\/www.enerjigazetesi.ist\/en\/wp-json\/wp\/v2\/media?parent=145525"}],"wp:term":[{"taxonomy":"category","embeddable":true,"href":"https:\/\/www.enerjigazetesi.ist\/en\/wp-json\/wp\/v2\/categories?post=145525"},{"taxonomy":"post_tag","embeddable":true,"href":"https:\/\/www.enerjigazetesi.ist\/en\/wp-json\/wp\/v2\/tags?post=145525"}],"curies":[{"name":"wp","href":"https:\/\/api.w.org\/{rel}","templated":true}]}}