{"id":145509,"date":"2021-11-09T16:03:50","date_gmt":"2021-11-09T13:03:50","guid":{"rendered":"https:\/\/www.enerjigazetesi.ist\/?p=145509"},"modified":"2021-11-09T16:04:10","modified_gmt":"2021-11-09T13:04:10","slug":"borusan-mannesmann-sera-gazi-salimini-ve-atik-olusumunu-azaltacak","status":"publish","type":"post","link":"https:\/\/www.enerjigazetesi.ist\/en\/borusan-mannesmann-sera-gazi-salimini-ve-atik-olusumunu-azaltacak\/","title":{"rendered":"(Turkish) &#8217;Borusan Mannesmann&#8217; Sera Gaz\u0131 Sal\u0131m\u0131n\u0131 ve At\u0131k Olu\u015fumunu Azaltacak&#8230;"},"content":{"rendered":"<p class=\"qtranxs-available-languages-message qtranxs-available-languages-message-en\">Sorry, this entry is only available in <a href=\"https:\/\/www.enerjigazetesi.ist\/tr\/wp-json\/wp\/v2\/posts\/145509\" class=\"qtranxs-available-language-link qtranxs-available-language-link-tr\" title=\"Turkish\">Turkish<\/a>. For the sake of viewer convenience, the content is shown below in the alternative language. You may click the link to switch the active language.<\/p><p><\/p>\n<h2>T\u00fcrkiye \u00e7elik boru pazar\u0131n\u0131n lideri Borusan Mannesmann, s\u00fcrd\u00fcr\u00fclebilirlik alan\u0131nda \u00e7al\u0131\u015fmalar\u0131n\u0131 h\u0131zland\u0131rd\u0131. Bu konuda farkl\u0131 ba\u015fl\u0131klarda y\u00fcr\u00fctmeye ba\u015flad\u0131\u011f\u0131 projeler ve i\u015flerle hedefleri do\u011frultusunda ilerleyen \u015firket son olarak T\u00fcrkiye S\u0131nai Kalk\u0131nma Bankas\u0131\u2019ndan (TSKB) 20 milyon dolar tutar\u0131nda finansman sa\u011flad\u0131. Birle\u015fmi\u015f Milletler (BM) S\u00fcrd\u00fcr\u00fclebilir Kalk\u0131nma Ama\u00e7lar\u0131 do\u011frultusunda kullan\u0131lacak tek par\u00e7adan olu\u015fan kredi ile Borusan Mannesmann kad\u0131n istihdam\u0131, sera gaz\u0131 azalt\u0131m\u0131, at\u0131k y\u00f6netimi \u00e7al\u0131\u015fmalar\u0131n\u0131 h\u0131zland\u0131racak.<\/h2>\n<h3><strong>Sekt\u00f6rde ilke imza atacak<\/strong><\/h3>\n<p>S\u00fcrd\u00fcr\u00fclebilirlik konusunda ger\u00e7ekle\u015ftirdi\u011fi \u00e7al\u0131\u015fmalar kapsam\u0131nda Borusan Mannesmann, kendi <img loading=\"lazy\" class=\"alignright wp-image-145511\" src=\"https:\/\/www.enerjigazetesi.ist\/wp-content\/uploads\/2021\/11\/borusan-mannesmann-sera-gazi-salimini-ve-atik-olusumunu-azaltacak.jpg\" alt=\"\" width=\"320\" height=\"210\" srcset=\"https:\/\/www.enerjigazetesi.ist\/wp-content\/uploads\/2021\/11\/borusan-mannesmann-sera-gazi-salimini-ve-atik-olusumunu-azaltacak.jpg 550w, https:\/\/www.enerjigazetesi.ist\/wp-content\/uploads\/2021\/11\/borusan-mannesmann-sera-gazi-salimini-ve-atik-olusumunu-azaltacak-300x197.jpg 300w, https:\/\/www.enerjigazetesi.ist\/wp-content\/uploads\/2021\/11\/borusan-mannesmann-sera-gazi-salimini-ve-atik-olusumunu-azaltacak-500x328.jpg 500w, https:\/\/www.enerjigazetesi.ist\/wp-content\/uploads\/2021\/11\/borusan-mannesmann-sera-gazi-salimini-ve-atik-olusumunu-azaltacak-76x50.jpg 76w\" sizes=\"(max-width: 320px) 100vw, 320px\" \/>s\u00fcrd\u00fcr\u00fclebilirlik raporunu haz\u0131rlayan sekt\u00f6r\u00fcndeki ilk \u015firket olmaya haz\u0131rlan\u0131yor. <strong>GRI kriterleri<\/strong>ne uygun olarak haz\u0131rlanan rapor ile \u015firket, bu konuda di\u011fer kurumlara da ilham vermeyi ama\u00e7l\u0131yor.<\/p>\n<p><em>\u201c\u00c7evresel S\u00fcrd\u00fcr\u00fclebilirlik alt\u0131nda D\u00f6ng\u00fcsel Ekonomi ve Sera Gaz\u0131 Emisyonlar\u0131\u201d, \u201cDe\u011fer Zinciri alt\u0131nda De\u011fi\u015fen M\u00fc\u015fteri Beklentileri ve Tedarik Zinciri S\u00fcrd\u00fcr\u00fclebilirli\u011fi\u201d, \u201c\u00c7al\u0131\u015fma Ko\u015fullar\u0131 ve \u0130SG\u201d, \u201c\u00dcr\u00fcn ve S\u00fcre\u00e7 \u0130novasyonu\u201dndan<\/em> olu\u015fan <strong>4 ana ba\u015fl\u0131kta<\/strong> \u00e7al\u0131\u015fmalar\u0131n\u0131 y\u00fcr\u00fcten \u015firket, <strong>at\u0131k miktar\u0131n\u0131<\/strong> ve <strong>sera gaz\u0131 emisyonlar\u0131n\u0131<\/strong> \u00f6nemli \u00f6l\u00e7\u00fcde azaltmay\u0131 hedefliyor.<\/p>\n<h3><strong>CDP\u2019ye yan\u0131t veren ilk \u00e7elik boru \u015firketi oldu<\/strong><\/h3>\n<p>K\u00fcresel \u00e7apta b\u00fcy\u00fck \u015firketlerin karbon sal\u0131n\u0131m\u0131 y\u00f6netimini \u015feffaf bir bi\u00e7imde payla\u015ft\u0131\u011f\u0131 \u00e7evre raporlama sistemi <strong>Karbon Saydaml\u0131k Projesi\u2019nin (Carbon Disclosure Project -CDP) \u0130klim De\u011fi\u015fikli\u011fi ve Su Program\u0131<\/strong>\u2019na da yan\u0131t veren Borusan Mannesmann, <strong>iklim krizi ve su krizine<\/strong> kar\u015f\u0131 faaliyet ve stratejilerini payla\u015ft\u0131. \u015eirket b\u00f6ylelikle 2021 y\u0131l\u0131nda T\u00fcrkiye\u2019de<strong> CDP<\/strong>\u2019ye yan\u0131t veren <strong>\u00e7elik boru sekt\u00f6r\u00fc<\/strong>ndeki ilk \u015firket oldu.<\/p>\n<p>Borusan Mannesmann, <strong>CDP \u0130klim De\u011fi\u015fikli\u011fi Program\u0131<\/strong>\u2019na yan\u0131t vererek<strong> iklim krizi risklerine<\/strong> kar\u015f\u0131 bir strateji geli\u015ftirmeyi ve <strong>CDP Su Program\u0131<\/strong>\u2019n\u0131n bir par\u00e7as\u0131 olarak <strong>iklim krizinin<\/strong> getirdi\u011fi en \u00f6nemli risklerden biri olan su krizine kar\u015f\u0131 <strong>su kullan\u0131m\u0131 verimlili\u011fini<\/strong> ve <strong>azalt\u0131m\u0131n\u0131<\/strong> sa\u011flayarak \u00f6nlem almay\u0131 ama\u00e7l\u0131yor.<\/p>\n<h3><strong>ISO 14064 ile karbon ayak izini hesapl\u0131yor<\/strong><\/h3>\n<p><strong>\u00c7evresel s\u00fcrd\u00fcr\u00fclebilirlik<\/strong> kapsam\u0131nda iklim krizinin \u00f6nde gelen sebebi olan sera gaz\u0131 emisyonlar\u0131n\u0131 azaltmay\u0131 hedefleyen Borusan Mannesmann ayr\u0131ca <strong>ISO 14064 belgesi<\/strong> alarak <strong>karbon ayak izini<\/strong> hesapl\u0131yor. Uluslararas\u0131 bir standart olan <strong>ISO 14064<\/strong> ile do\u011frudan sera gaz\u0131 emisyonlar\u0131n\u0131 i\u00e7eren Kapsam 1, enerji dolayl\u0131 sera gaz\u0131 emisyonlar\u0131n\u0131 i\u00e7eren <strong>Kapsam 2<\/strong> ve di\u011fer dolayl\u0131 sera gaz\u0131 emisyonlar\u0131n\u0131 i\u00e7eren <strong>Kapsam 3<\/strong> kategorilerinde emisyonlar hesaplan\u0131yor. Borusan Mannesmann, <strong>sera gaz\u0131n\u0131n hesaplanmas\u0131<\/strong> ve <strong>do\u011frulanmas\u0131<\/strong> ile<strong> iklim krizi m\u00fccadelesinde<\/strong> daha g\u00fcvenilir ve kapsaml\u0131 bir bak\u0131\u015f a\u00e7\u0131s\u0131 elde etmeyi hedefliyor. \u015eirket yak\u0131n zamanda d\u00fcnyan\u0131n en b\u00fcy\u00fck kurumsal s\u00fcrd\u00fcr\u00fclebilirlik inisiyatifi <strong>Birle\u015fmi\u015f Milletler Global Compact<\/strong>\u2019in de kat\u0131l\u0131mc\u0131lar\u0131 aras\u0131nda yer alacak.<\/p>\n<h3><strong>Mersin\u2019de 30 bin a\u011fa\u00e7l\u0131k orman i\u00e7in \u00e7al\u0131\u015f\u0131yor<\/strong><\/h3>\n<p>S\u00fcrd\u00fcr\u00fclebilirlik faaliyetleri ile t\u00fcm payda\u015flar\u0131yla birlikte T\u00fcrkiye\u2019ye kal\u0131c\u0131 bir arma\u011fan b\u0131rakmak da isteyen \u015firket, Orman Genel M\u00fcd\u00fcrl\u00fc\u011f\u00fc koordinat\u00f6rl\u00fc\u011f\u00fcnde <strong>Borusan Mannesmann Hat\u0131ra Orman\u0131<\/strong> i\u00e7in de \u00e7al\u0131\u015fmalar\u0131n\u0131 s\u00fcrd\u00fcr\u00fcyor. \u00dclkemizde en \u00e7ok yang\u0131n g\u00f6r\u00fclen b\u00f6lgelerden biri olan Mersin\u2019de, yang\u0131nlara kar\u015f\u0131 daha dayan\u0131kl\u0131 olan k\u0131z\u0131l\u00e7am a\u011f\u0131rl\u0131kl\u0131 <strong>30 bin a\u011fa\u00e7l\u0131k<\/strong> bir orman\u0131n ye\u015fermesi i\u00e7in Kas\u0131m ay\u0131nda<strong> dikim faaliyetlerinin ger\u00e7ekle\u015ftirilmesi<\/strong> planlan\u0131yor.<\/p>\n<p>Farkl\u0131 noktalara dokunan son derece kapsaml\u0131 bir s\u00fcrd\u00fcr\u00fclebilirlik stratejilerinin oldu\u011funu s\u00f6yleyen Borusan Mannesmann Genel M\u00fcd\u00fcr\u00fc Zafer Atabey, s\u00fcrd\u00fcr\u00fclebilirlik yolculuklar\u0131nda daha sa\u011flam ad\u0131mlarla ilerleyeceklerini ifade ediyor: <em>\u201cBu alanda elimizde bulunan yol haritas\u0131yla \u00f6n\u00fcm\u00fczdeki s\u00fcre\u00e7te iklim krizi ile m\u00fccadele etmek ve ekolojik dengenin korunmas\u0131na katk\u0131 sa\u011flamak i\u00e7in<strong> sera gaz\u0131 sal\u0131m\u0131n\u0131<\/strong> y\u00fczde 20 ve at\u0131k azalt\u0131m\u0131n\u0131 <strong>y\u00fczde 30<\/strong> seviyelerine getirmeyi hedefliyoruz. Sekt\u00f6r\u00fcm\u00fcz\u00fcn \u00f6nc\u00fc kurumu olman\u0131n getirdi\u011fi sorumluluk ile uzmanl\u0131k alan\u0131m\u0131z\u0131n \u00f6tesine ge\u00e7en \u00e7al\u0131\u015fmalar\u0131m\u0131zla \u00fclkemize de\u011fer katmay\u0131 s\u00fcrd\u00fcrece\u011fiz.\u201d<\/em><\/p>\n<h3><strong>Do\u011fadan ilham al\u0131p, gelece\u011fe ilham veriyor<\/strong><\/h3>\n<p>Borusan Holding ve Grup \u015firketleri s\u00fcrd\u00fcr\u00fclebilirli\u011fi i\u015f s\u00fcre\u00e7lerinin temel ta\u015f\u0131 olarak g\u00f6r\u00fcp kapsay\u0131c\u0131 bir \u015fekilde ele al\u0131rken <strong>iklim, insan<\/strong> ve <strong>inovasyon odak alanlar\u0131nda<\/strong> \u00e7al\u0131\u015fmalar\u0131n\u0131 y\u00fcr\u00fct\u00fcyor. Odak alanlar\u0131 kapsam\u0131nda <strong>toplumsal cinsiyet e\u015fitli\u011finden toplumsal faydaya, iklim krizinden biyo\u00e7e\u015fitlilik kayb\u0131na, yetkinlik kazan\u0131m\u0131ndan e\u015fit \u00e7al\u0131\u015fma \u015fartlar\u0131na, i\u015f sa\u011fl\u0131\u011f\u0131 ve g\u00fcvenli\u011finden inovasyona<\/strong> kadar bir\u00e7ok konuyu <strong>s\u00fcrd\u00fcr\u00fclebilirlik perspektifinden<\/strong> ele al\u0131rken s\u00fcrd\u00fcr\u00fclebilirli\u011fi, payda\u015f temelli bir yap\u0131lanma olarak g\u00f6r\u00fcyor ve do\u011fay\u0131 da s\u00fcre\u00e7lerimizin i\u00e7ine katarak, t\u00fcm ya\u015fam i\u00e7in <strong>\u201cfayda\u201d<\/strong> \u00fcretmek ad\u0131na \u00e7al\u0131\u015f\u0131yor.<\/p>","protected":false},"excerpt":{"rendered":"<p>Sorry, this entry is only available in Turkish. For the sake of viewer convenience, the content is shown below in the alternative language. You may click the link to switch the active language. T\u00fcrkiye \u00e7elik boru pazar\u0131n\u0131n lideri Borusan Mannesmann, s\u00fcrd\u00fcr\u00fclebilirlik alan\u0131nda \u00e7al\u0131\u015fmalar\u0131n\u0131 h\u0131zland\u0131rd\u0131. Bu konuda farkl\u0131 ba\u015fl\u0131klarda y\u00fcr\u00fctmeye ba\u015flad\u0131\u011f\u0131 projeler ve i\u015flerle hedefleri do\u011frultusunda [&hellip;]<\/p>\n","protected":false},"author":1,"featured_media":145511,"comment_status":"open","ping_status":"open","sticky":false,"template":"","format":"standard","meta":[],"categories":[51,53,52],"tags":[3119,18883,66788,98324,98325,24119,47663,1426,12308,1489,3865],"views":238,"_links":{"self":[{"href":"https:\/\/www.enerjigazetesi.ist\/en\/wp-json\/wp\/v2\/posts\/145509"}],"collection":[{"href":"https:\/\/www.enerjigazetesi.ist\/en\/wp-json\/wp\/v2\/posts"}],"about":[{"href":"https:\/\/www.enerjigazetesi.ist\/en\/wp-json\/wp\/v2\/types\/post"}],"author":[{"embeddable":true,"href":"https:\/\/www.enerjigazetesi.ist\/en\/wp-json\/wp\/v2\/users\/1"}],"replies":[{"embeddable":true,"href":"https:\/\/www.enerjigazetesi.ist\/en\/wp-json\/wp\/v2\/comments?post=145509"}],"version-history":[{"count":0,"href":"https:\/\/www.enerjigazetesi.ist\/en\/wp-json\/wp\/v2\/posts\/145509\/revisions"}],"wp:featuredmedia":[{"embeddable":true,"href":"https:\/\/www.enerjigazetesi.ist\/en\/wp-json\/wp\/v2\/media\/145511"}],"wp:attachment":[{"href":"https:\/\/www.enerjigazetesi.ist\/en\/wp-json\/wp\/v2\/media?parent=145509"}],"wp:term":[{"taxonomy":"category","embeddable":true,"href":"https:\/\/www.enerjigazetesi.ist\/en\/wp-json\/wp\/v2\/categories?post=145509"},{"taxonomy":"post_tag","embeddable":true,"href":"https:\/\/www.enerjigazetesi.ist\/en\/wp-json\/wp\/v2\/tags?post=145509"}],"curies":[{"name":"wp","href":"https:\/\/api.w.org\/{rel}","templated":true}]}}