{"id":145465,"date":"2021-11-09T12:22:21","date_gmt":"2021-11-09T09:22:21","guid":{"rendered":"https:\/\/www.enerjigazetesi.ist\/?p=145465"},"modified":"2021-11-09T12:23:02","modified_gmt":"2021-11-09T09:23:02","slug":"geri-donusum-odulleri-2021de-basvuru-tarihi-14-kasima-kadar-uzatildi","status":"publish","type":"post","link":"https:\/\/www.enerjigazetesi.ist\/en\/geri-donusum-odulleri-2021de-basvuru-tarihi-14-kasima-kadar-uzatildi\/","title":{"rendered":"(Turkish) &#8217;Geri D\u00f6n\u00fc\u015f\u00fcm \u00d6d\u00fclleri 2021&#8217;de Ba\u015fvuru Tarihi 14 Kas\u0131m\u2019a Kadar Uzat\u0131ld\u0131"},"content":{"rendered":"<p class=\"qtranxs-available-languages-message qtranxs-available-languages-message-en\">Sorry, this entry is only available in <a href=\"https:\/\/www.enerjigazetesi.ist\/tr\/wp-json\/wp\/v2\/posts\/145465\" class=\"qtranxs-available-language-link qtranxs-available-language-link-tr\" title=\"Turkish\">Turkish<\/a>. For the sake of viewer convenience, the content is shown below in the alternative language. You may click the link to switch the active language.<\/p><p><\/p>\n<h2>Geri D\u00f6n\u00fc\u015f\u00fcm \u00d6d\u00fclleri 2021&#8217;in ba\u015fvurular\u0131 14 Kas\u0131m 2021&#8217;e kadar devam ediyor. Farkl\u0131 alanlarda \u00f6nemli de\u011ferler yaratm\u0131\u015f j\u00fcri \u00fcyeleri taraf\u0131ndan incelenecek geri d\u00f6n\u00fc\u015f\u00fcm odakl\u0131 projelere 9 farkl\u0131 kategoride \u00f6d\u00fcller verilecek.<\/h2>\n<p><strong>D\u00dcNYA EKO Grubu<\/strong> b\u00fcnyesinde yay\u0131nlanan <strong>\u0130yilik &amp; Sa\u011fl\u0131k Olsun Dergisi<\/strong> taraf\u0131ndan, s\u00fcrd\u00fcr\u00fclebilir bir ya\u015fam i\u00e7in <strong>geri d\u00f6n\u00fc\u015f\u00fcm oda\u011f\u0131nda<\/strong> de\u011fer yaratan projeler ile \u00e7al\u0131\u015fmalar\u0131 \u00f6d\u00fcllendirmek ve \u00f6rnek g\u00f6stermek amac\u0131yla d\u00fczenlenen <strong>Geri D\u00f6n\u00fc\u015f\u00fcm \u00d6d\u00fclleri 2021<\/strong>&#8216;e son <img loading=\"lazy\" class=\"alignright wp-image-145467\" src=\"https:\/\/www.enerjigazetesi.ist\/wp-content\/uploads\/2021\/11\/geri-donusum-odulleri-2021de-basvuru-tarihi-14-kasima-kadar-uzatildi.png\" alt=\"\" width=\"320\" height=\"221\" srcset=\"https:\/\/www.enerjigazetesi.ist\/wp-content\/uploads\/2021\/11\/geri-donusum-odulleri-2021de-basvuru-tarihi-14-kasima-kadar-uzatildi.png 933w, https:\/\/www.enerjigazetesi.ist\/wp-content\/uploads\/2021\/11\/geri-donusum-odulleri-2021de-basvuru-tarihi-14-kasima-kadar-uzatildi-300x207.png 300w, https:\/\/www.enerjigazetesi.ist\/wp-content\/uploads\/2021\/11\/geri-donusum-odulleri-2021de-basvuru-tarihi-14-kasima-kadar-uzatildi-768x531.png 768w, https:\/\/www.enerjigazetesi.ist\/wp-content\/uploads\/2021\/11\/geri-donusum-odulleri-2021de-basvuru-tarihi-14-kasima-kadar-uzatildi-500x346.png 500w, https:\/\/www.enerjigazetesi.ist\/wp-content\/uploads\/2021\/11\/geri-donusum-odulleri-2021de-basvuru-tarihi-14-kasima-kadar-uzatildi-72x50.png 72w\" sizes=\"(max-width: 320px) 100vw, 320px\" \/>ba\u015fvuru tarihi <strong>14 Kas\u0131m 2021.<\/strong><\/p>\n<p><strong>\u0130novasyon, Ar-Ge, Tasar\u0131m, Sosyal Giri\u015fim, K\u00fclt\u00fcr-Sanat, Bireysel Giri\u015fim, \u00dcniversite, STK<\/strong> ve <strong>Y\u00fckselen Y\u0131ld\u0131z<\/strong> kategorilerinde verilecek \u00f6d\u00fcller, <strong>07 Aral\u0131k 2021<\/strong>&#8216;de <strong>Pera Palace Hotel<\/strong>&#8216;de ger\u00e7ekle\u015fecek t\u00f6rende sahibini bulacak.<\/p>\n<p>Oyuncu <strong>A\u00e7elya Akkoyun<\/strong>&#8216;un sunuculuk yapaca\u011f\u0131 \u00f6d\u00fcl t\u00f6reninde, modac\u0131<strong> M\u00fcesser Kurt<\/strong> mini bir defile sahneye koyarken, \u00fcnl\u00fc tasar\u0131mc\u0131lar\u0131n <strong>geri d\u00f6n\u00fc\u015f\u00fcm \u00fcr\u00fcnleri<\/strong> de etkinlik alan\u0131nda sergilenecek.<\/p>\n<p><strong>Geri D\u00f6n\u00fc\u015f\u00fcm \u00d6d\u00fclleri 2021<\/strong> j\u00fcrisinde yer alan isimler ise \u015f\u00f6yle: <em>Bu\u011fday Derne\u011fi Y\u00f6netim Kurulu Ba\u015fkan\u0131 Leyla Aslan, Marjinal Porter Novelli Y\u00f6netim Kurulu Ba\u015fkan\u0131 Asuman Bayrak, Sivil Toplum G\u00f6n\u00fcll\u00fcs\u00fc \u0130brahim Betil, Ad\u0131m Ad\u0131m Platformu kurucusu ve Bilgi \u00dcniversitesi \u0130leti\u015fim Fak\u00fcltesi \u00d6\u011fretim G\u00f6revlisi It\u0131r Erhart, \u00c7EVKO Vakf\u0131 Genel Sekreteri Mete \u0130mer, Do\u011fa ve \u00c7evre Programlar\u0131 Yap\u0131mc\u0131s\u0131 G\u00fcven \u0130slamo\u011flu, Bo\u011fazi\u00e7i \u00dcniversitesi \u0130klim De\u011fi\u015fikli\u011fi ve Politikalar\u0131 Uygulama ve Ara\u015ft\u0131rma Merkezi M\u00fcd\u00fcr\u00fc Prof. M. Levent Kurnaz, Etki Yat\u0131r\u0131m\u0131 Dan\u0131\u015fma Kurulu Ba\u015fkan\u0131 \u015eafak M\u00fcderrisgil, Akdeniz \u00dcniversitesi \u00c7evre Sorunlar\u0131 Ara\u015ft\u0131rma ve Uygulama Merkez M\u00fcd\u00fcr\u00fc Prof. Dr. \u015eule Orman, UNDP T\u00fcrkiye \u0130klim De\u011fi\u015fikli\u011fi ve \u00c7evre Portf\u00f6y Y\u00f6neticisi Nuri \u00d6zba\u011fdatl\u0131, \u00c7evre TV Kurucu Orta\u011f\u0131 ve peyzaj mimar\u0131 Din\u00e7er Sivri, T\u00fcrkiye Belediyeler Birli\u011fi Ba\u015fkan\u0131 Fatma \u015eahin.<\/em><\/p>\n<p><strong>Geri d\u00f6n\u00fc\u015f\u00fcm<\/strong> alan\u0131nda hayata ge\u00e7irilen \u00e7al\u0131\u015fmalar ile<strong> GER\u0130 D\u00d6N\u00dc\u015e\u00dcM \u00d6D\u00dcLLER\u0130 2021<\/strong>&#8216;e ba\u015fvuru i\u00e7in: <a href=\"https:\/\/www.iyiliksaglikolsun.com\/geridonusumodulformu\" target=\"_blank\" rel=\"noopener\">https:\/\/www.iyiliksaglikolsun.com\/geridonusumodulformu<\/a> adresini ziyaret edebilirsiniz.<\/p>","protected":false},"excerpt":{"rendered":"<p>Sorry, this entry is only available in Turkish. For the sake of viewer convenience, the content is shown below in the alternative language. You may click the link to switch the active language. Geri D\u00f6n\u00fc\u015f\u00fcm \u00d6d\u00fclleri 2021&#8217;in ba\u015fvurular\u0131 14 Kas\u0131m 2021&#8217;e kadar devam ediyor. Farkl\u0131 alanlarda \u00f6nemli de\u011ferler yaratm\u0131\u015f j\u00fcri \u00fcyeleri taraf\u0131ndan incelenecek geri d\u00f6n\u00fc\u015f\u00fcm [&hellip;]<\/p>\n","protected":false},"author":1,"featured_media":145467,"comment_status":"open","ping_status":"open","sticky":false,"template":"","format":"standard","meta":[],"categories":[53,52],"tags":[97163,2529,97160,97159,97162],"views":180,"_links":{"self":[{"href":"https:\/\/www.enerjigazetesi.ist\/en\/wp-json\/wp\/v2\/posts\/145465"}],"collection":[{"href":"https:\/\/www.enerjigazetesi.ist\/en\/wp-json\/wp\/v2\/posts"}],"about":[{"href":"https:\/\/www.enerjigazetesi.ist\/en\/wp-json\/wp\/v2\/types\/post"}],"author":[{"embeddable":true,"href":"https:\/\/www.enerjigazetesi.ist\/en\/wp-json\/wp\/v2\/users\/1"}],"replies":[{"embeddable":true,"href":"https:\/\/www.enerjigazetesi.ist\/en\/wp-json\/wp\/v2\/comments?post=145465"}],"version-history":[{"count":0,"href":"https:\/\/www.enerjigazetesi.ist\/en\/wp-json\/wp\/v2\/posts\/145465\/revisions"}],"wp:featuredmedia":[{"embeddable":true,"href":"https:\/\/www.enerjigazetesi.ist\/en\/wp-json\/wp\/v2\/media\/145467"}],"wp:attachment":[{"href":"https:\/\/www.enerjigazetesi.ist\/en\/wp-json\/wp\/v2\/media?parent=145465"}],"wp:term":[{"taxonomy":"category","embeddable":true,"href":"https:\/\/www.enerjigazetesi.ist\/en\/wp-json\/wp\/v2\/categories?post=145465"},{"taxonomy":"post_tag","embeddable":true,"href":"https:\/\/www.enerjigazetesi.ist\/en\/wp-json\/wp\/v2\/tags?post=145465"}],"curies":[{"name":"wp","href":"https:\/\/api.w.org\/{rel}","templated":true}]}}