{"id":145376,"date":"2021-11-06T22:45:38","date_gmt":"2021-11-06T19:45:38","guid":{"rendered":"https:\/\/www.enerjigazetesi.ist\/?p=145376"},"modified":"2021-11-06T22:45:38","modified_gmt":"2021-11-06T19:45:38","slug":"turkiye-2023-zirvesi-ve-para-sohbetleri-gerceklestirildi","status":"publish","type":"post","link":"https:\/\/www.enerjigazetesi.ist\/en\/turkiye-2023-zirvesi-ve-para-sohbetleri-gerceklestirildi\/","title":{"rendered":"(Turkish) T\u00fcrkiye 2023 Zirvesi ve Para Sohbetleri Ger\u00e7ekle\u015ftirildi"},"content":{"rendered":"<p class=\"qtranxs-available-languages-message qtranxs-available-languages-message-en\">Sorry, this entry is only available in <a href=\"https:\/\/www.enerjigazetesi.ist\/tr\/wp-json\/wp\/v2\/posts\/145376\" class=\"qtranxs-available-language-link qtranxs-available-language-link-tr\" title=\"Turkish\">Turkish<\/a>. For the sake of viewer convenience, the content is shown below in the alternative language. You may click the link to switch the active language.<\/p><p><\/p>\n<h2><strong>T\u00fcrkiye 2023 Zirvesi ve Para Sohbetleri\u2019nde, Biotrend Enerji yat\u0131r\u0131mlar\u0131n\u0131 ve hedeflerini anlatt\u0131.<\/strong><\/h2>\n<p>Biotrend Enerji Y\u00f6netim Kurulu \u00dcyesi <strong>Salih Tuncer Mutlucan<\/strong>, Turkuvaz Medya Grubu\u2019nun ev sahipli\u011finde d\u00fczenlenen, <strong>T\u00fcrkiye 2023 Zirvesi ve Para Sohbetleri- \u00c7evre Dostu \u015eehirler Paneli<\/strong>\u2019ne konu\u015fmac\u0131 olarak kat\u0131ld\u0131. <strong>Cumhurba\u015fkan\u0131 Recep Tayyip Erdo\u011fan<\/strong>\u2019\u0131n a\u00e7\u0131l\u0131\u015f konu\u015fmas\u0131n\u0131 <img loading=\"lazy\" class=\"alignright wp-image-145378\" src=\"https:\/\/www.enerjigazetesi.ist\/wp-content\/uploads\/2021\/11\/turkiye-2023-zirvesi-ve-para-sohbetleri-gerceklestirildi-1.jpg\" alt=\"\" width=\"320\" height=\"214\" srcset=\"https:\/\/www.enerjigazetesi.ist\/wp-content\/uploads\/2021\/11\/turkiye-2023-zirvesi-ve-para-sohbetleri-gerceklestirildi-1.jpg 550w, https:\/\/www.enerjigazetesi.ist\/wp-content\/uploads\/2021\/11\/turkiye-2023-zirvesi-ve-para-sohbetleri-gerceklestirildi-1-300x200.jpg 300w, https:\/\/www.enerjigazetesi.ist\/wp-content\/uploads\/2021\/11\/turkiye-2023-zirvesi-ve-para-sohbetleri-gerceklestirildi-1-500x334.jpg 500w, https:\/\/www.enerjigazetesi.ist\/wp-content\/uploads\/2021\/11\/turkiye-2023-zirvesi-ve-para-sohbetleri-gerceklestirildi-1-75x50.jpg 75w, https:\/\/www.enerjigazetesi.ist\/wp-content\/uploads\/2021\/11\/turkiye-2023-zirvesi-ve-para-sohbetleri-gerceklestirildi-1-450x300.jpg 450w\" sizes=\"(max-width: 320px) 100vw, 320px\" \/>yapt\u0131\u011f\u0131 panelin kat\u0131l\u0131mc\u0131lar\u0131 aras\u0131nda, bakanlar ve belediye ba\u015fkanlar\u0131 da yer ald\u0131.<\/p>\n<p><span style=\"text-decoration: underline;\">\u00c7evre Dostu \u015eehirler Paneli\u2019nde;<\/span> enerji \u015firketlerinin faaliyetleri, belediyelerle yap\u0131lan i\u015f birlikleri, gelecek planlar\u0131 ve \u00e7\u00f6pten elektrik \u00fcretiminin \u00e7evreye olan katk\u0131lar\u0131 konu\u015fuldu. Panelde, Biotrend Enerji\u2019nin alternatif elektrik \u00fcretmek i\u00e7in yapt\u0131\u011f\u0131 \u00e7al\u0131\u015fmalar\u0131 ve yat\u0131r\u0131mlar\u0131 anlatan Mutlucan,\u00a0Biotrend Enerji b\u00fcnyesinde artmaya devam eden ve \u00e7evreye zarar veren at\u0131klar\u0131n i\u015flenerek; <strong>temiz enerji, ekonomiye geri kazan\u0131m, istihdam, \u00fclkeye ve belediyelere deste\u011fe \u00e7evrildi\u011fini<\/strong> belirtirken, tesislerin d\u00f6ng\u00fcsel ekonomiye olan katk\u0131s\u0131n\u0131 da dile getirdi. \u0130deal kentlerin, kendi kaynaklar\u0131n\u0131 kulland\u0131\u011f\u0131n\u0131 ve fosil yak\u0131tlar d\u0131\u015f\u0131ndaki enerji kaynaklar\u0131ndan yararlanmalar\u0131na da de\u011finen Mutlucan,\u00a0s\u00fcrd\u00fcr\u00fclebilir bir kentsel gelece\u011fe giden esas yolun, <strong>entegre kat\u0131 at\u0131k y\u00f6netimi ve geri d\u00f6n\u00fc\u015f\u00fcm tesislerinden<\/strong> ge\u00e7ti\u011fine de de\u011findi. Bu tesislerin bir yandan \u00e7evre dostu kimlikleri ile do\u011fay\u0131 koruyarak \u015fehirlerin ya\u015fanabilir kalmas\u0131n\u0131 sa\u011flad\u0131\u011f\u0131n\u0131, di\u011fer yandan <strong>\u00f6dedikleri kira bedelleri<\/strong> ve <strong>yaratt\u0131klar\u0131 istihdam<\/strong> ile belediyelerin \u00f6nemli payda\u015flar\u0131ndan biri olduklar\u0131n\u0131n alt\u0131n\u0131 \u00e7izdi.<\/p>\n<h3><strong>Salih Tuncer Mutlucan; \u201cBelediyeler en \u00f6nemli payda\u015f\u0131m\u0131zd\u0131r.\u201d<\/strong><\/h3>\n<p>Biotrend Enerji\u2019nin belediyelerle olan \u00e7al\u0131\u015fmalar\u0131n\u0131 anlatan Mutlucan, <em>\u201c<strong>Belediyelerimizin 2886 say\u0131l\u0131 Devlet \u0130hale Kanunu<\/strong>\u2019na g\u00f6re a\u00e7t\u0131\u011f\u0131 ihalelerde, teknik ve idari \u015fartnamelerde belirtilen \u00f6zellikleri ta\u015f\u0131yan \u015firketler ile yar\u0131\u015f\u0131yoruz. \u0130haleyi kazand\u0131\u011f\u0131m\u0131z zaman,<strong> yap-i\u015flet<\/strong> veya <strong>yap i\u015flet devret modeli<\/strong> ile modern tesisler kuruyoruz.\u201d dedi. S\u00f6zlerine, \u201cBelediye ile i\u015f birliklerimiz uzun s\u00fcreli s\u00f6zle\u015fmeler \u015feklinde olmaktad\u0131r. Bu s\u00f6zle\u015fmeler detayl\u0131 olarak haz\u0131rlanmakta ve genelde <strong>15 y\u0131l<\/strong> ila <strong>29 y\u0131l<\/strong> aras\u0131nda de\u011fi\u015fik vadeler g\u00f6stermektedir. <strong>Yap i\u015flet devret modeli<\/strong> ile yap\u0131lan tesislerde; belediyeler ad\u0131na bu yat\u0131r\u0131mlar\u0131 yaparak, kendilerine <strong>sabit<\/strong> veya<strong> ciroya orant\u0131l\u0131<\/strong> bir <strong>kira bedeli<\/strong> \u00f6denmektedir.\u201d<\/em> \u015feklinde devam etti.<\/p>\n<h3><strong>Biotrend Enerji, at\u0131k y\u00f6netiminde, b\u00f6lgesel ve k\u00fcresel bir marka olma yolunda hedeflerini belirledi.<\/strong><\/h3>\n<p><strong>At\u0131k y\u00f6netimi<\/strong>ndeki \u00e7al\u0131\u015fmalar\u0131n de\u011ferlendirildi\u011fi panelde, Biotrend Enerji\u2019nin hedeflerini anlatan Salih Tuncer Mutlucan; Biotrend Enerji\u2019nin bug\u00fcn, <strong>15<\/strong> biyogaz, <strong>2<\/strong> biyok\u00fctle, <strong>1 at\u0131k yak\u0131t haz\u0131rlama<\/strong> ve tedarik olmak \u00fczere, <strong>6<\/strong> b\u00f6lge ve <strong>11<\/strong> ilde toplam<strong> 18<\/strong> tesisinin bulundu\u011funu belirtti. At\u0131\u011f\u0131n, i\u015flenecek bir m\u00fccevher oldu\u011fu benzetmesini yapan Mutlucan, s\u00f6zlerine \u015f\u00f6yle devam etti<em> \u201cAt\u0131\u011f\u0131 u\u00e7tan uca i\u015fleyece\u011fimiz, organik maddeleri de\u011ferlendirece\u011fimiz, geri d\u00f6n\u00fc\u015f\u00fcm malzemelerini ekonomiye geri kazand\u0131raca\u011f\u0131m\u0131z, yanabilir maddeleri hacim azaltmak ve enerji \u00fcretiminde kullanmak i\u00e7in yak\u0131ta \u00e7evirdi\u011fimiz bu sistemin, de\u011fer zincirini yeni \u00fcr\u00fcnlerle art\u0131rmak gayretindeyiz. Biyogaz olarak <strong>110.43 MWe<\/strong> ve <strong>43.6 MWe<\/strong> biyok\u00fctle olmak \u00fczere sahip oldu\u011fumuz lisanslar\u0131n toplam g\u00fcc\u00fc <strong>150 MW<\/strong> \u00fczerindedir. Bu rakam\u0131n <strong>180 MW<\/strong>\u2019lar mertebesine ula\u015fmas\u0131n\u0131 hedefliyoruz. <strong>Entegre Kat\u0131 At\u0131k Y\u00f6netimi<\/strong>ni ger\u00e7ekle\u015ftirdi\u011fimiz biyogaz tesislerimizde; mekanik ayr\u0131\u015ft\u0131rma, <strong>ATY (At\u0131ktan T\u00fcretilmi\u015f Yak\u0131t)<\/strong>, biyomethanizasyon, kompost, at\u0131l \u0131s\u0131dan faydaland\u0131\u011f\u0131m\u0131z sera yat\u0131r\u0131mlar\u0131m\u0131z ve d\u00fczenli depolama alanlar\u0131 ve deponi gaz\u0131 toplama alt tesisleri bulunmakta. Bu tesislerde <strong>evsel at\u0131ktan biyobozunma yolu<\/strong> ile olu\u015fan metan gaz\u0131n\u0131n motorlarda yak\u0131lmas\u0131 suretiyle de elektrik \u00fcretimi yap\u0131lmakta. <strong>Biyok\u00fctle yakma tesisleri<\/strong>miz de ise, <strong>Organize Sanayi B\u00f6lgeleri<\/strong> i\u00e7inde yer alarak; orman at\u0131klar\u0131, tar\u0131msal at\u0131klar ve ATY\u2019nin yak\u0131lmas\u0131 ile enerji \u00fcretimi yap\u0131yoruz. Bu sayede y\u0131lda <strong>2,5 milyon ton<\/strong> civar\u0131 karbon emisyonunu tolere ederek <strong>s\u00fcrd\u00fcr\u00fclebilir ekonominin<\/strong> devaml\u0131l\u0131\u011f\u0131n\u0131 sa\u011flam\u0131\u015f oluyoruz. Biotrend Enerji olarak, sadece b\u00f6lgesel olarak de\u011fil, ayn\u0131 zamanda yurt d\u0131\u015f\u0131nda da benzer faaliyetler i\u00e7in hedeflerimizi koyduk. Bilgi birikimi ve deneyimimizi yurt d\u0131\u015f\u0131na da ta\u015f\u0131mak ad\u0131na i\u015f geli\u015ftirme \u00e7al\u0131\u015fmalar\u0131m\u0131z devam etmekte.\u201d<\/em><\/p>","protected":false},"excerpt":{"rendered":"<p>Sorry, this entry is only available in Turkish. For the sake of viewer convenience, the content is shown below in the alternative language. You may click the link to switch the active language. T\u00fcrkiye 2023 Zirvesi ve Para Sohbetleri\u2019nde, Biotrend Enerji yat\u0131r\u0131mlar\u0131n\u0131 ve hedeflerini anlatt\u0131. Biotrend Enerji Y\u00f6netim Kurulu \u00dcyesi Salih Tuncer Mutlucan, Turkuvaz Medya [&hellip;]<\/p>\n","protected":false},"author":1,"featured_media":145379,"comment_status":"open","ping_status":"open","sticky":false,"template":"","format":"standard","meta":[],"categories":[22893,51,53],"tags":[3119,87594,98276,98275,532,46519,98274,98273,39393],"views":678,"_links":{"self":[{"href":"https:\/\/www.enerjigazetesi.ist\/en\/wp-json\/wp\/v2\/posts\/145376"}],"collection":[{"href":"https:\/\/www.enerjigazetesi.ist\/en\/wp-json\/wp\/v2\/posts"}],"about":[{"href":"https:\/\/www.enerjigazetesi.ist\/en\/wp-json\/wp\/v2\/types\/post"}],"author":[{"embeddable":true,"href":"https:\/\/www.enerjigazetesi.ist\/en\/wp-json\/wp\/v2\/users\/1"}],"replies":[{"embeddable":true,"href":"https:\/\/www.enerjigazetesi.ist\/en\/wp-json\/wp\/v2\/comments?post=145376"}],"version-history":[{"count":0,"href":"https:\/\/www.enerjigazetesi.ist\/en\/wp-json\/wp\/v2\/posts\/145376\/revisions"}],"wp:featuredmedia":[{"embeddable":true,"href":"https:\/\/www.enerjigazetesi.ist\/en\/wp-json\/wp\/v2\/media\/145379"}],"wp:attachment":[{"href":"https:\/\/www.enerjigazetesi.ist\/en\/wp-json\/wp\/v2\/media?parent=145376"}],"wp:term":[{"taxonomy":"category","embeddable":true,"href":"https:\/\/www.enerjigazetesi.ist\/en\/wp-json\/wp\/v2\/categories?post=145376"},{"taxonomy":"post_tag","embeddable":true,"href":"https:\/\/www.enerjigazetesi.ist\/en\/wp-json\/wp\/v2\/tags?post=145376"}],"curies":[{"name":"wp","href":"https:\/\/api.w.org\/{rel}","templated":true}]}}