{"id":145350,"date":"2021-11-06T15:29:57","date_gmt":"2021-11-06T12:29:57","guid":{"rendered":"https:\/\/www.enerjigazetesi.ist\/?p=145350"},"modified":"2021-11-06T15:38:08","modified_gmt":"2021-11-06T12:38:08","slug":"15-kurum-dan-ortak-aciklama-yapildi","status":"publish","type":"post","link":"https:\/\/www.enerjigazetesi.ist\/en\/15-kurum-dan-ortak-aciklama-yapildi\/","title":{"rendered":"(Turkish) 15 Kurum&#8217;dan COP26&#8217;ya Y\u00f6nelik Ortak A\u00e7\u0131klama Yap\u0131ld\u0131"},"content":{"rendered":"<p class=\"qtranxs-available-languages-message qtranxs-available-languages-message-en\">Sorry, this entry is only available in <a href=\"https:\/\/www.enerjigazetesi.ist\/tr\/wp-json\/wp\/v2\/posts\/145350\" class=\"qtranxs-available-language-link qtranxs-available-language-link-tr\" title=\"Turkish\">Turkish<\/a>. For the sake of viewer convenience, the content is shown below in the alternative language. You may click the link to switch the active language.<\/p><p><\/p>\n<h2>BM \u0130klim De\u011fi\u015fikli\u011fi 26. Taraflar Toplant\u0131s\u0131\u2019nda (<strong>COP26<\/strong>) ilk hafta tamamlan\u0131rken sera gaz\u0131 emisyonlar\u0131na en fazla katk\u0131 yapan k\u00f6m\u00fcr kullan\u0131m\u0131n\u0131 b\u0131rakmaya y\u00f6nelik ad\u0131mlar ard arda gelmeye devam ediyor. Ancak Paris \u0130klim Anla\u015fmas\u0131\u2019n\u0131 onaylayan T\u00fcrkiye\u2019den ise k\u00f6m\u00fcrden \u00e7\u0131k\u0131\u015fa dair hi\u00e7bir a\u00e7\u0131klama yok.<\/h2>\n<p><strong>COP26\u2019ya<\/strong> ev sahipli\u011fi yapan <strong>Birle\u015fik Krall\u0131k<\/strong>\u2019\u0131n toplant\u0131daki ana hedefi <strong>\u2018\u2018k\u00f6m\u00fcr\u00fc ge\u00e7mi\u015fte b\u0131rakmak\u2019\u2019<\/strong>t\u0131.<\/p>\n<p>Konferans\u0131n ilk haftas\u0131nda <strong>46 \u00fclke<\/strong>, <em><a href=\"https:\/\/ukcop26.org\/global-coal-to-clean-power-transition-statement\/\">\u2018\u2018K\u00f6m\u00fcrden Temiz Enerjiye K\u00fcresel Ge\u00e7i\u015f Deklarasyonu\u2019\u2019<\/a><\/em> yay\u0131mlayarak <strong>yeni k\u00f6m\u00fcr yat\u0131r\u0131mlar\u0131n\u0131<\/strong> sonland\u0131rmak,<strong> temiz elektrik \u00fcretimini<\/strong> h\u0131zland\u0131rmak, <img loading=\"lazy\" class=\"alignright wp-image-145355\" src=\"https:\/\/www.enerjigazetesi.ist\/wp-content\/uploads\/2021\/11\/15-kurum-dan-ortak-aciklama-yapildi.jpeg\" alt=\"\" width=\"320\" height=\"209\" srcset=\"https:\/\/www.enerjigazetesi.ist\/wp-content\/uploads\/2021\/11\/15-kurum-dan-ortak-aciklama-yapildi.jpeg 576w, https:\/\/www.enerjigazetesi.ist\/wp-content\/uploads\/2021\/11\/15-kurum-dan-ortak-aciklama-yapildi-300x196.jpeg 300w, https:\/\/www.enerjigazetesi.ist\/wp-content\/uploads\/2021\/11\/15-kurum-dan-ortak-aciklama-yapildi-500x327.jpeg 500w, https:\/\/www.enerjigazetesi.ist\/wp-content\/uploads\/2021\/11\/15-kurum-dan-ortak-aciklama-yapildi-76x50.jpeg 76w\" sizes=\"(max-width: 320px) 100vw, 320px\" \/>elektrik \u00fcretiminde<strong> k\u00f6m\u00fcrden \u00e7\u0131kmak<\/strong> ve bu d\u00f6n\u00fc\u015f\u00fcmden etkilenecek <strong>k\u00f6m\u00fcr i\u015f\u00e7ileri<\/strong> ve <strong>b\u00f6lgelerini<\/strong> g\u00f6zetmek taahh\u00fcd\u00fcnde bulundu. Deklarasyona en \u00e7ok k\u00f6m\u00fcr kullanan \u00fclkelerden <strong>G\u00fcney Kore, Endonezya<\/strong> ve<strong> Vietnam<\/strong> da imza atarak ilk kez <strong>k\u00f6m\u00fcr\u00fc kullan\u0131mdan kald\u0131rma<\/strong> ve(ya)<strong> yeni k\u00f6m\u00fcr santrali in\u015fa etmeme <\/strong>s\u00f6z\u00fc vermi\u015f oldu.<\/p>\n<p>Toplant\u0131da ayn\u0131 zamanda <strong>25 \u00fclke<\/strong> ve kamu bankas\u0131 art\u0131k <strong>fosil yak\u0131t projelerini desteklemeyi<\/strong> b\u0131rak\u0131p <strong>yenilenebilir enerji projelerine finansman<\/strong> ve<strong> destek<\/strong> sa\u011flayaca\u011f\u0131n\u0131 <a href=\"https:\/\/ukcop26.org\/statement-on-international-public-support-for-the-clean-energy-transition\/\">a\u00e7\u0131klad\u0131.<\/a> <a href=\"https:\/\/ec.europa.eu\/commission\/presscorner\/detail\/en\/IP_21_5768\">G\u00fcney Afrika\u2019yla imzalanan<\/a> <strong>8,5 milyar dolarl\u0131k<\/strong> adil d\u00f6n\u00fc\u015f\u00fcm fonu ve <a href=\"https:\/\/www.climateinvestmentfunds.org\/topics\/accelerating-coal-transition\">\u0130klim Yat\u0131r\u0131m Fonu<\/a> ve\u00a0 <a href=\"https:\/\/ihsmarkit.com\/research-analysis\/asian-development-bank-wins-690-million-in-funding-for-asean-g.html\">Asya Kalk\u0131nma Bankas\u0131 <\/a>gibi finansal kurumlar\u0131n <strong>k\u00f6m\u00fcrden erken \u00e7\u0131k\u0131\u015f mekanizmalar\u0131<\/strong> i\u00e7in ay\u0131raca\u011f\u0131 fonlarda iddial\u0131 art\u0131\u015f taahh\u00fctleri, k\u00f6m\u00fcrden \u00e7\u0131k\u0131\u015f hedefi koyan <strong>\u00fclkelerin finansman kaynaklar\u0131na eri\u015fimi<\/strong> konusunda da destek g\u00f6rece\u011fini g\u00f6steriyor.<\/p>\n<p><span style=\"text-decoration: underline;\">T\u00fcrkiye ise sessizli\u011fini koruyor;<\/span> ne <strong>yeni k\u00f6m\u00fcrl\u00fc termik santral<\/strong> yapmayaca\u011f\u0131na,<strong> ne de k\u00f6m\u00fcrden \u00e7\u0131k\u0131\u015f tarihine<\/strong> dair bir a\u00e7\u0131klama yapt\u0131.<\/p>\n<p>A\u015fa\u011f\u0131da imzas\u0131 bulunan kurumlar, <strong>Paris \u0130klim Anla\u015fmas\u0131<\/strong>\u2019n\u0131 onaylayan ve <strong>2053<\/strong> i\u00e7in <strong>net s\u0131f\u0131r karbon hedefi<\/strong>ni a\u00e7\u0131klayan T\u00fcrkiye\u2019nin atmas\u0131 gereken<strong> en h\u0131zl\u0131<\/strong> ve <strong>ger\u00e7ek\u00e7i ad\u0131m\u0131n<\/strong> k\u00f6m\u00fcr\u00fc en ge\u00e7 2030 y\u0131l\u0131na kadar <strong>elektrik sisteminden \u00e7\u0131karmak<\/strong> oldu\u011fu konusunda hemfikir.<\/p>\n<p>Ge\u00e7ti\u011fimiz g\u00fcnlerde yay\u0131mlanan <a href=\"https:\/\/sefia.org\/wp-content\/uploads\/2020\/09\/komurden-cikis-2030-min.pdf\"><strong>\u2018\u2018Karbon N\u00f6tr T\u00fcrkiye Yolunda \u0130lk Ad\u0131m: K\u00f6m\u00fcrden \u00c7\u0131k\u0131\u015f 2030\u2019\u2019<\/strong><\/a> raporuna g\u00f6re mevcut k\u00f6m\u00fcr te\u015fviklerinin kald\u0131r\u0131lmas\u0131 ve<strong> \u2018\u2018kirleten \u00f6der\u2019\u2019 ilkesi<\/strong> \u00e7er\u00e7evesinde karbon emisyonunun fiyatland\u0131r\u0131lmas\u0131 ile en ge\u00e7 <strong>2030 y\u0131l\u0131na kadar<\/strong> k\u00f6m\u00fcrden \u00e7\u0131k\u0131\u015f do\u011fal seyrinde ger\u00e7ekle\u015febilecek.<\/p>\n<p>T\u00fcrkiye<strong> 2053 net s\u0131f\u0131r hedefi<\/strong>nde kararl\u0131ysa k\u00f6m\u00fcrden \u00e7\u0131k\u0131\u015f tarihi a\u00e7\u0131klamak zorunda; \u00e7\u00fcnk\u00fc s\u00f6z konusu rapor g\u00f6steriyor ki <strong>mevcut politikalarla<\/strong> bu hedefi yakalamas\u0131 imkans\u0131z. T\u00fcrkiye <strong>k\u00f6m\u00fcrden \u00e7\u0131k\u0131\u015f tarihini<\/strong> belirleyip k\u00fcresel i\u015fbirliklerine ne kadar erken kat\u0131l\u0131rsa, bu s\u00fcre\u00e7 toplumun geneli i\u00e7in o kadar kazan\u00e7l\u0131 olacak.<\/p>\n<p>\u0130mzas\u0131 bulunan kurumlar, T\u00fcrkiye\u2019nin <strong>COP26<\/strong> bitmeden <strong>yeni k\u00f6m\u00fcrl\u00fc termik santral yapmayaca\u011f\u0131n\u0131<\/strong> ve <strong>k\u00f6m\u00fcrden \u00e7\u0131k\u0131\u015f tarihini<\/strong> a\u00e7\u0131klamas\u0131n\u0131 talep ediyor.<\/p>\n<h3><strong>\u0130mzac\u0131 kurumlar:<\/strong><\/h3>\n<p>Avrupa \u0130klim Eylem A\u011f\u0131 (CAN Europe)<\/p>\n<p>Bilim Vir\u00fcs\u00fc \u0130klim \u00d6nc\u00fcleri<\/p>\n<p>Bu\u011fday Ekolojik Ya\u015fam\u0131 Destekleme Derne\u011fi<\/p>\n<p>EKOSFER<\/p>\n<p>Fridays For Future T\u00fcrkiye<\/p>\n<p>Greenpeace Akdeniz<\/p>\n<p>\u0130klim De\u011fi\u015fikli\u011fi Politika ve Ara\u015ft\u0131rma Derne\u011fi<\/p>\n<p>K\u00f6m\u00fcr\u00fcn \u00d6tesinde Avrupa (Europe Beyond Coal)<\/p>\n<p>Sa\u011fl\u0131k ve \u00c7evre Birli\u011fi (HEAL)<\/p>\n<p>S\u00fcrd\u00fcr\u00fclebilir Ekonomi ve Finans Ara\u015ft\u0131rmalar\u0131 Derne\u011fi (SEFiA)<\/p>\n<p>WWF-T\u00fcrkiye (Do\u011fal Hayat\u0131 Koruma Vakf\u0131)<\/p>\n<p>Ye\u015fil D\u00fc\u015f\u00fcnce Derne\u011fi<\/p>\n<p>Youth for Climate T\u00fcrkiye<\/p>\n<p>Yuva Derne\u011fi<\/p>\n<p>350.org<\/p>","protected":false},"excerpt":{"rendered":"<p>Sorry, this entry is only available in Turkish. For the sake of viewer convenience, the content is shown below in the alternative language. You may click the link to switch the active language. BM \u0130klim De\u011fi\u015fikli\u011fi 26. Taraflar Toplant\u0131s\u0131\u2019nda (COP26) ilk hafta tamamlan\u0131rken sera gaz\u0131 emisyonlar\u0131na en fazla katk\u0131 yapan k\u00f6m\u00fcr kullan\u0131m\u0131n\u0131 b\u0131rakmaya y\u00f6nelik ad\u0131mlar [&hellip;]<\/p>\n","protected":false},"author":1,"featured_media":145355,"comment_status":"open","ping_status":"open","sticky":false,"template":"","format":"standard","meta":[],"categories":[53,52,24649],"tags":[98270,98269,98268,87472,2660,85812,27449,98271],"views":193,"_links":{"self":[{"href":"https:\/\/www.enerjigazetesi.ist\/en\/wp-json\/wp\/v2\/posts\/145350"}],"collection":[{"href":"https:\/\/www.enerjigazetesi.ist\/en\/wp-json\/wp\/v2\/posts"}],"about":[{"href":"https:\/\/www.enerjigazetesi.ist\/en\/wp-json\/wp\/v2\/types\/post"}],"author":[{"embeddable":true,"href":"https:\/\/www.enerjigazetesi.ist\/en\/wp-json\/wp\/v2\/users\/1"}],"replies":[{"embeddable":true,"href":"https:\/\/www.enerjigazetesi.ist\/en\/wp-json\/wp\/v2\/comments?post=145350"}],"version-history":[{"count":0,"href":"https:\/\/www.enerjigazetesi.ist\/en\/wp-json\/wp\/v2\/posts\/145350\/revisions"}],"wp:featuredmedia":[{"embeddable":true,"href":"https:\/\/www.enerjigazetesi.ist\/en\/wp-json\/wp\/v2\/media\/145355"}],"wp:attachment":[{"href":"https:\/\/www.enerjigazetesi.ist\/en\/wp-json\/wp\/v2\/media?parent=145350"}],"wp:term":[{"taxonomy":"category","embeddable":true,"href":"https:\/\/www.enerjigazetesi.ist\/en\/wp-json\/wp\/v2\/categories?post=145350"},{"taxonomy":"post_tag","embeddable":true,"href":"https:\/\/www.enerjigazetesi.ist\/en\/wp-json\/wp\/v2\/tags?post=145350"}],"curies":[{"name":"wp","href":"https:\/\/api.w.org\/{rel}","templated":true}]}}