{"id":145332,"date":"2021-11-05T14:41:45","date_gmt":"2021-11-05T11:41:45","guid":{"rendered":"https:\/\/www.enerjigazetesi.ist\/?p=145332"},"modified":"2021-11-05T14:42:16","modified_gmt":"2021-11-05T11:42:16","slug":"10-kw-a-kadar-olan-gunese-dayali-enerji-uretimi-icin-yonetmelik-degisikligi","status":"publish","type":"post","link":"https:\/\/www.enerjigazetesi.ist\/en\/10-kw-a-kadar-olan-gunese-dayali-enerji-uretimi-icin-yonetmelik-degisikligi\/","title":{"rendered":"(Turkish) 10 kW\u2019a Kadar Olan G\u00fcne\u015fe Dayal\u0131 Enerji \u00dcretimi \u0130\u00e7in Y\u00f6netmelik De\u011fi\u015fikli\u011fi"},"content":{"rendered":"<p class=\"qtranxs-available-languages-message qtranxs-available-languages-message-en\">Sorry, this entry is only available in <a href=\"https:\/\/www.enerjigazetesi.ist\/tr\/wp-json\/wp\/v2\/posts\/145332\" class=\"qtranxs-available-language-link qtranxs-available-language-link-tr\" title=\"Turkish\">Turkish<\/a>. For the sake of viewer convenience, the content is shown below in the alternative language. You may click the link to switch the active language.<\/p><p><\/p>\n<h2><strong>Resmi Gazete\u2019nin 4 Kas\u0131m 2021&#8217;daki say\u0131s\u0131nda yay\u0131mlanan d\u00fczenleme \u00e7er\u00e7evesinde 12 May\u0131s 2019&#8217;da g\u00fcncellemesi yap\u0131lan Lisanss\u0131z Elektrik Y\u00f6netmeli\u011fi&#8217;nde de\u011fi\u015fiklikler ger\u00e7ekle\u015ftirildi.<\/strong><\/h2>\n<p>D\u00fczenlemeye g\u00f6re<em> \u201cElektrik Piyasas\u0131nda T\u00fcketim Tesisi \u0130le Ayn\u0131 \u00d6l\u00e7\u00fcm Noktas\u0131ndan ba\u011fl\u0131 ve G\u00fcne\u015f Enerjisine Dayal\u0131 \u00dcretim Tesisleri \u0130\u00e7in Lisanss\u0131z \u00fcretim Ba\u015fvurular\u0131na ve \u0130htiya\u00e7 Fazlas\u0131 Enerjinin <img loading=\"lazy\" class=\"alignright wp-image-145334\" src=\"https:\/\/www.enerjigazetesi.ist\/wp-content\/uploads\/2021\/11\/10-kw-a-kadar-olan-gunese-dayali-enerji-uretimi-icin-yonetmelik-degisikligi.jpg\" alt=\"\" width=\"320\" height=\"240\" srcset=\"https:\/\/www.enerjigazetesi.ist\/wp-content\/uploads\/2021\/11\/10-kw-a-kadar-olan-gunese-dayali-enerji-uretimi-icin-yonetmelik-degisikligi.jpg 550w, https:\/\/www.enerjigazetesi.ist\/wp-content\/uploads\/2021\/11\/10-kw-a-kadar-olan-gunese-dayali-enerji-uretimi-icin-yonetmelik-degisikligi-300x225.jpg 300w, https:\/\/www.enerjigazetesi.ist\/wp-content\/uploads\/2021\/11\/10-kw-a-kadar-olan-gunese-dayali-enerji-uretimi-icin-yonetmelik-degisikligi-500x375.jpg 500w, https:\/\/www.enerjigazetesi.ist\/wp-content\/uploads\/2021\/11\/10-kw-a-kadar-olan-gunese-dayali-enerji-uretimi-icin-yonetmelik-degisikligi-67x50.jpg 67w\" sizes=\"(max-width: 320px) 100vw, 320px\" \/>de\u011ferlendirilmesine \u0130li\u015fkin Usul ve Esaslar\u201d<\/em> ba\u015fl\u0131\u011f\u0131 \u201c<strong>10 kW<\/strong>\u2019a Kadar <strong>G\u00fcne\u015f Enerjisine Dayal\u0131 Elektrik \u00dcretim Tesisleri<\/strong> \u0130\u00e7in Usul ve Esaslar\u201d olarak de\u011fi\u015ftirildi.<\/p>\n<p>Tan\u0131mlar b\u00f6l\u00fcm\u00fcnde ger\u00e7ekle\u015fen d\u00fczenleme ile <strong>kW<\/strong> ifadesi \u201c<strong>elektriksel g\u00fc\u00e7<\/strong> olarak ula\u015f\u0131labilecek <strong>en y\u00fcksek g\u00fc\u00e7 de\u011feri<\/strong>\u201d olarak belirtildi. u tan\u0131m ilk d\u00fczenlemede <strong>\u201cMekanik, elektriksel ve\/veya pik g\u00fc\u00e7 olarak ula\u015f\u0131labilecek en y\u00fcksek g\u00fc\u00e7 de\u011feri\u201d<\/strong> olarak belirtiliyordu.<\/p>\n<p>\u00dcretim tesislerinin<strong> i\u015fletmeye girmesi<\/strong> ba\u015fl\u0131kl\u0131 <strong>8\u2019inci<\/strong> maddesinde yap\u0131lan g\u00fcncellemeyle ise<strong> \u201cge\u00e7ici\u201d<\/strong> ibareleri kald\u0131r\u0131ld\u0131. Bu maddede GES\u2019lerin<strong> ge\u00e7ici kabul i\u015flemleri<\/strong>nin <strong>ba\u011flant\u0131 anla\u015fmas\u0131<\/strong>n\u0131n imza tarihinden itibaren <strong>1 y\u0131l i\u00e7inde<\/strong> tamamlanmas\u0131 zorunlu\u011fu ve <strong>ge\u00e7ici kabul\u00fc tamamlanan tesis<\/strong> i\u00e7in <strong>3 g\u00fcn i\u00e7inde<\/strong> sistem<strong> kullan\u0131m anla\u015fmas\u0131 imzalanmas\u0131<\/strong> h\u00fck\u00fcmleri bulunuyordu.<\/p>\n<p><strong>Kurul Karar\u0131 \u0130\u00e7in <a href=\"https:\/\/www.resmigazete.gov.tr\/eskiler\/2021\/11\/20211104-4.pdf\" target=\"_blank\" rel=\"noopener\">TIKLAYIN &gt;&gt;&gt;<\/a><\/strong><\/p>","protected":false},"excerpt":{"rendered":"<p>Sorry, this entry is only available in Turkish. For the sake of viewer convenience, the content is shown below in the alternative language. You may click the link to switch the active language. Resmi Gazete\u2019nin 4 Kas\u0131m 2021&#8217;daki say\u0131s\u0131nda yay\u0131mlanan d\u00fczenleme \u00e7er\u00e7evesinde 12 May\u0131s 2019&#8217;da g\u00fcncellemesi yap\u0131lan Lisanss\u0131z Elektrik Y\u00f6netmeli\u011fi&#8217;nde de\u011fi\u015fiklikler ger\u00e7ekle\u015ftirildi. D\u00fczenlemeye g\u00f6re \u201cElektrik [&hellip;]<\/p>\n","protected":false},"author":1,"featured_media":145334,"comment_status":"open","ping_status":"open","sticky":false,"template":"","format":"standard","meta":[],"categories":[51,53,49],"tags":[46822,5070,53914,2206,98258,8089,1388,842],"views":274,"_links":{"self":[{"href":"https:\/\/www.enerjigazetesi.ist\/en\/wp-json\/wp\/v2\/posts\/145332"}],"collection":[{"href":"https:\/\/www.enerjigazetesi.ist\/en\/wp-json\/wp\/v2\/posts"}],"about":[{"href":"https:\/\/www.enerjigazetesi.ist\/en\/wp-json\/wp\/v2\/types\/post"}],"author":[{"embeddable":true,"href":"https:\/\/www.enerjigazetesi.ist\/en\/wp-json\/wp\/v2\/users\/1"}],"replies":[{"embeddable":true,"href":"https:\/\/www.enerjigazetesi.ist\/en\/wp-json\/wp\/v2\/comments?post=145332"}],"version-history":[{"count":0,"href":"https:\/\/www.enerjigazetesi.ist\/en\/wp-json\/wp\/v2\/posts\/145332\/revisions"}],"wp:featuredmedia":[{"embeddable":true,"href":"https:\/\/www.enerjigazetesi.ist\/en\/wp-json\/wp\/v2\/media\/145334"}],"wp:attachment":[{"href":"https:\/\/www.enerjigazetesi.ist\/en\/wp-json\/wp\/v2\/media?parent=145332"}],"wp:term":[{"taxonomy":"category","embeddable":true,"href":"https:\/\/www.enerjigazetesi.ist\/en\/wp-json\/wp\/v2\/categories?post=145332"},{"taxonomy":"post_tag","embeddable":true,"href":"https:\/\/www.enerjigazetesi.ist\/en\/wp-json\/wp\/v2\/tags?post=145332"}],"curies":[{"name":"wp","href":"https:\/\/api.w.org\/{rel}","templated":true}]}}