{"id":145308,"date":"2021-11-05T13:06:24","date_gmt":"2021-11-05T10:06:24","guid":{"rendered":"https:\/\/www.enerjigazetesi.ist\/?p=145308"},"modified":"2021-11-05T13:06:24","modified_gmt":"2021-11-05T10:06:24","slug":"gediz-deltasi-su-kuslarinin-vazgecilmez-goc-duragi","status":"publish","type":"post","link":"https:\/\/www.enerjigazetesi.ist\/en\/gediz-deltasi-su-kuslarinin-vazgecilmez-goc-duragi\/","title":{"rendered":"(Turkish) Gediz Deltas\u0131: Su Ku\u015flar\u0131n\u0131n Vazge\u00e7ilmez G\u00f6\u00e7 Dura\u011f\u0131"},"content":{"rendered":"<p class=\"qtranxs-available-languages-message qtranxs-available-languages-message-en\">Sorry, this entry is only available in <a href=\"https:\/\/www.enerjigazetesi.ist\/tr\/wp-json\/wp\/v2\/posts\/145308\" class=\"qtranxs-available-language-link qtranxs-available-language-link-tr\" title=\"Turkish\">Turkish<\/a>. For the sake of viewer convenience, the content is shown below in the alternative language. You may click the link to switch the active language.<\/p><p><\/p>\n<h2>Do\u011fa Koruma ve Milli Parklar Genel M\u00fcd\u00fcrl\u00fc\u011f\u00fc (DKMP), DKMP \u0130zmir \u015eube M\u00fcd\u00fcrl\u00fc\u011f\u00fc, Do\u011fa Derne\u011fi ve \u0130zmir B\u00fcy\u00fck\u015fehir Belediyesi\u2019nin ortakl\u0131\u011f\u0131 ve g\u00f6n\u00fcll\u00fc g\u00f6zlemcilerin kat\u0131l\u0131m\u0131yla Gediz Deltas\u0131\u2019nda \u201c2021 Sonbahar D\u00f6nemi Ku\u015f G\u00f6\u00e7\u00fc \u0130zleme \u00c7al\u0131\u015fmas\u0131\u201d ger\u00e7ekle\u015ftirildi.<\/h2>\n<p>\u00c7al\u0131\u015fmada Gediz Deltas\u0131\u2019n\u0131 g\u00f6\u00e7 d\u00f6neminde ziyaret eden <strong>su ku\u015flar\u0131<\/strong> ve bu ku\u015flar\u0131n yo\u011fun olarak <img loading=\"lazy\" class=\"alignright wp-image-145310\" src=\"https:\/\/www.enerjigazetesi.ist\/wp-content\/uploads\/2021\/11\/gediz-deltasi-su-kuslarinin-vazgecilmez-goc-duragi-2.jpg\" alt=\"\" width=\"320\" height=\"214\" srcset=\"https:\/\/www.enerjigazetesi.ist\/wp-content\/uploads\/2021\/11\/gediz-deltasi-su-kuslarinin-vazgecilmez-goc-duragi-2.jpg 550w, https:\/\/www.enerjigazetesi.ist\/wp-content\/uploads\/2021\/11\/gediz-deltasi-su-kuslarinin-vazgecilmez-goc-duragi-2-300x200.jpg 300w, https:\/\/www.enerjigazetesi.ist\/wp-content\/uploads\/2021\/11\/gediz-deltasi-su-kuslarinin-vazgecilmez-goc-duragi-2-500x334.jpg 500w, https:\/\/www.enerjigazetesi.ist\/wp-content\/uploads\/2021\/11\/gediz-deltasi-su-kuslarinin-vazgecilmez-goc-duragi-2-75x50.jpg 75w, https:\/\/www.enerjigazetesi.ist\/wp-content\/uploads\/2021\/11\/gediz-deltasi-su-kuslarinin-vazgecilmez-goc-duragi-2-450x300.jpg 450w\" sizes=\"(max-width: 320px) 100vw, 320px\" \/>kulland\u0131\u011f\u0131 <strong>habitatlar<\/strong> belirlendi. <strong>Ku\u015flar\u0131n yo\u011funla\u015ft\u0131klar\u0131<\/strong> alanlar ve <strong>Sonbahar g\u00f6\u00e7<\/strong> d\u00f6nemindeki hassas habitatlar ortaya \u00e7\u0131kar\u0131ld\u0131.<\/p>\n<p>Bar\u0131nd\u0131rd\u0131\u011f\u0131 <strong>biyo\u00e7e\u015fitlilik<\/strong> a\u00e7\u0131s\u0131ndan Uluslararas\u0131 \u00f6neme sahip bir sulak alan olan Gediz Deltas\u0131, g\u00f6\u00e7 d\u00f6nemlerinde ku\u015flar i\u00e7in hayati \u00f6nem ta\u015f\u0131yor. <strong>10.000&#8217;lerce<\/strong> birey k\u0131\u015flama alanlar\u0131na giderken Gediz Deltas\u0131\u2019nda<strong> besleniyor, konakl\u0131yor<\/strong> ve <strong>g\u00f6\u00e7 yolculu\u011funa<\/strong> devam ediyor.<\/p>\n<h3><strong>G\u00f6\u00e7men ku\u015flar\u0131n kulland\u0131\u011f\u0131 alanlar belirlendi<\/strong><\/h3>\n<p>G\u00f6\u00e7men su ku\u015fu t\u00fcrlerinin Gediz Deltas\u0131\u2019ndaki mevcut durumlar\u0131n\u0131 ara\u015ft\u0131ran <em>Do\u011fa Derne\u011fi Ku\u015f \u0130zleme Sorumlusu<\/em> <strong>Ahmet Kaya<\/strong> <em>\u201cEyl\u00fcl ay\u0131nda haftada <strong>4 g\u00fcn<\/strong> boyunca deltada yayg\u0131n olarak kulland\u0131\u011f\u0131m\u0131z g\u00f6zlem noktalar\u0131nda say\u0131mlar ger\u00e7ekle\u015ftirdik. D\u00fczenli olarak g\u00f6zlem yapmak, hem<strong> ku\u015flar\u0131n g\u00f6\u00e7 d\u00f6nemindeki de\u011fi\u015fikli\u011fi<\/strong> hem de <strong>alandaki de\u011fi\u015fimi<\/strong> g\u00f6steriyor. 2 y\u0131ld\u0131r <strong>sonbahar g\u00f6\u00e7 d\u00f6neminde<\/strong> bu say\u0131m\u0131 tekrarl\u0131yoruz. Bu sayede kapsaml\u0131 veriler elde ediyoruz. Sonbahar g\u00f6\u00e7 d\u00f6neminde su ku\u015flar\u0131n\u0131n <strong>deltan\u0131n hangi b\u00f6lgelerini<\/strong> ve nas\u0131l kulland\u0131klar\u0131n\u0131 belirledik. Deltan\u0131n i\u00e7 kesimlerindeki<strong> sulak alanlar\u0131n kurumas\u0131<\/strong> nedeniyle ku\u015flar\u0131n k\u0131y\u0131larda b\u00fcy\u00fck gruplar halinde topland\u0131\u011f\u0131n\u0131 g\u00f6rd\u00fck. <strong>Kara kar\u0131nl\u0131 kumku\u015fu, halkal\u0131 c\u0131l\u0131b\u0131t, k\u00fc\u00e7\u00fck kumku\u015fu, k\u0131z\u0131lbacak<\/strong> gibi t\u00fcrler gruplar halinde g\u00f6\u00e7 eden ve Gediz Deltas\u0131\u2019n\u0131n k\u0131y\u0131lar\u0131nda bir arada g\u00f6r\u00fclen t\u00fcrlerin ba\u015f\u0131nda geliyor.\u201d<\/em> dedi.<\/p>\n<h3><strong>2 Milyon Ya\u015f\u0131nda UNESCO D\u00fcnya Do\u011fa Miras\u0131 Aday\u0131<\/strong><\/h3>\n<p>\u0130zmir\u2019in Gediz Deltas\u0131\u2019nda yap\u0131lan <strong>Sonbahar D\u00f6nemi Ku\u015f G\u00f6\u00e7\u00fc \u0130zleme \u00c7al\u0131\u015fmas\u0131<\/strong>\u2019n\u0131n, deltan\u0131n <strong>UNESCO D\u00fcnya Miras\u0131<\/strong> ilan edilmesi i\u00e7in y\u00fcr\u00fct\u00fclen s\u00fcre\u00e7 a\u00e7\u0131s\u0131ndan \u00f6nemini vurgulayan Do\u011fa Derne\u011fi Y\u00f6netim Kurulu Ba\u015fkan\u0131 <strong>Dicle Tuba K\u0131l\u0131\u00e7<\/strong> <em>\u201cGediz Deltas\u0131, UNESCO\u2019nun D\u00fcnya Miras\u0131 kriterlerini sa\u011flayan uluslararas\u0131 \u00f6l\u00e7ekte \u00f6neme sahip bir sulakalan. Do\u011fa Derne\u011fi 2002 y\u0131l\u0131ndan beri bu benzersiz do\u011fal alan\u0131n zarar g\u00f6rmeden ya\u015famaya devam etmesi i\u00e7in \u00e7al\u0131\u015fmalar y\u00fcr\u00fct\u00fcyor. Gediz Deltas\u0131\u2019ndaki <strong>biyolojik \u00e7e\u015fitlili\u011fi izlemek<\/strong> i\u00e7in ger\u00e7ekle\u015ftirdi\u011fimiz ara\u015ft\u0131rmalar, <strong>Gediz Deltas\u0131 Sonbahar Ku\u015f G\u00f6\u00e7\u00fc \u0130zleme \u00c7al\u0131\u015fmas\u0131, deltan\u0131n g\u00f6\u00e7 d\u00f6nemi<\/strong> i\u00e7erisindeki hareketlili\u011fini ve hassas habitatlar\u0131 ortaya koymak a\u00e7\u0131s\u0131ndan \u00e7ok de\u011ferli. Bu \u00e7al\u0131\u015fmayla, Gediz Deltas\u0131\u2019n\u0131 g\u00f6\u00e7 esnas\u0131nda kullanan t\u00fcrler ortaya \u00e7\u0131kar\u0131ld\u0131. Aralar\u0131nda alanda nadiren g\u00f6r\u00fclen t\u00fcrler de mevcut. Yakla\u015f\u0131k <strong>2 milyon ya\u015f\u0131nda<\/strong> olan Gediz Deltas\u0131, uzun y\u0131llard\u0131r<strong> do\u011faseverlerin<\/strong> ve <strong>bilim insanlar\u0131n\u0131n<\/strong> \u00e7al\u0131\u015fmalar\u0131yla korunuyor. \u0130nan\u0131yoruz ki y\u00fcr\u00fctt\u00fc\u011f\u00fcm\u00fcz bu \u00e7al\u0131\u015fmalar, deltan\u0131n <strong>UNESCO D\u00fcnya Do\u011fa Miras\u0131<\/strong> ilan edilmesiyle ta\u00e7lanacakt\u0131r.\u201d<\/em> dedi.<\/p>\n<p><em><strong>Gediz Deltas\u0131 Sonbahar D\u00f6nemi Ku\u015f G\u00f6\u00e7\u00fc \u0130zleme \u00c7al\u0131\u015fmas\u0131 Raporu \u0130\u00e7in:\u00a0 <\/strong><\/em><em><a href=\"https:\/\/www.dogadernegi.org\/wp-content\/uploads\/2021\/11\/2021-gediz-son-bahar-kus-gocu-raporu.pdf\" target=\"_blank\" rel=\"noopener\">https:\/\/www.dogadernegi.org\/wp-content\/uploads\/2021\/11\/2021-gediz-son-bahar-kus-gocu-raporu.pdf<\/a><\/em>\u00a0adresini ziyaret edebilirsiniz.<\/p>","protected":false},"excerpt":{"rendered":"<p>Sorry, this entry is only available in Turkish. For the sake of viewer convenience, the content is shown below in the alternative language. You may click the link to switch the active language. Do\u011fa Koruma ve Milli Parklar Genel M\u00fcd\u00fcrl\u00fc\u011f\u00fc (DKMP), DKMP \u0130zmir \u015eube M\u00fcd\u00fcrl\u00fc\u011f\u00fc, Do\u011fa Derne\u011fi ve \u0130zmir B\u00fcy\u00fck\u015fehir Belediyesi\u2019nin ortakl\u0131\u011f\u0131 ve g\u00f6n\u00fcll\u00fc g\u00f6zlemcilerin [&hellip;]<\/p>\n","protected":false},"author":1,"featured_media":145311,"comment_status":"open","ping_status":"open","sticky":false,"template":"","format":"standard","meta":[],"categories":[53],"tags":[98246,39962,46279,98244,2689,98245,98243,83984],"views":78,"_links":{"self":[{"href":"https:\/\/www.enerjigazetesi.ist\/en\/wp-json\/wp\/v2\/posts\/145308"}],"collection":[{"href":"https:\/\/www.enerjigazetesi.ist\/en\/wp-json\/wp\/v2\/posts"}],"about":[{"href":"https:\/\/www.enerjigazetesi.ist\/en\/wp-json\/wp\/v2\/types\/post"}],"author":[{"embeddable":true,"href":"https:\/\/www.enerjigazetesi.ist\/en\/wp-json\/wp\/v2\/users\/1"}],"replies":[{"embeddable":true,"href":"https:\/\/www.enerjigazetesi.ist\/en\/wp-json\/wp\/v2\/comments?post=145308"}],"version-history":[{"count":0,"href":"https:\/\/www.enerjigazetesi.ist\/en\/wp-json\/wp\/v2\/posts\/145308\/revisions"}],"wp:featuredmedia":[{"embeddable":true,"href":"https:\/\/www.enerjigazetesi.ist\/en\/wp-json\/wp\/v2\/media\/145311"}],"wp:attachment":[{"href":"https:\/\/www.enerjigazetesi.ist\/en\/wp-json\/wp\/v2\/media?parent=145308"}],"wp:term":[{"taxonomy":"category","embeddable":true,"href":"https:\/\/www.enerjigazetesi.ist\/en\/wp-json\/wp\/v2\/categories?post=145308"},{"taxonomy":"post_tag","embeddable":true,"href":"https:\/\/www.enerjigazetesi.ist\/en\/wp-json\/wp\/v2\/tags?post=145308"}],"curies":[{"name":"wp","href":"https:\/\/api.w.org\/{rel}","templated":true}]}}