{"id":145303,"date":"2021-11-05T12:46:21","date_gmt":"2021-11-05T09:46:21","guid":{"rendered":"https:\/\/www.enerjigazetesi.ist\/?p=145303"},"modified":"2021-11-05T12:47:17","modified_gmt":"2021-11-05T09:47:17","slug":"turkonfed-dunya-iklim-zirvesi-ne-katildi","status":"publish","type":"post","link":"https:\/\/www.enerjigazetesi.ist\/en\/turkonfed-dunya-iklim-zirvesi-ne-katildi\/","title":{"rendered":"(Turkish) T\u00dcRKONFED D\u00fcnya \u0130klim Zirvesi\u2019ne Kat\u0131ld\u0131"},"content":{"rendered":"<p class=\"qtranxs-available-languages-message qtranxs-available-languages-message-en\">Sorry, this entry is only available in <a href=\"https:\/\/www.enerjigazetesi.ist\/tr\/wp-json\/wp\/v2\/posts\/145303\" class=\"qtranxs-available-language-link qtranxs-available-language-link-tr\" title=\"Turkish\">Turkish<\/a>. For the sake of viewer convenience, the content is shown below in the alternative language. You may click the link to switch the active language.<\/p><p><\/p>\n<h2><strong>T\u00fcrk Giri\u015fim ve \u0130\u015f D\u00fcnyas\u0131 Konfederasyonu (T\u00dcRKONFED), D\u00fcnya \u0130klim Zirvesi (COP26) kapsam\u0131nda T\u00fcrkiye taraf\u0131ndan d\u00fczenlenen ilk etkinli\u011fe kat\u0131ld\u0131. T\u00dcRKONFED Y\u00f6netim Kurulu \u00dcyesi ve Ye\u015fil D\u00f6n\u00fc\u015f\u00fcm Komisyonu \u00dcyesi Onur \u00dcnl\u00fc panel kapsam\u0131nda <em>\u201cKarbon N\u00f6tr End\u00fcstriye Do\u011fru \u0130lk Yak\u0131t Enerji Verimlili\u011fi Potansiyeli\u201d<\/em> temal\u0131 bir sunum yaparak, s\u00fcrd\u00fcr\u00fclebilir enerji y\u00f6netimi ve T\u00fcrk sanayisinin bu alandaki potansiyeline dikkat \u00e7ekti. <\/strong><\/h2>\n<p>Birle\u015fmi\u015f Milletler taraf\u0131ndan d\u00fczenlenen <strong>D\u00fcnya \u0130klim Zirvesi\u2019ne (COP26)<\/strong> kat\u0131l\u0131m g\u00f6steren \u00fclkeler, kendi pavilyonlar\u0131nda d\u00fczenledikleri etkinlikler ile iklim de\u011fi\u015fikli\u011fini t\u00fcm y\u00f6nleriyle masaya yat\u0131r\u0131yor. Bu kapsamda T\u00fcrkiye de ilk etkinli\u011fini d\u00fczenledi. Enerji ve Tabii Kaynaklar Bakanl\u0131\u011f\u0131 taraf\u0131ndan <img loading=\"lazy\" class=\"alignright wp-image-145305\" src=\"https:\/\/www.enerjigazetesi.ist\/wp-content\/uploads\/2021\/11\/turkonfed-dunya-iklim-zirvesi-ne-katildi-2.jpg\" alt=\"\" width=\"320\" height=\"203\" srcset=\"https:\/\/www.enerjigazetesi.ist\/wp-content\/uploads\/2021\/11\/turkonfed-dunya-iklim-zirvesi-ne-katildi-2.jpg 550w, https:\/\/www.enerjigazetesi.ist\/wp-content\/uploads\/2021\/11\/turkonfed-dunya-iklim-zirvesi-ne-katildi-2-300x190.jpg 300w, https:\/\/www.enerjigazetesi.ist\/wp-content\/uploads\/2021\/11\/turkonfed-dunya-iklim-zirvesi-ne-katildi-2-500x317.jpg 500w, https:\/\/www.enerjigazetesi.ist\/wp-content\/uploads\/2021\/11\/turkonfed-dunya-iklim-zirvesi-ne-katildi-2-80x50.jpg 80w\" sizes=\"(max-width: 320px) 100vw, 320px\" \/>ger\u00e7ekle\u015ftirilen <strong>\u201cEnerji Verimlili\u011fi Aktivitelerinin T\u00fcrkiye\u2019nin \u0130klim De\u011fi\u015fikli\u011fi ile M\u00fccadelesine Olumlu Etkileri\u201d<\/strong> temal\u0131 panele, i\u015f d\u00fcnyas\u0131 \u00f6rg\u00fctlerini temsilen <strong>T\u00fcrk Giri\u015fim ve \u0130\u015f D\u00fcnyas\u0131 Konfederasyonu (T\u00dcRKONFED)<\/strong> kat\u0131ld\u0131.<\/p>\n<p>T\u00dcRKONFED Y\u00f6netim Kurulu \u00dcyesi ve Ye\u015fil D\u00f6n\u00fc\u015f\u00fcm Komisyonu \u00dcyesi Onur \u00dcnl\u00fc, panel kapsam\u0131nda <strong>\u201cKarbon N\u00f6tr End\u00fcstriye Do\u011fru \u0130lk Yak\u0131t Enerji Verimlili\u011fi Potansiyeli\u201d<\/strong> temal\u0131 bir sunum yapt\u0131. Enerji verimlili\u011finin \u00f6nemi hakk\u0131nda bilgi veren \u00dcnl\u00fc,<strong> s\u00fcrd\u00fcr\u00fclebilir enerji y\u00f6netimi s\u00fcre\u00e7leri<\/strong>, i\u015fletmelerin \u00f6n\u00fcndeki engelleri ve bunlar\u0131n <strong>\u00e7\u00f6z\u00fcmlerini<\/strong> ve <strong>devlet desteklerini<\/strong> anlatt\u0131. \u00dcnl\u00fc konu\u015fmas\u0131nda, T\u00fcrkiye\u2019deki<strong> sanayi tesislerinin<\/strong> ve <strong>ticari binalar\u0131n enerji verimlili\u011fi<\/strong> potansiyellerine de yer verdi.<\/p>\n<p><strong>Dr. Abd\u00fclkadir Bekta\u015f<\/strong>\u2019\u0131n moderat\u00f6rl\u00fc\u011f\u00fcnde ger\u00e7ekle\u015fen etkinli\u011fe <strong>T\u00dcRKONFED<\/strong>\u2019in yan\u0131 s\u0131ra<strong> Enerji ve Tabii Kaynaklar Bakanl\u0131\u011f\u0131<\/strong>\u2019ndan uzmanlar ile \u00f6zel sekt\u00f6r temsilcileri kat\u0131l\u0131m g\u00f6sterdi.<\/p>","protected":false},"excerpt":{"rendered":"<p>Sorry, this entry is only available in Turkish. For the sake of viewer convenience, the content is shown below in the alternative language. You may click the link to switch the active language. T\u00fcrk Giri\u015fim ve \u0130\u015f D\u00fcnyas\u0131 Konfederasyonu (T\u00dcRKONFED), D\u00fcnya \u0130klim Zirvesi (COP26) kapsam\u0131nda T\u00fcrkiye taraf\u0131ndan d\u00fczenlenen ilk etkinli\u011fe kat\u0131ld\u0131. T\u00dcRKONFED Y\u00f6netim Kurulu \u00dcyesi [&hellip;]<\/p>\n","protected":false},"author":1,"featured_media":145307,"comment_status":"open","ping_status":"open","sticky":false,"template":"","format":"standard","meta":[],"categories":[53,52],"tags":[98240,98241,98239,98242,87778,57451,92872,5547,2482],"views":181,"_links":{"self":[{"href":"https:\/\/www.enerjigazetesi.ist\/en\/wp-json\/wp\/v2\/posts\/145303"}],"collection":[{"href":"https:\/\/www.enerjigazetesi.ist\/en\/wp-json\/wp\/v2\/posts"}],"about":[{"href":"https:\/\/www.enerjigazetesi.ist\/en\/wp-json\/wp\/v2\/types\/post"}],"author":[{"embeddable":true,"href":"https:\/\/www.enerjigazetesi.ist\/en\/wp-json\/wp\/v2\/users\/1"}],"replies":[{"embeddable":true,"href":"https:\/\/www.enerjigazetesi.ist\/en\/wp-json\/wp\/v2\/comments?post=145303"}],"version-history":[{"count":0,"href":"https:\/\/www.enerjigazetesi.ist\/en\/wp-json\/wp\/v2\/posts\/145303\/revisions"}],"wp:featuredmedia":[{"embeddable":true,"href":"https:\/\/www.enerjigazetesi.ist\/en\/wp-json\/wp\/v2\/media\/145307"}],"wp:attachment":[{"href":"https:\/\/www.enerjigazetesi.ist\/en\/wp-json\/wp\/v2\/media?parent=145303"}],"wp:term":[{"taxonomy":"category","embeddable":true,"href":"https:\/\/www.enerjigazetesi.ist\/en\/wp-json\/wp\/v2\/categories?post=145303"},{"taxonomy":"post_tag","embeddable":true,"href":"https:\/\/www.enerjigazetesi.ist\/en\/wp-json\/wp\/v2\/tags?post=145303"}],"curies":[{"name":"wp","href":"https:\/\/api.w.org\/{rel}","templated":true}]}}