{"id":145280,"date":"2021-11-05T10:40:43","date_gmt":"2021-11-05T07:40:43","guid":{"rendered":"https:\/\/www.enerjigazetesi.ist\/?p=145280"},"modified":"2021-11-05T10:43:48","modified_gmt":"2021-11-05T07:43:48","slug":"cop-26-iklim-zirvesi-nde-yenilenebilir-enerji-kaynaklari-one-cikiyor","status":"publish","type":"post","link":"https:\/\/www.enerjigazetesi.ist\/en\/cop-26-iklim-zirvesi-nde-yenilenebilir-enerji-kaynaklari-one-cikiyor\/","title":{"rendered":"(Turkish) COP-26 \u0130klim Zirvesi\u2019nde Yenilenebilir Enerji Kaynaklar\u0131 \u00d6ne \u00c7\u0131k\u0131yor&#8230;"},"content":{"rendered":"<p class=\"qtranxs-available-languages-message qtranxs-available-languages-message-en\">Sorry, this entry is only available in <a href=\"https:\/\/www.enerjigazetesi.ist\/tr\/wp-json\/wp\/v2\/posts\/145280\" class=\"qtranxs-available-language-link qtranxs-available-language-link-tr\" title=\"Turkish\">Turkish<\/a>. For the sake of viewer convenience, the content is shown below in the alternative language. You may click the link to switch the active language.<\/p><p><\/p>\n<h2><strong>Karbon emisyonlar\u0131n\u0131n net-s\u0131f\u0131ra indirgenmesine y\u00f6nelik 26. Birle\u015fmi\u015f Milletler \u0130klim De\u011fi\u015fimi Konferans\u0131 COP-26\u2019ya 120\u2019den fazla d\u00fcnya lideri yer al\u0131rken ba\u015fta karbon emisyonunun azalt\u0131m\u0131 ve gelecek nesillere temiz bir \u00e7evrenin b\u0131rak\u0131lmas\u0131 i\u00e7in ise yenilenebilir enerji \u00f6ne \u00e7\u0131k\u0131yor.<\/strong><\/h2>\n<p><strong>\u0130klim kriziyle m\u00fccadelede<\/strong> \u00f6nemli konular\u0131n masaya yat\u0131r\u0131laca\u011f\u0131 <strong>COP-26 \u0130klim Zirvesi<\/strong> ba\u015flad\u0131. Ana <img loading=\"lazy\" class=\"alignright wp-image-145283\" src=\"https:\/\/www.enerjigazetesi.ist\/wp-content\/uploads\/2021\/11\/cop-26-iklim-zirvesi-nde-yenilenebilir-enerji-kaynaklari-one-cikiyor.jpg\" alt=\"\" width=\"320\" height=\"253\" srcset=\"https:\/\/www.enerjigazetesi.ist\/wp-content\/uploads\/2021\/11\/cop-26-iklim-zirvesi-nde-yenilenebilir-enerji-kaynaklari-one-cikiyor.jpg 550w, https:\/\/www.enerjigazetesi.ist\/wp-content\/uploads\/2021\/11\/cop-26-iklim-zirvesi-nde-yenilenebilir-enerji-kaynaklari-one-cikiyor-300x237.jpg 300w, https:\/\/www.enerjigazetesi.ist\/wp-content\/uploads\/2021\/11\/cop-26-iklim-zirvesi-nde-yenilenebilir-enerji-kaynaklari-one-cikiyor-500x395.jpg 500w, https:\/\/www.enerjigazetesi.ist\/wp-content\/uploads\/2021\/11\/cop-26-iklim-zirvesi-nde-yenilenebilir-enerji-kaynaklari-one-cikiyor-63x50.jpg 63w\" sizes=\"(max-width: 320px) 100vw, 320px\" \/>g\u00fcndem maddelerinden biri olan <strong>karbon emisyonlar\u0131n\u0131 s\u0131f\u0131ra indirgemek<\/strong> i\u00e7in yap\u0131lacak planlamalar\u0131n ele al\u0131naca\u011f\u0131 zirvede, g\u00f6zler yenilenebilir enerji ve fosil yak\u0131tlar \u00fczerinde olacak. \u00d6yle ki zirve \u00f6ncesi <strong>Uluslararas\u0131 Enerji Ajans\u0131 (IEA)<\/strong> taraf\u0131ndan yay\u0131nlanan <strong>D\u00fcnya Enerji G\u00f6r\u00fcn\u00fcm\u00fc 2021 Raporu<\/strong> da karbon emisyonunda <strong>s\u0131f\u0131ra inme hedefleri<\/strong> i\u00e7in planlamalar \u00fczerinde yeterince h\u0131zl\u0131 hareket edilemedi\u011fine dikkat \u00e7ekiyor. <strong>Emisyonlar, iklim felaketleri<\/strong> ve <strong>enerji piyasas\u0131ndaki de\u011fi\u015fikliklerin<\/strong> <em>yeni enerji d\u00fczenine ge\u00e7i\u015f<\/em> i\u00e7in \u00f6nemli tart\u0131\u015fma noktalar\u0131 aras\u0131nda olurken \u00fclkemizde ve d\u00fcnyada yat\u0131r\u0131mlar\u0131 y\u00fckseli\u015fe ge\u00e7en \u00e7evreci enerji<strong> g\u00fcne\u015f ve r\u00fczgar<\/strong> i\u00e7in ise daha g\u00fc\u00e7l\u00fc ve <strong>s\u00fcrd\u00fcr\u00fclebilir ad\u0131mlar\u0131n at\u0131lmas\u0131<\/strong> gerekiyor.<\/p>\n<h3><strong>\u201cR\u00fczgarla Yeni Bir K\u00fcresel Enerji Ekonomisi Olu\u015fabilir\u201d<\/strong><\/h3>\n<p><strong>D\u00fcnya temiz enerji ge\u00e7i\u015fini h\u0131zland\u0131rmak<\/strong> i\u00e7in kollar\u0131 s\u0131v\u0131yor, <strong>iklim hedefleri<\/strong> ve <strong>yeni enerji d\u00fczeni<\/strong> i\u00e7in planlara sad\u0131k kalmak \u00f6nemini art\u0131r\u0131yor. Son y\u0131llarda yenilenebilir enerjiye ge\u00e7i\u015f h\u0131zlan\u0131yor gibi g\u00f6r\u00fcnse de <strong>D\u00fcnya Enerji G\u00f6r\u00fcn\u00fcm\u00fc 2021 Raporu<\/strong>\u2019na g\u00f6re enerji kullan\u0131m\u0131nda tutars\u0131zl\u0131klar bulunuyor. \u00d6zellikle <strong>Covid-19 g\u00f6lgesinde<\/strong> ge\u00e7en 2020 y\u0131l\u0131nda <strong>r\u00fczgar<\/strong> ve <strong>g\u00fcne\u015f<\/strong> enerjisine b\u00fcy\u00fck yat\u0131r\u0131mlar\u0131n ger\u00e7ekle\u015fmesine ve <strong>r\u00fczgar enerjisinin \u00fcretimde<\/strong> zirveye oynamas\u0131na ra\u011fmen, bu y\u0131l i\u00e7erisinde <strong>k\u00f6m\u00fcre <\/strong>ve <strong>petrole<\/strong> olan yat\u0131r\u0131mlar\u0131n tekrar artmas\u0131 <strong>en b\u00fcy\u00fck tutars\u0131zl\u0131\u011f\u0131 olu\u015ftururken<\/strong>\u00a0enerjideki de\u011fi\u015fime bu \u015fekilde dur demenin <strong>iklim kriziyle m\u00fccadele<\/strong>ye ve<strong> karbon emisyonlar\u0131ndaki hedeflerden<\/strong> uzakla\u015fmaya neden oluyor. \u00d6zellikle <strong>r\u00fczgar enerjisinin<\/strong> yeni bir k\u00fcresel enerji ekonomisi ortaya \u00e7\u0131karabilece\u011fi bu enerji d\u00f6n\u00fc\u015f\u00fcm\u00fcnden uzakla\u015fman\u0131n hedefler i\u00e7in <strong>fazladan yol kat edilmesi<\/strong> anlam\u0131n\u0131 ta\u015f\u0131yor.<\/p>\n<h3><strong>\u201cT\u00fcrkiye\u2019nin R\u00fczgar Enerjisine \u0130nanc\u0131 Tam!\u201d<\/strong><\/h3>\n<p>T\u00fcrkiye\u2019nin bu g\u00fcndem i\u00e7erisinde nerede duraca\u011f\u0131n\u0131 belirleyerek, iklim krizine kar\u015f\u0131 <strong>temiz enerji ge\u00e7i\u015fi<\/strong> hedefleriyle paralel hareket etmesi gerekti\u011fini ifade eden <em>\u00dclke Enerji Genel M\u00fcd\u00fcr\u00fc<\/em><strong> Ali Ayd\u0131n,<\/strong> \u00fclkemizde yeni kurulacak <strong>r\u00fczgar enerjisi santralleri<\/strong> i\u00e7in gereken teknik tecr\u00fcbe ve insan kayna\u011f\u0131 birikiminin yeterli seviyede oldu\u011funu, santraller hayata ge\u00e7tikten sonra da do\u011fru zamanlama ve kapsamla uygulanacak <strong>bak\u0131m<\/strong> ve <strong>onar\u0131m i\u015flemlerinin<\/strong>, milli servet niteli\u011findeki yat\u0131r\u0131mlar\u0131 korumada \u00f6nc\u00fc rol \u00fcstelenece\u011fini vurguluyor. <strong>10 GW<\/strong>\u2019den fazla kurulu r\u00fczgar g\u00fcc\u00fcne yakla\u015fan T\u00fcrkiye\u2019de <strong>r\u00fczgar enerjisi yat\u0131r\u0131mlar\u0131na<\/strong> y\u00f6nelik desteklerin \u00fclke gelece\u011fi i\u00e7in <strong>kilit rol oynad\u0131\u011f\u0131n\u0131<\/strong> aktaran Ayd\u0131n, <strong>2025 y\u0131l\u0131na<\/strong> kadar <strong>20 GW<\/strong> kurulu r\u00fczgar g\u00fcc\u00fcne ula\u015fma hedefinin <strong>karbonsuz d\u00fcnyada<\/strong> s\u00f6z sahibi olan g\u00fc\u00e7l\u00fc bir T\u00fcrkiye i\u00e7in son derece \u00f6nemli oldu\u011funun alt\u0131n\u0131 \u00e7iziyor.<\/p>","protected":false},"excerpt":{"rendered":"<p>Sorry, this entry is only available in Turkish. For the sake of viewer convenience, the content is shown below in the alternative language. You may click the link to switch the active language. Karbon emisyonlar\u0131n\u0131n net-s\u0131f\u0131ra indirgenmesine y\u00f6nelik 26. Birle\u015fmi\u015f Milletler \u0130klim De\u011fi\u015fimi Konferans\u0131 COP-26\u2019ya 120\u2019den fazla d\u00fcnya lideri yer al\u0131rken ba\u015fta karbon emisyonunun azalt\u0131m\u0131 [&hellip;]<\/p>\n","protected":false},"author":1,"featured_media":145283,"comment_status":"open","ping_status":"open","sticky":false,"template":"","format":"standard","meta":[],"categories":[51,53,50],"tags":[98230,98227,98229,98228,52510,53809,3344,5132,842,105],"views":340,"_links":{"self":[{"href":"https:\/\/www.enerjigazetesi.ist\/en\/wp-json\/wp\/v2\/posts\/145280"}],"collection":[{"href":"https:\/\/www.enerjigazetesi.ist\/en\/wp-json\/wp\/v2\/posts"}],"about":[{"href":"https:\/\/www.enerjigazetesi.ist\/en\/wp-json\/wp\/v2\/types\/post"}],"author":[{"embeddable":true,"href":"https:\/\/www.enerjigazetesi.ist\/en\/wp-json\/wp\/v2\/users\/1"}],"replies":[{"embeddable":true,"href":"https:\/\/www.enerjigazetesi.ist\/en\/wp-json\/wp\/v2\/comments?post=145280"}],"version-history":[{"count":0,"href":"https:\/\/www.enerjigazetesi.ist\/en\/wp-json\/wp\/v2\/posts\/145280\/revisions"}],"wp:featuredmedia":[{"embeddable":true,"href":"https:\/\/www.enerjigazetesi.ist\/en\/wp-json\/wp\/v2\/media\/145283"}],"wp:attachment":[{"href":"https:\/\/www.enerjigazetesi.ist\/en\/wp-json\/wp\/v2\/media?parent=145280"}],"wp:term":[{"taxonomy":"category","embeddable":true,"href":"https:\/\/www.enerjigazetesi.ist\/en\/wp-json\/wp\/v2\/categories?post=145280"},{"taxonomy":"post_tag","embeddable":true,"href":"https:\/\/www.enerjigazetesi.ist\/en\/wp-json\/wp\/v2\/tags?post=145280"}],"curies":[{"name":"wp","href":"https:\/\/api.w.org\/{rel}","templated":true}]}}