{"id":145225,"date":"2021-11-04T11:34:47","date_gmt":"2021-11-04T08:34:47","guid":{"rendered":"https:\/\/www.enerjigazetesi.ist\/?p=145225"},"modified":"2021-11-04T11:34:47","modified_gmt":"2021-11-04T08:34:47","slug":"ode-yalitim-elektrik-ihtiyacinin-yuzde-60ini-gunesten-karsilayacak","status":"publish","type":"post","link":"https:\/\/www.enerjigazetesi.ist\/en\/ode-yalitim-elektrik-ihtiyacinin-yuzde-60ini-gunesten-karsilayacak\/","title":{"rendered":"(Turkish) &#8217;Ode Yal\u0131t\u0131m&#8217; Elektrik \u0130htiyac\u0131n\u0131n % 60\u2019\u0131n\u0131 G\u00fcne\u015ften Kar\u015f\u0131layacak"},"content":{"rendered":"<p class=\"qtranxs-available-languages-message qtranxs-available-languages-message-en\">Sorry, this entry is only available in <a href=\"https:\/\/www.enerjigazetesi.ist\/tr\/wp-json\/wp\/v2\/posts\/145225\" class=\"qtranxs-available-language-link qtranxs-available-language-link-tr\" title=\"Turkish\">Turkish<\/a>. For the sake of viewer convenience, the content is shown below in the alternative language. You may click the link to switch the active language.<\/p><p><\/p>\n<h2><strong>ODE Yal\u0131t\u0131m, Eski\u015fehir\u2019deki 20 bin metrekarelik \u00fcretim tesisinin \u00e7at\u0131s\u0131n\u0131n tamam\u0131n\u0131 kaplayacak \u015fekilde g\u00fcne\u015f paneli kurarken 5.300 g\u00fcne\u015f panelinin yerle\u015ftirilece\u011fi, 2.400 kWp kurulu g\u00fcce sahip sistem, tesisin enerji ihtiyac\u0131n\u0131n % 60\u2019\u0131n\u0131 kar\u015f\u0131layacak.<\/strong><\/h2>\n<p><img loading=\"lazy\" class=\"alignright wp-image-145227\" src=\"https:\/\/www.enerjigazetesi.ist\/wp-content\/uploads\/2021\/11\/ode-yalitim-elektrik-ihtiyacinin-yuzde-60ini-gunesten-karsilayacak.jpg\" alt=\"\" width=\"320\" height=\"254\" srcset=\"https:\/\/www.enerjigazetesi.ist\/wp-content\/uploads\/2021\/11\/ode-yalitim-elektrik-ihtiyacinin-yuzde-60ini-gunesten-karsilayacak.jpg 550w, https:\/\/www.enerjigazetesi.ist\/wp-content\/uploads\/2021\/11\/ode-yalitim-elektrik-ihtiyacinin-yuzde-60ini-gunesten-karsilayacak-300x238.jpg 300w, https:\/\/www.enerjigazetesi.ist\/wp-content\/uploads\/2021\/11\/ode-yalitim-elektrik-ihtiyacinin-yuzde-60ini-gunesten-karsilayacak-500x396.jpg 500w, https:\/\/www.enerjigazetesi.ist\/wp-content\/uploads\/2021\/11\/ode-yalitim-elektrik-ihtiyacinin-yuzde-60ini-gunesten-karsilayacak-63x50.jpg 63w\" sizes=\"(max-width: 320px) 100vw, 320px\" \/>Eski\u015fehir\u2019deki <strong>20 bin metrekarelik \u00fcretim tesisinin \u00e7at\u0131s\u0131<\/strong>n\u0131n tamam\u0131n\u0131 kaplayacak \u015fekilde <strong>g\u00fcne\u015f paneli (fotovoltaik)<\/strong> kuran ODE Yal\u0131t\u0131m, tesisin elektrik ihtiyac\u0131n\u0131n <strong>% 60<\/strong>\u2019\u0131n\u0131 g\u00fcne\u015ften kar\u015f\u0131layacak.<\/p>\n<p>G\u00fcne\u015ften \u00fcretilecek enerjinin tamam\u0131n\u0131 <strong>\u00f6z t\u00fcketiminde<\/strong> kullanacak olan ODE Yal\u0131t\u0131m,<strong> 5.300 <\/strong>g\u00fcne\u015f panelinin yerle\u015ftirilece\u011fi sistem ile <strong>2.400 kWp<\/strong> kurulu g\u00fcce sahip olacak. Sistemin <strong>2022 y\u0131l\u0131 Mart ay\u0131nda<\/strong> devreye al\u0131nmas\u0131 hedefleniyor.<\/p>\n<h3><strong>Enerji ve suda t\u00fcketim ve fireler azalt\u0131l\u0131yor<\/strong><\/h3>\n<p>\u00c7evreye duyarl\u0131 \u00fcretim misyonuyla s\u00fcrd\u00fcrd\u00fckleri di\u011fer \u00e7al\u0131\u015fmalara de\u011finen <strong>ODE Yal\u0131t\u0131m Y\u00f6netim Kurulu Ba\u015fkan\u0131 Orhan Turan;<\/strong><em> \u201c<strong>AB \u0130klim Yasas\u0131<\/strong> ba\u015fta olmak \u00fczere <strong>ye\u015fil d\u00f6n\u00fc\u015f\u00fcm s\u00fcrecindeki<\/strong> t\u00fcm geli\u015fmeleri \u015firket i\u00e7inde olu\u015fturdu\u011fumuz <strong>Verimlilik Komitesi<\/strong> sayesinde yak\u0131ndan takip ediyoruz. Avrupa\u2019n\u0131n 2050 y\u0131l\u0131 i\u00e7in hedefledi\u011fi <strong>s\u0131f\u0131r at\u0131k hedefi<\/strong>ne \u015fimdiden \u00e7ok yak\u0131n\u0131z. \u00dcretti\u011fi <strong>yal\u0131t\u0131m \u00fcr\u00fcnleri<\/strong> gruplar\u0131n\u0131n tamam\u0131nda ve 16 \u00fcr\u00fcn serisinde <strong>\u00c7evresel \u00dcr\u00fcn Beyan\u0131 (EPD) belgesine<\/strong> sahip tek yal\u0131t\u0131m \u015firketiyiz. <strong>Enerji<\/strong> ve <strong>su t\u00fcketimini<\/strong> hem de <strong>fireleri azaltmak i\u00e7in<\/strong> \u00e7al\u0131\u015fmalar\u0131m\u0131z\u0131 s\u00fcrd\u00fcr\u00fcyoruz.\u201d ifadelerini kulland\u0131.<\/em><\/p>","protected":false},"excerpt":{"rendered":"<p>Sorry, this entry is only available in Turkish. For the sake of viewer convenience, the content is shown below in the alternative language. You may click the link to switch the active language. ODE Yal\u0131t\u0131m, Eski\u015fehir\u2019deki 20 bin metrekarelik \u00fcretim tesisinin \u00e7at\u0131s\u0131n\u0131n tamam\u0131n\u0131 kaplayacak \u015fekilde g\u00fcne\u015f paneli kurarken 5.300 g\u00fcne\u015f panelinin yerle\u015ftirilece\u011fi, 2.400 kWp kurulu [&hellip;]<\/p>\n","protected":false},"author":1,"featured_media":145228,"comment_status":"open","ping_status":"open","sticky":false,"template":"","format":"standard","meta":[],"categories":[51,53,49],"tags":[84265,98192,5070,1413,431,33913,98191],"views":197,"_links":{"self":[{"href":"https:\/\/www.enerjigazetesi.ist\/en\/wp-json\/wp\/v2\/posts\/145225"}],"collection":[{"href":"https:\/\/www.enerjigazetesi.ist\/en\/wp-json\/wp\/v2\/posts"}],"about":[{"href":"https:\/\/www.enerjigazetesi.ist\/en\/wp-json\/wp\/v2\/types\/post"}],"author":[{"embeddable":true,"href":"https:\/\/www.enerjigazetesi.ist\/en\/wp-json\/wp\/v2\/users\/1"}],"replies":[{"embeddable":true,"href":"https:\/\/www.enerjigazetesi.ist\/en\/wp-json\/wp\/v2\/comments?post=145225"}],"version-history":[{"count":0,"href":"https:\/\/www.enerjigazetesi.ist\/en\/wp-json\/wp\/v2\/posts\/145225\/revisions"}],"wp:featuredmedia":[{"embeddable":true,"href":"https:\/\/www.enerjigazetesi.ist\/en\/wp-json\/wp\/v2\/media\/145228"}],"wp:attachment":[{"href":"https:\/\/www.enerjigazetesi.ist\/en\/wp-json\/wp\/v2\/media?parent=145225"}],"wp:term":[{"taxonomy":"category","embeddable":true,"href":"https:\/\/www.enerjigazetesi.ist\/en\/wp-json\/wp\/v2\/categories?post=145225"},{"taxonomy":"post_tag","embeddable":true,"href":"https:\/\/www.enerjigazetesi.ist\/en\/wp-json\/wp\/v2\/tags?post=145225"}],"curies":[{"name":"wp","href":"https:\/\/api.w.org\/{rel}","templated":true}]}}