{"id":145192,"date":"2021-11-03T15:31:24","date_gmt":"2021-11-03T12:31:24","guid":{"rendered":"https:\/\/www.enerjigazetesi.ist\/?p=145192"},"modified":"2021-11-03T15:39:32","modified_gmt":"2021-11-03T12:39:32","slug":"kurakliktan-dolayi-yilin-son-3-ayina-yonelik-yekdem-maliyetleri-de-dustu","status":"publish","type":"post","link":"https:\/\/www.enerjigazetesi.ist\/en\/kurakliktan-dolayi-yilin-son-3-ayina-yonelik-yekdem-maliyetleri-de-dustu\/","title":{"rendered":"(Turkish) Kurakl\u0131k Y\u0131l\u0131n\u00a0Son 3 Ay\u0131na Y\u00f6nelik\u00a0YEKDEM Maliyetlerini de D\u00fc\u015f\u00fcrd\u00fc"},"content":{"rendered":"<p class=\"qtranxs-available-languages-message qtranxs-available-languages-message-en\">Sorry, this entry is only available in <a href=\"https:\/\/www.enerjigazetesi.ist\/tr\/wp-json\/wp\/v2\/posts\/145192\" class=\"qtranxs-available-language-link qtranxs-available-language-link-tr\" title=\"Turkish\">Turkish<\/a>. For the sake of viewer convenience, the content is shown below in the alternative language. You may click the link to switch the active language.<\/p><p><\/p>\n<h2>Enerji Piyasas\u0131 D\u00fczenleme Kurulu (EPDK) taraf\u0131ndan 28 Ekim 2021 tarihli ve 10524 say\u0131l\u0131 Karar ile Ekim, Kas\u0131m ve <img loading=\"lazy\" class=\"alignright wp-image-145195\" src=\"https:\/\/www.enerjigazetesi.ist\/wp-content\/uploads\/2021\/11\/kurakliktan-dolayi-yilin-son-3-ayina-yonelik-yekdem-maliyetleri-de-dustu.jpg\" alt=\"\" width=\"320\" height=\"211\" srcset=\"https:\/\/www.enerjigazetesi.ist\/wp-content\/uploads\/2021\/11\/kurakliktan-dolayi-yilin-son-3-ayina-yonelik-yekdem-maliyetleri-de-dustu.jpg 550w, https:\/\/www.enerjigazetesi.ist\/wp-content\/uploads\/2021\/11\/kurakliktan-dolayi-yilin-son-3-ayina-yonelik-yekdem-maliyetleri-de-dustu-300x197.jpg 300w, https:\/\/www.enerjigazetesi.ist\/wp-content\/uploads\/2021\/11\/kurakliktan-dolayi-yilin-son-3-ayina-yonelik-yekdem-maliyetleri-de-dustu-500x329.jpg 500w, https:\/\/www.enerjigazetesi.ist\/wp-content\/uploads\/2021\/11\/kurakliktan-dolayi-yilin-son-3-ayina-yonelik-yekdem-maliyetleri-de-dustu-76x50.jpg 76w\" sizes=\"(max-width: 320px) 100vw, 320px\" \/>Aral\u0131k 2021&#8217;e y\u00f6nelik ayl\u0131k olarak tedarik edilen birim enerji miktar\u0131 ba\u015f\u0131na \u00f6ng\u00f6r\u00fclen YEKDEM maliyetleri revize edildi.<\/h2>\n<p><span style=\"text-decoration: underline;\">Bu kapsamda;<\/span> <em>kurulu g\u00fc\u00e7, \u00fcretim miktar\u0131, t\u00fcketim miktar\u0131, dolar kuru ve PTF parametrelerindeki de\u011fi\u015fimler<\/em> sonras\u0131 <strong>2021 y\u0131l\u0131 son \u00e7eyrek<\/strong> tahmini YEKDEM birim <em>ek maliyeti ortalamas\u0131<\/em>, Ekim\u2019de <strong>63,33 TL\/MWh<\/strong>; Kas\u0131m\u2019da<strong> 22,21 TL\/MWh<\/strong> ve Aral\u0131k\u2019ta <strong>1,57 TL\/MWh<\/strong> olarak revize edildi.<\/p>\n<p><strong>EPDK,<\/strong> Temmuz 2021 sonunda<strong> YEKDEM maliyetlerinin,<\/strong> Ekim i\u00e7in <strong>86,14 TL\/MWh<\/strong>; Kas\u0131m i\u00e7in <strong>87,38 TL\/MWh<\/strong> ve Aral\u0131k ay\u0131 i\u00e7in ise<strong> 81,42 TL\/MWh<\/strong> olaca\u011f\u0131n\u0131 a\u00e7\u0131klam\u0131\u015ft\u0131.<\/p>","protected":false},"excerpt":{"rendered":"<p>Sorry, this entry is only available in Turkish. For the sake of viewer convenience, the content is shown below in the alternative language. You may click the link to switch the active language. Enerji Piyasas\u0131 D\u00fczenleme Kurulu (EPDK) taraf\u0131ndan 28 Ekim 2021 tarihli ve 10524 say\u0131l\u0131 Karar ile Ekim, Kas\u0131m ve Aral\u0131k 2021&#8217;e y\u00f6nelik ayl\u0131k [&hellip;]<\/p>\n","protected":false},"author":1,"featured_media":145195,"comment_status":"open","ping_status":"open","sticky":false,"template":"","format":"standard","meta":[],"categories":[51,53,49,47,50],"tags":[98177,19,750,34926,1090,8275,26939],"views":908,"_links":{"self":[{"href":"https:\/\/www.enerjigazetesi.ist\/en\/wp-json\/wp\/v2\/posts\/145192"}],"collection":[{"href":"https:\/\/www.enerjigazetesi.ist\/en\/wp-json\/wp\/v2\/posts"}],"about":[{"href":"https:\/\/www.enerjigazetesi.ist\/en\/wp-json\/wp\/v2\/types\/post"}],"author":[{"embeddable":true,"href":"https:\/\/www.enerjigazetesi.ist\/en\/wp-json\/wp\/v2\/users\/1"}],"replies":[{"embeddable":true,"href":"https:\/\/www.enerjigazetesi.ist\/en\/wp-json\/wp\/v2\/comments?post=145192"}],"version-history":[{"count":0,"href":"https:\/\/www.enerjigazetesi.ist\/en\/wp-json\/wp\/v2\/posts\/145192\/revisions"}],"wp:featuredmedia":[{"embeddable":true,"href":"https:\/\/www.enerjigazetesi.ist\/en\/wp-json\/wp\/v2\/media\/145195"}],"wp:attachment":[{"href":"https:\/\/www.enerjigazetesi.ist\/en\/wp-json\/wp\/v2\/media?parent=145192"}],"wp:term":[{"taxonomy":"category","embeddable":true,"href":"https:\/\/www.enerjigazetesi.ist\/en\/wp-json\/wp\/v2\/categories?post=145192"},{"taxonomy":"post_tag","embeddable":true,"href":"https:\/\/www.enerjigazetesi.ist\/en\/wp-json\/wp\/v2\/tags?post=145192"}],"curies":[{"name":"wp","href":"https:\/\/api.w.org\/{rel}","templated":true}]}}