{"id":145150,"date":"2021-11-03T12:25:33","date_gmt":"2021-11-03T09:25:33","guid":{"rendered":"https:\/\/www.enerjigazetesi.ist\/?p=145150"},"modified":"2021-11-03T12:25:33","modified_gmt":"2021-11-03T09:25:33","slug":"koc-holding-13-uncu-surdurulebilirlik-raporunu-yayinladi","status":"publish","type":"post","link":"https:\/\/www.enerjigazetesi.ist\/en\/koc-holding-13-uncu-surdurulebilirlik-raporunu-yayinladi\/","title":{"rendered":"(Turkish) Ko\u00e7 Holding 13\u2019\u00fcnc\u00fc S\u00fcrd\u00fcr\u00fclebilirlik Raporu&#8217;nu Yay\u0131nlad\u0131"},"content":{"rendered":"<p class=\"qtranxs-available-languages-message qtranxs-available-languages-message-en\">Sorry, this entry is only available in <a href=\"https:\/\/www.enerjigazetesi.ist\/tr\/wp-json\/wp\/v2\/posts\/145150\" class=\"qtranxs-available-language-link qtranxs-available-language-link-tr\" title=\"Turkish\">Turkish<\/a>. For the sake of viewer convenience, the content is shown below in the alternative language. You may click the link to switch the active language.<\/p><p><\/p>\n<h2>Ko\u00e7 Holding, 13\u2019\u00fcnc\u00fc S\u00fcrd\u00fcr\u00fclebilirlik Raporu\u2019nu yay\u0131nlarken ana kulvarlar\u0131n\u0131 i\u015f, insan, d\u00fcnya ve toplumun olu\u015fturdu\u011fu \u201cGelece\u011fe. Birlikte\u201d stratejisi, Ko\u00e7 Toplulu\u011fu\u2019nun sahip oldu\u011fu yetenek, eri\u015fim a\u011f\u0131, teknoloji ve inovasyon g\u00fcc\u00fcyle hayata ge\u00e7iriliyor.<\/h2>\n<p>Ko\u00e7 Holding Y\u00f6netim Kurulu Ba\u015fkan\u0131 <strong>\u00d6mer M. Ko\u00e7<\/strong>, 13\u2019\u00fcnc\u00fc <strong>S\u00fcrd\u00fcr\u00fclebilirlik Raporu<\/strong>\u2019nda yer alan de\u011ferlendirmesinde Ko\u00e7 Toplulu\u011fu\u2019nun payda\u015flar\u0131n\u0131 \u00f6nceliklendirmeye ve <strong>\u201c\u00f6nce insan\u201d<\/strong> yakla\u015f\u0131m\u0131 do\u011frultusunda de\u011fer yaratmaya devam etti\u011fini <span style=\"text-decoration: underline;\">belirterek \u015funlar\u0131 s\u00f6yledi:<\/span> <em>\u201cPandemi s\u00fcresince <strong>\u00e7evresel, sosyal ve kurumsal (ESG)<\/strong> alanlardaki riskleri ba\u015far\u0131yla y\u00f6netebilen \u015firketlerin daha <img loading=\"lazy\" class=\"alignright wp-image-145152\" src=\"https:\/\/www.enerjigazetesi.ist\/wp-content\/uploads\/2021\/11\/koc-holding-13-uncu-surdurulebilirlik-raporunu-yayinladi.jpg\" alt=\"\" width=\"320\" height=\"221\" srcset=\"https:\/\/www.enerjigazetesi.ist\/wp-content\/uploads\/2021\/11\/koc-holding-13-uncu-surdurulebilirlik-raporunu-yayinladi.jpg 550w, https:\/\/www.enerjigazetesi.ist\/wp-content\/uploads\/2021\/11\/koc-holding-13-uncu-surdurulebilirlik-raporunu-yayinladi-300x207.jpg 300w, https:\/\/www.enerjigazetesi.ist\/wp-content\/uploads\/2021\/11\/koc-holding-13-uncu-surdurulebilirlik-raporunu-yayinladi-500x345.jpg 500w, https:\/\/www.enerjigazetesi.ist\/wp-content\/uploads\/2021\/11\/koc-holding-13-uncu-surdurulebilirlik-raporunu-yayinladi-73x50.jpg 73w\" sizes=\"(max-width: 320px) 100vw, 320px\" \/>dayan\u0131kl\u0131 kalabildi\u011fine tan\u0131kl\u0131k ettik. \u0130\u00e7inde bulundu\u011fumuz d\u00f6n\u00fc\u015f\u00fcm \u00e7a\u011f\u0131nda sadece yat\u0131r\u0131mc\u0131lar de\u011fil, di\u011fer payda\u015f gruplar\u0131 da \u015firketlerden <strong>daha fazla sorumluluk almas\u0131n\u0131<\/strong> ve <strong>daha \u015feffaf olmas\u0131n\u0131<\/strong> talep ediyor. Biz de Ko\u00e7 Toplulu\u011fu olarak t\u00fcm payda\u015flar\u0131m\u0131z\u0131 dikkate alan bir ekonomik model olan payda\u015f kapitalizminin do\u011fru i\u015f yapma \u015fekli oldu\u011funu d\u00fc\u015f\u00fcn\u00fcyor; umut ve beklentilere cevap veren, <strong>k\u00fcresel sorunlarla m\u00fccadelede<\/strong> sorumluluk alan g\u00fcvenilir bir payda\u015f olmak i\u00e7in elimizden gelenin en iyisini yapma konusunda kararl\u0131l\u0131\u011f\u0131m\u0131z\u0131 ortaya koyuyoruz. S\u00fcrd\u00fcr\u00fclebilirlik stratejimiz <strong>\u2018Gelece\u011fe. Birlikte\u2019<\/strong> ve <strong>\u2018Birle\u015fmi\u015f Milletler K\u00fcresel \u0130lkeler S\u00f6zle\u015fmesi\u2019<\/strong>ne uzun vadeli ba\u011fl\u0131l\u0131\u011f\u0131m\u0131z\u0131n temelinde bu motivasyon yer al\u0131yor.\u201d<\/em><\/p>\n<p>Ko\u00e7 Holding CEO\u2019su Levent \u00c7ak\u0131ro\u011flu ise raporda yer alan g\u00f6r\u00fc\u015flerinde <span style=\"text-decoration: underline;\">\u015fu ifadeleri kulland\u0131:<\/span> <em>\u201cKo\u00e7 Holding olarak <strong>iklim de\u011fi\u015fikli\u011fiyle m\u00fccadelede<\/strong> ve bu konuda<strong> kendi ekosistemimizi harekete ge\u00e7irme<\/strong> noktas\u0131nda<strong> liderlik rol\u00fc \u00fcstlenme<\/strong> sorumlulu\u011fumuz oldu\u011funu d\u00fc\u015f\u00fcn\u00fcyoruz. Ayr\u0131ca, en yak\u0131n ticaret orta\u011f\u0131m\u0131z olan Avrupa Birli\u011fi, 2050 y\u0131l\u0131na kadar ilk <strong>iklim-n\u00f6tr k\u0131ta<\/strong> olma hedefini i\u00e7eren bir ekonomik b\u00fcy\u00fcme modelini hayata ge\u00e7irdi. B\u00fct\u00fcn bu geli\u015fmeler do\u011frultusunda, yeni iklim g\u00fcndemi kapsam\u0131nda haz\u0131rl\u0131kl\u0131 ve diren\u00e7li olmak i\u00e7in \u00e7al\u0131\u015fmalar\u0131m\u0131z\u0131 h\u0131zland\u0131rarak <strong>2050 y\u0131l\u0131na kadar<\/strong> <strong>karbon n\u00f6tr olma<\/strong> hedefimizi somutla\u015ft\u0131rmak i\u00e7in<strong> Karbon D\u00f6n\u00fc\u015f\u00fcm Program\u0131<\/strong>m\u0131z\u0131 ba\u015flatt\u0131k. <strong>D\u00fc\u015f\u00fck karbon ekonomisine ge\u00e7i\u015f<\/strong> konusunu <strong>k\u00fclt\u00fcrel d\u00f6n\u00fc\u015f\u00fcm program\u0131m\u0131z\u0131n<\/strong> \u00e7ok \u00f6nemli bir par\u00e7as\u0131 olarak g\u00f6r\u00fcyoruz. Bu s\u00fcre\u00e7te \u015firketlerimizin sahip olduklar\u0131 bilgi birikimini ve en iyi uygulamalar\u0131 payla\u015farak birbirlerine destek olmalar\u0131n\u0131 ve karbon d\u00f6n\u00fc\u015f\u00fcm\u00fcm\u00fcze katk\u0131 sa\u011flayacak i\u015f ortakl\u0131klar\u0131n\u0131 hayata ge\u00e7irmelerini sa\u011flayacak; i\u015fimizi t\u00fcm payda\u015flar\u0131m\u0131z i\u00e7in de\u011fer yaratacak \u015fekilde b\u00fcy\u00fctmek i\u00e7in her f\u0131rsat\u0131 de\u011ferlendirece\u011fiz.\u201d<\/em><\/p>\n<p>Ko\u00e7 Toplulu\u011fu <strong>13\u2019\u00fcnc\u00fc S\u00fcrd\u00fcr\u00fclebilirlik Raporu<\/strong>\u2019nda <span style=\"text-decoration: underline;\">\u00f6ne \u00e7\u0131kan noktalar \u015f\u00f6yle:<\/span><\/p>\n<p>&#8211; Ko\u00e7 Holding, <strong>d\u00fc\u015f\u00fck karbon ekonomisine ge\u00e7i\u015f<\/strong> yolculu\u011funun \u00f6nemli ad\u0131mlar\u0131ndan biri olarak, s\u0131f\u0131r karbona ula\u015fmay\u0131 hedefleyen d\u00fcnyan\u0131n \u00f6nde gelen kurulu\u015flar\u0131n\u0131 bir araya getiren <strong>\u201c\u0130klimle Ba\u011flant\u0131l\u0131 Finansal Beyanlar G\u00f6rev G\u00fcc\u00fc\u201dne (TCFD)<\/strong> destek veren \u015firketler aras\u0131na kat\u0131ld\u0131.<\/p>\n<p>&#8211; Ko\u00e7 Holding, <strong>D\u00fcnya Ekonomik Forumu (WEF)<\/strong> b\u00fcnyesinde Uluslararas\u0131 \u0130\u015f Konseyi taraf\u0131ndan olu\u015fturulan <strong>\u201cPayda\u015f Kapitalizmi G\u00f6stergeleri\u201d<\/strong>ni kurumsal raporlamalar\u0131nda kullanaca\u011f\u0131n\u0131 taahh\u00fct eden T\u00fcrkiye\u2019deki ilk \u015firket oldu.<\/p>\n<p>&#8211; 2020 y\u0131l\u0131nda ilk defa Ko\u00e7 Toplulu\u011fu \u00f6l\u00e7e\u011finde <strong>2019 y\u0131l\u0131 sera gaz\u0131 emisyonu<\/strong> do\u011frulatma \u00e7al\u0131\u015fmalar\u0131 y\u00fcr\u00fct\u00fcld\u00fc ve <em>ISO 14064-1 Sera Gaz\u0131 Emisyonlar\u0131n\u0131n Do\u011frulanmas\u0131 ve Raporlanmas\u0131 Standard\u0131<\/em> \u00e7er\u00e7evesinde \u00fc\u00e7\u00fcnc\u00fc taraf ba\u011f\u0131ms\u0131z bir kurulu\u015fa do\u011frulat\u0131ld\u0131.<\/p>\n<p>&#8211; <strong>Enerji verimlili\u011fi projeleri<\/strong> ile yakla\u015f\u0131k 54 bin ton <strong>CO<sub>2<\/sub>e emisyonu azalt\u0131m\u0131<\/strong> sa\u011fland\u0131, enerji yo\u011funlu\u011fu bir \u00f6nceki y\u0131la g\u00f6re %14 azalma ile 340,82 GJ\/milyon TL ger\u00e7ekle\u015fti. Toplam su t\u00fcketiminde \u00f6nceki y\u0131la g\u00f6re yakla\u015f\u0131k %17 azalt\u0131m sa\u011fland\u0131.<\/p>\n<p>&#8211; Topluluk genelinde <strong>fen, teknoloji, m\u00fchendislik <\/strong>ve<strong> matematik (STEM)<\/strong> pozisyonlar\u0131ndaki kad\u0131n \u00e7al\u0131\u015fan oran\u0131 2020 y\u0131l\u0131 itibar\u0131yla <strong>%21<\/strong> seviyesinde ger\u00e7ekle\u015firken, Topluluk genelinde engelli \u00e7al\u0131\u015fan say\u0131s\u0131 ise <strong>1.764<\/strong> oldu.<\/p>\n<p>&#8211; T\u00fcm Ko\u00e7 Toplulu\u011fu \u015firketleri, \u00e7al\u0131\u015fanlar\u0131, Topluluk ad\u0131na hareket edenler ve i\u015f ortaklar\u0131na yol g\u00f6stermeyi ve rehberlik etmeyi ama\u00e7layan <strong>Ko\u00e7 Toplulu\u011fu Etik \u0130lkeleri 2020 y\u0131l\u0131nda<\/strong> g\u00fcncellendi. Ko\u00e7 Toplulu\u011fu, 2020 y\u0131l\u0131nda i\u015f eti\u011fi ile uyumlu olarak <strong>\u0130nsan Haklar\u0131 Politikas\u0131<\/strong> haz\u0131rlad\u0131 ve s\u00f6z konusu politika y\u00f6netim kurulu taraf\u0131ndan onaylanarak y\u00fcr\u00fcrl\u00fc\u011fe kondu.<\/p>\n<p>&#8211; Ko\u00e7 Holding, Birle\u015fmi\u015f Milletler Kad\u0131n Birimi\u2019nin <strong>toplumsal cinsiyet e\u015fitli\u011fi<\/strong> \u00e7al\u0131\u015fmalar\u0131na y\u00f6n veren <strong>Nesiller Boyu E\u015fitlik Forumu<\/strong>\u2019nun <strong>Paris Zirvesi<\/strong>\u2019nde \u00f6n\u00fcm\u00fczdeki 5 y\u0131ll\u0131k yol haritas\u0131n\u0131 ve 3 ana taahh\u00fcd\u00fcn\u00fc a\u00e7\u0131klad\u0131. <span style=\"text-decoration: underline;\">Buna g\u00f6re:<\/span><\/p>\n<p>&#8211;&gt;Ko\u00e7 Toplulu\u011fu genelinde <strong>Ko\u00e7 \u0130novasyon Program\u0131<\/strong> \u00e7at\u0131s\u0131 alt\u0131nda y\u00fcr\u00fct\u00fclen inovasyon \u00e7al\u0131\u015fmalar\u0131 toplumsal cinsiyet e\u015fitli\u011fine duyarl\u0131 bir bak\u0131\u015f a\u00e7\u0131s\u0131yla y\u00fcr\u00fct\u00fclecek ve bu alanda k\u00fcresel \u00f6l\u00e7ekte faydalan\u0131lacak bir rehber haz\u0131rlanacak.<\/p>\n<p>&#8211;&gt;Ko\u00e7 Toplulu\u011fu \u015firketlerinin, teknoloji ve inovasyon alan\u0131nda kad\u0131nlar ve k\u0131z \u00e7ocuklar\u0131na y\u00f6nelik y\u00fcr\u00fctt\u00fckleri projeleri ve gelece\u011fe d\u00f6n\u00fck planlar\u0131n\u0131 Birle\u015fmi\u015f Milletler Kad\u0131n Birimi Nesiller Boyu E\u015fitlik Forumu\u2019nun k\u00fcresel a\u011f\u0131na ta\u015f\u0131malar\u0131 ve \u00e7\u00f6z\u00fcme y\u00f6nelik taahh\u00fct vermeleri te\u015fvik edilecek.<\/p>\n<p>&#8211;&gt;<strong>Teknoloji<\/strong> ve<strong> inovasyondaki<\/strong> cinsiyet u\u00e7urumunu kapatmak amac\u0131yla kad\u0131nlar taraf\u0131ndan y\u00f6netilen giri\u015fimlerle i\u015f birlikleri kurulmas\u0131 desteklenecek.<\/p>\n<p>Ko\u00e7 Holding <strong>dijital d\u00f6n\u00fc\u015f\u00fcm g\u00fcndemini<\/strong> ve bu s\u00fcre\u00e7te edindi\u011fi deneyimleri yayg\u0131nla\u015ft\u0131rmaya devam etti. <strong>Birle\u015fmi\u015f Milletler Kalk\u0131nma Program\u0131 (UNDP)<\/strong> ve <strong>Ko\u00e7 \u00dcniversitesi Giri\u015fimcilik Ara\u015ft\u0131rma Merkezi (KWORKS)<\/strong> i\u015f birlikleri ile hayata ge\u00e7irdi\u011fi <strong>BOOST Sivil Toplum Teknoloji H\u0131zland\u0131rma Program\u0131<\/strong> ile Ko\u00e7 Toplulu\u011fu <strong>dijital d\u00f6n\u00fc\u015f\u00fcm liderlerinin<\/strong> <strong>g\u00f6n\u00fcll\u00fc katk\u0131lar\u0131yla, sivil toplum kurulu\u015flar\u0131n\u0131n sosyal sorunlara dijital teknolojiler<\/strong> arac\u0131l\u0131\u011f\u0131yla \u00e7\u00f6z\u00fcmler \u00fcretmesi konusunda destek oldu.<\/p>","protected":false},"excerpt":{"rendered":"<p>Sorry, this entry is only available in Turkish. For the sake of viewer convenience, the content is shown below in the alternative language. You may click the link to switch the active language. Ko\u00e7 Holding, 13\u2019\u00fcnc\u00fc S\u00fcrd\u00fcr\u00fclebilirlik Raporu\u2019nu yay\u0131nlarken ana kulvarlar\u0131n\u0131 i\u015f, insan, d\u00fcnya ve toplumun olu\u015fturdu\u011fu \u201cGelece\u011fe. Birlikte\u201d stratejisi, Ko\u00e7 Toplulu\u011fu\u2019nun sahip oldu\u011fu yetenek, [&hellip;]<\/p>\n","protected":false},"author":1,"featured_media":145152,"comment_status":"open","ping_status":"open","sticky":false,"template":"","format":"standard","meta":[],"categories":[53,52],"tags":[98151,2371,63596,60820,97283,1247,1609,98152,20032,872,98150],"views":141,"_links":{"self":[{"href":"https:\/\/www.enerjigazetesi.ist\/en\/wp-json\/wp\/v2\/posts\/145150"}],"collection":[{"href":"https:\/\/www.enerjigazetesi.ist\/en\/wp-json\/wp\/v2\/posts"}],"about":[{"href":"https:\/\/www.enerjigazetesi.ist\/en\/wp-json\/wp\/v2\/types\/post"}],"author":[{"embeddable":true,"href":"https:\/\/www.enerjigazetesi.ist\/en\/wp-json\/wp\/v2\/users\/1"}],"replies":[{"embeddable":true,"href":"https:\/\/www.enerjigazetesi.ist\/en\/wp-json\/wp\/v2\/comments?post=145150"}],"version-history":[{"count":0,"href":"https:\/\/www.enerjigazetesi.ist\/en\/wp-json\/wp\/v2\/posts\/145150\/revisions"}],"wp:featuredmedia":[{"embeddable":true,"href":"https:\/\/www.enerjigazetesi.ist\/en\/wp-json\/wp\/v2\/media\/145152"}],"wp:attachment":[{"href":"https:\/\/www.enerjigazetesi.ist\/en\/wp-json\/wp\/v2\/media?parent=145150"}],"wp:term":[{"taxonomy":"category","embeddable":true,"href":"https:\/\/www.enerjigazetesi.ist\/en\/wp-json\/wp\/v2\/categories?post=145150"},{"taxonomy":"post_tag","embeddable":true,"href":"https:\/\/www.enerjigazetesi.ist\/en\/wp-json\/wp\/v2\/tags?post=145150"}],"curies":[{"name":"wp","href":"https:\/\/api.w.org\/{rel}","templated":true}]}}