{"id":145134,"date":"2021-11-02T19:07:27","date_gmt":"2021-11-02T16:07:27","guid":{"rendered":"https:\/\/www.enerjigazetesi.ist\/?p=145134"},"modified":"2021-11-02T19:11:51","modified_gmt":"2021-11-02T16:11:51","slug":"bmx-dunya-sampiyonasi-ve-mtb-heyecani-sakaryada-yasandi","status":"publish","type":"post","link":"https:\/\/www.enerjigazetesi.ist\/en\/bmx-dunya-sampiyonasi-ve-mtb-heyecani-sakaryada-yasandi\/","title":{"rendered":"(Turkish) BMX D\u00fcnya \u015eampiyonas\u0131 Heyecan\u0131 Sakarya&#8217;da Ya\u015fand\u0131"},"content":{"rendered":"<p class=\"qtranxs-available-languages-message qtranxs-available-languages-message-en\">Sorry, this entry is only available in <a href=\"https:\/\/www.enerjigazetesi.ist\/tr\/wp-json\/wp\/v2\/posts\/145134\" class=\"qtranxs-available-language-link qtranxs-available-language-link-tr\" title=\"Turkish\">Turkish<\/a>. For the sake of viewer convenience, the content is shown below in the alternative language. You may click the link to switch the active language.<\/p><p><\/p>\n<h2>T\u00fcrkiye\u2019de ilk kez BMX D\u00fcnya Kupas\u0131\u2019na ev sahipli\u011fi yap\u0131yor. 30\u2019dan fazla \u00fclkeden yakla\u015f\u0131k 250 sporcu kat\u0131ld\u0131. D\u00fcnyan\u0131n say\u0131l\u0131 bisiklet tesisleri aras\u0131nda yer alan Ay\u00e7i\u00e7e\u011fi Bisiklet Vadisi&#8217;nin BMX D\u00fcnya \u015eampiyonas\u0131\u2019na ev sahipli\u011fi yapt\u0131\u011f\u0131n\u0131 aktaran Sakarya<strong>\u00a0<\/strong>B\u00fcy\u00fck\u015fehir Belediye Ba\u015fkan\u0131 Ekrem Y\u00fcce, &#8220;\u015eehrimize yak\u0131\u015fan yeni bir organizasyona ev sahipli\u011fi yapman\u0131n gururunu ya\u015f\u0131yoruz.&#8221; ifadesini kulland\u0131.<\/h2>\n<p>Sakarya\u2019n\u0131n d\u00fcnyada sadece 13 \u015fehirde bulunan <strong>&#8220;Bisiklet Dostu \u015eehir&#8221;<\/strong> unvan\u0131na sahip oldu\u011funu belirten ba\u015fkan, \u015fehrin<strong> 2020 D\u00fcnya Da\u011f Bisikleti Maraton \u015eampiyonas\u0131<\/strong>, <strong>Da\u011f Bisikleti \u015eampiyonas\u0131, Cumhurba\u015fkanl\u0131\u011f\u0131 Bisiklet Turu<\/strong> gibi ulusal ve uluslararas\u0131 bir\u00e7ok organizasyona en g\u00fczel \u015fekilde ev sahipli\u011fi yapt\u0131\u011f\u0131n\u0131 kaydetti.<\/p>\n<p style=\"text-align: center;\"><img loading=\"lazy\" class=\"aligncenter wp-image-145136\" src=\"https:\/\/www.enerjigazetesi.ist\/wp-content\/uploads\/2021\/11\/bmx-dunya-sampiyonasi-ve-mtb-heyecani-sakaryada-yasandi-2.jpg\" alt=\"\" width=\"500\" height=\"306\" srcset=\"https:\/\/www.enerjigazetesi.ist\/wp-content\/uploads\/2021\/11\/bmx-dunya-sampiyonasi-ve-mtb-heyecani-sakaryada-yasandi-2.jpg 819w, https:\/\/www.enerjigazetesi.ist\/wp-content\/uploads\/2021\/11\/bmx-dunya-sampiyonasi-ve-mtb-heyecani-sakaryada-yasandi-2-300x184.jpg 300w, https:\/\/www.enerjigazetesi.ist\/wp-content\/uploads\/2021\/11\/bmx-dunya-sampiyonasi-ve-mtb-heyecani-sakaryada-yasandi-2-768x471.jpg 768w, https:\/\/www.enerjigazetesi.ist\/wp-content\/uploads\/2021\/11\/bmx-dunya-sampiyonasi-ve-mtb-heyecani-sakaryada-yasandi-2-500x306.jpg 500w, https:\/\/www.enerjigazetesi.ist\/wp-content\/uploads\/2021\/11\/bmx-dunya-sampiyonasi-ve-mtb-heyecani-sakaryada-yasandi-2-80x50.jpg 80w\" sizes=\"(max-width: 500px) 100vw, 500px\" \/><\/p>\n<p><strong>Ayr\u0131ca <\/strong><em>&#8220;Yerli ve yabanc\u0131 bir\u00e7ok kat\u0131l\u0131mc\u0131, BMX D\u00fcnya \u015eampiyonas\u0131 i\u00e7in \u015fehrimize gelerek kurulacak <strong>EXPO<\/strong> alan\u0131nda \u015fampiyonan\u0131n heyecan\u0131 ya\u015fand\u0131. Bu gurur<strong> Sakarya<\/strong>\u2019m\u0131z\u0131n. \u015eehrin tamam\u0131n\u0131 saran bisiklet yollar\u0131m\u0131zla, <strong>Sakbis ak\u0131ll\u0131 bisiklet istasyonlar\u0131<\/strong>m\u0131zla, \u015fampiyonalara ev sahipli\u011fi yapan<strong> Ay\u00e7i\u00e7e\u011fi Bisiklet Vadimiz<\/strong> ile, bisiklet sporuna olan d\u00fcnya \u00e7ap\u0131ndaki katk\u0131lar\u0131m\u0131zla <strong>3 Haziran D\u00fcnya Bisiklet G\u00fcn\u00fc<\/strong>\u2019n\u00fc co\u015fkuyla kutlayaca\u011f\u0131z&#8221;<\/em> ifadelerine de kulland\u0131.<\/p>\n<p>D\u00fcnya \u00e7ap\u0131nda T\u00fcrkiye\u2019den ve Sakarya\u2019dan \u00e7ok say\u0131da sporseverin kat\u0131ld\u0131\u011f\u0131 yar\u0131\u015f heyecan\u0131 tamamlan\u0131rken yar\u0131\u015f heyecan\u0131 vadi i\u00e7indeki <strong>\u201cda\u011f bisikleti\u201d<\/strong> parkurunda MTB Sakarya CUP ile ba\u015flad\u0131. Da\u011f maratonu yar\u0131\u015flar\u0131 vadi i\u00e7indeki <strong>4 bin 500 metre karelik<\/strong> parkurda yap\u0131ld\u0131. Elit erkekler ve elit kad\u0131nlar olmak \u00fczere<strong> 2 kategoride<\/strong> pedal \u00e7eviren sporcular<strong> alt\u0131n madalya<\/strong> i\u00e7in k\u0131yas\u0131ya bir m\u00fccadele sergiledi.<\/p>\n<p><strong>Elit Erkekler<\/strong>\u2019de \u0130svi\u00e7reli <strong>Albin V\u0131tal<\/strong> birinci,<strong> Walter Simon<\/strong> ikinci,<strong> Walter Andrin<\/strong> ise \u00fc\u00e7\u00fcnc\u00fc oldu. Elit Kad\u0131nlar kategorisinde ise Ukraynal\u0131 <strong>Popova Iryna<\/strong> yar\u0131\u015f\u0131 birinci, Kazakistanl\u0131<strong> Sarkulova Al\u0131na<\/strong> ikinci, Taylandl\u0131<strong> Fetpraphan Warinthorn<\/strong> \u00fc\u00e7\u00fcnc\u00fc tamamlad\u0131. Dereceye giren bisiklet\u00e7ilere, madalyalar\u0131 podyumda takdim edilirken yar\u0131\u015f b\u00fcy\u00fck bir heyecanla k\u0131yas\u0131ya m\u00fccadele ile tamamland\u0131.<\/p>\n<p>Yay\u0131na Haz\u0131rlayan: Beyza ERSAN \u2013 Enerji Sistemleri M\u00fchendisi \u2013\u00a0<a href=\"mailto:ersannbeyza@gmail.com\" target=\"_blank\" rel=\"noopener\">ersannbeyza@gmail.com<\/a><\/p>","protected":false},"excerpt":{"rendered":"<p>Sorry, this entry is only available in Turkish. For the sake of viewer convenience, the content is shown below in the alternative language. You may click the link to switch the active language. T\u00fcrkiye\u2019de ilk kez BMX D\u00fcnya Kupas\u0131\u2019na ev sahipli\u011fi yap\u0131yor. 30\u2019dan fazla \u00fclkeden yakla\u015f\u0131k 250 sporcu kat\u0131ld\u0131. D\u00fcnyan\u0131n say\u0131l\u0131 bisiklet tesisleri aras\u0131nda yer [&hellip;]<\/p>\n","protected":false},"author":1,"featured_media":145137,"comment_status":"open","ping_status":"open","sticky":false,"template":"","format":"standard","meta":[],"categories":[53],"tags":[98144,97906,98142,98143,98145,87056],"views":105,"_links":{"self":[{"href":"https:\/\/www.enerjigazetesi.ist\/en\/wp-json\/wp\/v2\/posts\/145134"}],"collection":[{"href":"https:\/\/www.enerjigazetesi.ist\/en\/wp-json\/wp\/v2\/posts"}],"about":[{"href":"https:\/\/www.enerjigazetesi.ist\/en\/wp-json\/wp\/v2\/types\/post"}],"author":[{"embeddable":true,"href":"https:\/\/www.enerjigazetesi.ist\/en\/wp-json\/wp\/v2\/users\/1"}],"replies":[{"embeddable":true,"href":"https:\/\/www.enerjigazetesi.ist\/en\/wp-json\/wp\/v2\/comments?post=145134"}],"version-history":[{"count":0,"href":"https:\/\/www.enerjigazetesi.ist\/en\/wp-json\/wp\/v2\/posts\/145134\/revisions"}],"wp:featuredmedia":[{"embeddable":true,"href":"https:\/\/www.enerjigazetesi.ist\/en\/wp-json\/wp\/v2\/media\/145137"}],"wp:attachment":[{"href":"https:\/\/www.enerjigazetesi.ist\/en\/wp-json\/wp\/v2\/media?parent=145134"}],"wp:term":[{"taxonomy":"category","embeddable":true,"href":"https:\/\/www.enerjigazetesi.ist\/en\/wp-json\/wp\/v2\/categories?post=145134"},{"taxonomy":"post_tag","embeddable":true,"href":"https:\/\/www.enerjigazetesi.ist\/en\/wp-json\/wp\/v2\/tags?post=145134"}],"curies":[{"name":"wp","href":"https:\/\/api.w.org\/{rel}","templated":true}]}}