{"id":145084,"date":"2021-11-02T14:04:02","date_gmt":"2021-11-02T11:04:02","guid":{"rendered":"https:\/\/www.enerjigazetesi.ist\/?p=145084"},"modified":"2021-11-02T14:32:54","modified_gmt":"2021-11-02T11:32:54","slug":"dijital-olgunlugunuz-ne-seviyede","status":"publish","type":"post","link":"https:\/\/www.enerjigazetesi.ist\/en\/dijital-olgunlugunuz-ne-seviyede\/","title":{"rendered":"(Turkish) Dijital Olgunlu\u011funuz Ne Seviyede?"},"content":{"rendered":"<p class=\"qtranxs-available-languages-message qtranxs-available-languages-message-en\">Sorry, this entry is only available in <a href=\"https:\/\/www.enerjigazetesi.ist\/tr\/wp-json\/wp\/v2\/posts\/145084\" class=\"qtranxs-available-language-link qtranxs-available-language-link-tr\" title=\"Turkish\">Turkish<\/a>. For the sake of viewer convenience, the content is shown below in the alternative language. You may click the link to switch the active language.<\/p><p><\/p>\n<h2>Dijital d\u00f6n\u00fc\u015f\u00fcm i\u015fletmeler i\u00e7in ba\u015far\u0131ya giden uzun bir yolculuk ve bu yolculukta \u015firketlerin nerede olduklar\u0131n\u0131 bilmeleri en kritik konular\u0131n ba\u015f\u0131nda gelmekte. G\u00fcn\u00fcm\u00fczde her \u015firket bu yolculukta kendine g\u00f6re bir dijital d\u00f6n\u00fc\u015f\u00fcm uygulamaya \u00e7al\u0131\u015fmakta. EG\u0130AD da &#8220;Dijital Olgunluk D\u00fczeyi Belirleme \u00c7al\u0131\u015fmas\u0131\u201d ile T\u0130M-Sabanc\u0131 \u00dcniversitesi \u0130NOSU\u0130T Program\u0131 Mentoru Sel\u00e7uk Karaata&#8217;n\u0131n kat\u0131l\u0131mlar\u0131yla dijitalle\u015fme kapasitesi ve yetkinli\u011finin belirlenmesine y\u00f6nelik \u00f6nemli bir \u00e7al\u0131\u015fma ba\u015flatt\u0131.<img loading=\"lazy\" class=\"alignright wp-image-145086\" src=\"https:\/\/www.enerjigazetesi.ist\/wp-content\/uploads\/2021\/11\/dijital-olgunlugunuz-ne-seviyede.jpg\" alt=\"\" width=\"320\" height=\"271\" srcset=\"https:\/\/www.enerjigazetesi.ist\/wp-content\/uploads\/2021\/11\/dijital-olgunlugunuz-ne-seviyede.jpg 550w, https:\/\/www.enerjigazetesi.ist\/wp-content\/uploads\/2021\/11\/dijital-olgunlugunuz-ne-seviyede-300x254.jpg 300w, https:\/\/www.enerjigazetesi.ist\/wp-content\/uploads\/2021\/11\/dijital-olgunlugunuz-ne-seviyede-473x400.jpg 473w, https:\/\/www.enerjigazetesi.ist\/wp-content\/uploads\/2021\/11\/dijital-olgunlugunuz-ne-seviyede-59x50.jpg 59w, https:\/\/www.enerjigazetesi.ist\/wp-content\/uploads\/2021\/11\/dijital-olgunlugunuz-ne-seviyede-500x423.jpg 500w\" sizes=\"(max-width: 320px) 100vw, 320px\" \/><\/h2>\n<p>Buna g\u00f6re firmalar\u0131n dijitalle\u015fme s\u00fcre\u00e7lerinde yol g\u00f6sterici olmak amac\u0131yla <strong>dijital olgunluk modeli<\/strong> ve d\u00fczey belirleme arac\u0131 <strong>EG\u0130AD giri\u015fimiyle<\/strong> devreye girecek. Bu \u00f6l\u00e7\u00fcmleme modeli \u00f6n\u00fcm\u00fczdeki g\u00fcnlerde <strong>T\u0130M-Sabanc\u0131 \u00dcniversitesi \u0130NOSU\u0130T Program\u0131<\/strong> Mentoru Sel\u00e7uk Karaata liderli\u011finde EG\u0130AD \u00fcyesi g\u00f6n\u00fcll\u00fc \u015firketlerde uygulanmaya ba\u015flanacak.<\/p>\n<p><strong>&#8220;Dijital Olgunluk D\u00fczeyi Belirleme \u00c7al\u0131\u015fmas\u0131\u201d<\/strong> d\u00fczenlenen bir webinar ile EG\u0130AD \u00fcyelerine aktar\u0131ld\u0131. Toplant\u0131ya EG\u0130AD Ba\u015fkan Vekili <strong>Cem Demirci<\/strong> ev sahipli\u011fi yaparken, moderat\u00f6rl\u00fc\u011f\u00fc EG\u0130AD Genel Sekreteri <strong>Prof. Dr. Fatih Dalk\u0131l\u0131\u00e7<\/strong> ger\u00e7ekle\u015ftirdi.<\/p>\n<h3><strong>Dijitalle\u015fmeyle Birlikte Yeni D\u00f6nem Ba\u015flad\u0131<\/strong><\/h3>\n<p>EG\u0130AD Ba\u015fkan Vekili Cem Demirci toplant\u0131n\u0131n a\u00e7\u0131l\u0131\u015f konu\u015fmas\u0131nda, dijital d\u00f6n\u00fc\u015f\u00fcm\u00fcn h\u0131zla geli\u015fen <strong>bilgi<\/strong> ve <strong>ileti\u015fim teknolojilerinin<\/strong> sundu\u011fu imkanlar do\u011frultusunda toplumsal bir ihtiya\u00e7 oldu\u011funu belirterek, \u201c<strong>Bulut bili\u015fim, dijital medya, b\u00fcy\u00fck veri, yapay zek\u00e2, art\u0131r\u0131lm\u0131\u015f ger\u00e7eklik, nesnelerin interneti <\/strong>ve <strong>3 boyutlu yaz\u0131c\u0131lar\u0131n<\/strong> \u00e7\u0131\u011f\u0131r a\u00e7an etkisi gibi geli\u015fmeler yeni bir d\u00f6nem ba\u015flatm\u0131\u015ft\u0131r. Dijital teknolojiler ile ilk olarak otomasyon ba\u015fl\u0131\u011f\u0131 alt\u0131nda analog kay\u0131tlar dijital ortamda i\u015flenir hale getirilmi\u015f ve sonras\u0131nda ise <strong>e-hizmet<\/strong> ba\u015fl\u0131\u011f\u0131 alt\u0131nda s\u00fcre\u00e7ler <strong>dijital ortama<\/strong> aktar\u0131lm\u0131\u015ft\u0131r. Gelinen noktada ise dijital d\u00f6n\u00fc\u015f\u00fcm alt\u0131nda <strong>t\u00fcm kurumsal varl\u0131klar<\/strong> ve<strong> payda\u015f ili\u015fkileri<\/strong> dijital ortamda yeniden tan\u0131mlanmaktad\u0131r\u201d dedi.<\/p>\n<h3><strong>EG\u0130AD D2 Projesi \u0130le Tamamen Dijitalle\u015fti<\/strong><\/h3>\n<p>EG\u0130AD\u2019\u0131n dijital d\u00f6n\u00fc\u015f\u00fcme h\u0131zl\u0131 bir giri\u015f yapt\u0131\u011f\u0131n\u0131 hat\u0131rlatan Demirci,<em> \u201cKendimizden \u00f6rnek vermek gerekirse <strong>EG\u0130AD D2 Projesi<\/strong> de bu \u00e7er\u00e7evede tamamlanarak hayata ge\u00e7irilmi\u015ftir. <strong>Mobil Uygulama<\/strong> \u00fczerinden<strong> iOS<\/strong> ve <strong>Android<\/strong> olarak tasarlanan<strong> D2<\/strong> ile<strong> EG\u0130AD \u00fcyeleri<\/strong> birbirleriyle <strong>dijital a\u011f \u00fczerinden otomatik<\/strong> olarak ba\u011flanm\u0131\u015f oldu. Bu kapsamda, kurumun yapt\u0131\u011f\u0131 her etkinlik dijital ortamdan takip edilebildi\u011fi gibi <strong>kay\u0131t<\/strong> ve <strong>sekretarya<\/strong> gibi i\u015flemlerin ise dijitale aktar\u0131lmas\u0131 sa\u011fland\u0131. Bu do\u011frultuda mevcut \u00fcyelerimizin etkinliklere kat\u0131l\u0131m\u0131n\u0131 \u00e7o\u011faltmak, yeni \u00fcye kazan\u0131m\u0131n\u0131 sa\u011flamak, \u00fcyeler aras\u0131 ticareti ger\u00e7ekle\u015ftirmek gibi hedefler hayata ge\u00e7irilmi\u015f oldu\u201d<\/em> dedi.<\/p>\n<p>Dijital d\u00f6n\u00fc\u015f\u00fcm\u00fcn, <strong>yeni ko\u015fullara<\/strong> ve beklentilere <strong>uyum sa\u011flamay\u0131<\/strong> ve <strong>\u00e7evikli\u011fi<\/strong> gerektirdi\u011finden, en ba\u015far\u0131l\u0131 organizasyonlar\u0131n dahi d\u00f6n\u00fc\u015f\u00fcm\u00fcn\u00fc tamamlamakta zorluk \u00e7ekti\u011fi bir ortamda, EG\u0130AD\u2019\u0131n h\u0131zl\u0131 ve yerinde kararlar ile dijitalle\u015fme at\u0131l\u0131m\u0131n\u0131 ger\u00e7ekle\u015ftirdi\u011fine dikkat \u00e7eken Demirci, <em>\u201cDijital d\u00f6n\u00fc\u015f\u00fcm s\u00fcreci kolay de\u011fildir \u00e7\u00fcnk\u00fc <strong>tek <\/strong>ve<strong> haz\u0131r paket \u00e7\u00f6z\u00fcm\u00fc<\/strong> bulunmamaktad\u0131r. \u00c7\u00f6z\u00fcm\u00fcn ne oldu\u011fu hakk\u0131nda net bir cevap bulunmamaktad\u0131r. Teknoloji h\u0131zl\u0131 bir \u015fekilde de\u011fi\u015fmektedir ancak al\u0131\u015fkanl\u0131klar\u0131 de\u011fi\u015ftirmek olduk\u00e7a zordur. Ger\u00e7i ke\u015fke hi\u00e7 olmasa dedi\u011fimiz pandemi s\u00fcreci, al\u0131\u015fkanl\u0131klar\u0131 de\u011fi\u015ftirme y\u00f6n\u00fcnde muhakkak birtak\u0131m faydalar sa\u011flam\u0131\u015ft\u0131r fakat bunun \u00f6tesinde <strong>dijital d\u00f6n\u00fc\u015f\u00fcm insan, s\u00fcre\u00e7<\/strong> ve <strong>teknoloji<\/strong> gibi \u00e7ok farkl\u0131 unsurlar\u0131 birlikte d\u00f6n\u00fc\u015ft\u00fcrmeyi ve y\u00f6netmeyi gerektirmektedir. Dijital d\u00f6n\u00fc\u015f\u00fcm ayr\u0131ca ge\u00e7mi\u015f, bug\u00fcn ve gelece\u011fi ayn\u0131 anda d\u00fc\u015f\u00fcnmeyi gerektirmektedir\u201d<\/em> dedi.<\/p>","protected":false},"excerpt":{"rendered":"<p>Sorry, this entry is only available in Turkish. For the sake of viewer convenience, the content is shown below in the alternative language. You may click the link to switch the active language. Dijital d\u00f6n\u00fc\u015f\u00fcm i\u015fletmeler i\u00e7in ba\u015far\u0131ya giden uzun bir yolculuk ve bu yolculukta \u015firketlerin nerede olduklar\u0131n\u0131 bilmeleri en kritik konular\u0131n ba\u015f\u0131nda gelmekte. G\u00fcn\u00fcm\u00fczde [&hellip;]<\/p>\n","protected":false},"author":1,"featured_media":145087,"comment_status":"open","ping_status":"open","sticky":false,"template":"","format":"standard","meta":[],"categories":[53,157],"tags":[31910,59515,98115,65918,98114],"views":87,"_links":{"self":[{"href":"https:\/\/www.enerjigazetesi.ist\/en\/wp-json\/wp\/v2\/posts\/145084"}],"collection":[{"href":"https:\/\/www.enerjigazetesi.ist\/en\/wp-json\/wp\/v2\/posts"}],"about":[{"href":"https:\/\/www.enerjigazetesi.ist\/en\/wp-json\/wp\/v2\/types\/post"}],"author":[{"embeddable":true,"href":"https:\/\/www.enerjigazetesi.ist\/en\/wp-json\/wp\/v2\/users\/1"}],"replies":[{"embeddable":true,"href":"https:\/\/www.enerjigazetesi.ist\/en\/wp-json\/wp\/v2\/comments?post=145084"}],"version-history":[{"count":0,"href":"https:\/\/www.enerjigazetesi.ist\/en\/wp-json\/wp\/v2\/posts\/145084\/revisions"}],"wp:featuredmedia":[{"embeddable":true,"href":"https:\/\/www.enerjigazetesi.ist\/en\/wp-json\/wp\/v2\/media\/145087"}],"wp:attachment":[{"href":"https:\/\/www.enerjigazetesi.ist\/en\/wp-json\/wp\/v2\/media?parent=145084"}],"wp:term":[{"taxonomy":"category","embeddable":true,"href":"https:\/\/www.enerjigazetesi.ist\/en\/wp-json\/wp\/v2\/categories?post=145084"},{"taxonomy":"post_tag","embeddable":true,"href":"https:\/\/www.enerjigazetesi.ist\/en\/wp-json\/wp\/v2\/tags?post=145084"}],"curies":[{"name":"wp","href":"https:\/\/api.w.org\/{rel}","templated":true}]}}